{"id":18890,"date":"2013-10-16T18:09:27","date_gmt":"2013-10-16T16:09:27","guid":{"rendered":"http:\/\/stockportal.hu\/?p=18890"},"modified":"2013-10-16T16:50:56","modified_gmt":"2013-10-16T14:50:56","slug":"csutortokon-folytatodik-a-nemet-konzervativok-es-szocialdemokratak-egyeztetese-a-kormanyalakitasrol","status":"publish","type":"post","link":"https:\/\/gazdasagportal.hu\/index.php\/csutortokon-folytatodik-a-nemet-konzervativok-es-szocialdemokratak-egyeztetese-a-kormanyalakitasrol\/","title":{"rendered":"Cs\u00fct\u00f6rt\u00f6k\u00f6n folytat\u00f3dik a n\u00e9met konzervat\u00edvok \u00e9s szoci\u00e1ldemokrat\u00e1k egyeztet\u00e9se a korm\u00e1nyalak\u00edt\u00e1sr\u00f3l"},"content":{"rendered":"<p><strong>Cs\u00fct\u00f6rt\u00f6k\u00f6n folytat\u00f3dik a n\u00e9met konzervat\u00edv CDU\/CSU p\u00e1rtsz\u00f6vets\u00e9g \u00e9s a szoci\u00e1ldemokrata p\u00e1rt (SPD) vezet\u0151inek megbesz\u00e9l\u00e9se a k\u00f6z\u00f6s korm\u00e1nyz\u00e1s lehet\u0151s\u00e9g\u00e9r\u0151l &#8211; k\u00f6z\u00f6lte szerd\u00e1n a CDU.<!--more--><\/strong><\/p>\n<p>A cs\u00fct\u00f6rt\u00f6ki lehet az utols\u00f3, mindent eld\u00f6nt\u0151 tal\u00e1lkoz\u00f3 a n\u00e9met sajt\u00f3ban koal\u00edci\u00f3s p\u00f3kernek nevezett korm\u00e1nyalak\u00edt\u00e1si folyamat els\u0151 szakasz\u00e1ban. A CDU\/CSU \u00e9s a Z\u00f6ldek egyeztet\u00e9se szerda kora hajnalban eredm\u00e9nytelen\u00fcl \u00e9rt v\u00e9get, \u00edgy a Merkel vezette konzervat\u00edvok egyetlen lehets\u00e9ges koal\u00edci\u00f3s partnere az SPD.<br \/>\nA tal\u00e1lkoz\u00f3 a korm\u00e1nyalak\u00edt\u00e1s lehet\u0151s\u00e9geit felt\u00e9rk\u00e9pez\u0151 eddigi egyeztet\u00e9shez k\u00e9pest kor\u00e1bban, kora d\u00e9lut\u00e1n kezd\u0151dik \u00e9s v\u00e1rhat\u00f3an nem tart k\u00e9s\u0151 \u00e9jszak\u00e1ig, mert a CDU eln\u00f6ke, Angela Merkel kancell\u00e1r este hivatal\u00e1ban fogadja Herman Van Rompuy-t, az Eur\u00f3pai Tan\u00e1cs eln\u00f6k\u00e9t.<br \/>\nAmennyiben a k\u00e9t legnagyobb politikai er\u0151nek nem siker\u00fcl meg\u00e1llapodnia a korm\u00e1nyalak\u00edt\u00e1sr\u00f3l, nagy val\u00f3sz\u00edn\u0171s\u00e9ggel el\u0151re hozott v\u00e1laszt\u00e1st tartanak N\u00e9metorsz\u00e1gban, mert a konzervat\u00edvok elz\u00e1rk\u00f3znak a kisebbs\u00e9gi korm\u00e1nyz\u00e1s lehet\u0151s\u00e9g\u00e9t\u0151l, \u00e9s r\u00f6gz\u00edtett\u00e9k, hogy vagy az SPD-vel, vagy a Z\u00f6ldekkel k\u00f6tnek koal\u00edci\u00f3t.<br \/>\nAngela Merkel szerint a k\u00f6vetkez\u0151 n\u00e9met korm\u00e1nynak n\u00e9gy nagy feladata van. Tov\u00e1bb kell folytatnia az eur\u00f3\u00f6vezet stabiliz\u00e1s\u00e1l\u00e1s\u00e1t c\u00e9lz\u00f3 munk\u00e1t, el\u0151 kell mozd\u00edtania az atomenergia haszn\u00e1lat\u00e1nak befejez\u00e9s\u00e9t jelent\u0151 \u00fagynevezett energetikai fordulat \u00fcgy\u00e9t, hozz\u00e1 kell kezdenie a n\u00e9met f\u00f6der\u00e1lis \u00e1llamberendezked\u00e9s \u00fajabb reformj\u00e1hoz, \u00e9s nem utols\u00f3sorban ki kell dolgoznia egy strat\u00e9gi\u00e1t arra, hogy mik\u00e9nt alkalmazkodjon az orsz\u00e1g a t\u00e1rsadalom rohamos el\u00f6reged\u00e9s\u00e9hez &#8211; hangs\u00falyozta Merkel szerd\u00e1n Hannoverben a n\u00e9met b\u00e1nya-, energia \u00e9s vegyipari dolgoz\u00f3k szakszervezet\u00e9nek kongresszus\u00e1n mondott besz\u00e9d\u00e9ben.<br \/>\nAz SPD f\u0151 v\u00e1laszt\u00e1si \u00edg\u00e9ret\u00e9vel, az \u00f3r\u00e1nk\u00e9nti 8,5 eur\u00f3s minim\u00e1lb\u00e9r bevezet\u00e9s\u00e9vel kapcsolatban azt mondta: az \u00fagynevezett tarifaauton\u00f3mia &#8211; b\u00e9rmeg\u00e1llap\u00edt\u00e1si \u00f6n\u00e1ll\u00f3s\u00e1g &#8211; h\u00edve. Tov\u00e1bbra is szakm\u00e1nk\u00e9nt \u00e9s t\u00e9rs\u00e9genk\u00e9nt elt\u00e9r\u0151 minim\u00e1lb\u00e9rre van sz\u00fcks\u00e9g, amelynek m\u00e9rt\u00e9k\u00e9t nem az \u00e1llam, hanem a munkaad\u00f3k \u00e9s munkav\u00e1llal\u00f3k k\u00f6z\u00f6tti alkufolyamat szab\u00e1lyozza &#8211; fejtette ki Merkel, hangs\u00falyozva, hogy t\u00f6megesen ker\u00fclhetnek vesz\u00e9lybe munkahelyek, ha egys\u00e9gesen k\u00f6telez\u0151 minim\u00e1lb\u00e9rt \u00e1llap\u00edtanak meg.<br \/>\nA CDU\/CSU p\u00e1rtsz\u00f6vets\u00e9g nagy f\u00f6l\u00e9nnyel nyerte meg a szeptemberi v\u00e1laszt\u00e1st, de nem szerzett abszol\u00fat t\u00f6bbs\u00e9get, koal\u00edci\u00f3s t\u00e1rsa, a liber\u00e1lis FDP pedig kiesett a Bundestagb\u00f3l, ez\u00e9rt \u00faj partnert kell tal\u00e1lnia a korm\u00e1nyz\u00e1s folytat\u00e1s\u00e1hoz.<br \/>\nAz SPD vezet\u0151i a p\u00e1rt konventj\u00e9nek vas\u00e1rnapi \u00fcl\u00e9s\u00e9n sz\u00e1molnak be az egyeztet\u00e9sek eredm\u00e9ny\u00e9r\u0151l. Amennyiben \u00fagy \u00e9rt\u00e9kelik, hogy az el\u0151zetes megbesz\u00e9l\u00e9sek ut\u00e1n \u00e9rdemes tov\u00e1bbl\u00e9pni a koal\u00edci\u00f3s szerz\u0151d\u00e9sr\u0151l sz\u00f3l\u00f3 t\u00e1rgyal\u00e1sok szakasz\u00e1ba &#8211; \u00e9s ezt a konzervat\u00edvok is \u00edgy l\u00e1tj\u00e1k -, a konvent a besz\u00e1mol\u00f3 alapj\u00e1n eld\u00f6nti, hogy megadja-e a felhatalmaz\u00e1st a p\u00e1rtvezet\u00e9snek a t\u00e1rgyal\u00e1sok megkezd\u00e9s\u00e9hez. Amennyiben siker\u00fcl kidolgozni egy koal\u00edci\u00f3s szerz\u0151d\u00e9st, a szoci\u00e1ldemokrat\u00e1k p\u00e1rtszavaz\u00e1st tartanak, a 472 ezer f\u0151s tags\u00e1g szavazatai alapj\u00e1n d\u00f6ntik el, hogy korm\u00e1nyra l\u00e9pnek-e a konzervat\u00edvokkal.<br \/>\nA 2005-2009 k\u00f6z\u00f6tti, Angela Merkel vezette nagykoal\u00edci\u00f3 fel\u00faj\u00edt\u00e1s\u00e1nak \u00f6tlet\u00e9hez k\u00e9tked\u00e9ssel viszonyul\u00f3 tags\u00e1g r\u00e9szv\u00e9tel\u00e9n alapul\u00f3 d\u00f6nt\u00e9shozatali elj\u00e1r\u00e1sb\u00f3l ad\u00f3d\u00f3an az SPD vezet\u00e9s\u00e9nek igen er\u0151s \u00e9rveket kell felsorakoztatnia a nagykoal\u00edci\u00f3 mellett, eddig azonban nemigen tal\u00e1ltak ilyen \u00e9rveket. N\u00e9met lapok szerdai besz\u00e1mol\u00f3i szerint a konzervat\u00edvokkal folytatott legut\u00f3bbi, nyolc \u00f3r\u00e1n \u00e1t tart\u00f3 t\u00e1rgyal\u00e1s ut\u00e1n kedden kora hajnalban v\u00e9get \u00e9rt egyeztet\u00e9sen szinte semmiben nem jutottak meg\u00e1llapod\u00e1sra.<br \/>\nNem l\u00e1tszanak a kompromisszum k\u00f6rvonalai p\u00e9ld\u00e1ul a munkaer\u0151-piaci szab\u00e1lyoz\u00e1s reformj\u00e1ban, vagy \u00e9ppen a nyugd\u00edj-, az ad\u00f3- \u00e9s a csal\u00e1dt\u00e1mogat\u00e1si rendszer \u00e1talak\u00edt\u00e1s\u00e1nak k\u00e9rd\u00e9s\u00e9ben. Ez\u00e9rt mindent &#8222;a null\u00e1r\u00f3l&#8221; kell kezdeni, ha siker\u00fcl eljutni a koal\u00edci\u00f3s t\u00e1rgyal\u00e1sokig &#8211; emelte ki a Die Welt c\u00edm\u0171 lap. Er\u0151sen vitatott valamennyi p\u00e9nz\u00fcgyi vonatkoz\u00e1s\u00fa \u00fcgy, \u00e9s nincs \u00f6sszhang a jogi term\u00e9szet\u0171 k\u00e9rd\u00e9sekben sem, p\u00e9ld\u00e1ul a kett\u0151s \u00e1llampolg\u00e1rs\u00e1ggal vagy az azonos nem\u0171 p\u00e1rok \u00f6r\u00f6kbefogad\u00e1si jog\u00e1val kapcsolatban &#8211; \u00edrta a S\u00fcddeutsche Zeitung.(MTI)<\/p>\n","protected":false},"excerpt":{"rendered":"<p>Cs\u00fct\u00f6rt\u00f6k\u00f6n folytat\u00f3dik a n\u00e9met konzervat\u00edv CDU\/CSU p\u00e1rtsz\u00f6vets\u00e9g \u00e9s a szoci\u00e1ldemokrata p\u00e1rt (SPD) vezet\u0151inek megbesz\u00e9l\u00e9se a k\u00f6z\u00f6s korm\u00e1nyz\u00e1s lehet\u0151s\u00e9g\u00e9r\u0151l &#8211; k\u00f6z\u00f6lte szerd\u00e1n a CDU.<\/p>\n","protected":false},"author":1,"featured_media":0,"comment_status":"open","ping_status":"closed","sticky":false,"template":"","format":"standard","meta":[],"categories":[12],"tags":[],"_links":{"self":[{"href":"https:\/\/gazdasagportal.hu\/index.php\/wp-json\/wp\/v2\/posts\/18890"}],"collection":[{"href":"https:\/\/gazdasagportal.hu\/index.php\/wp-json\/wp\/v2\/posts"}],"about":[{"href":"https:\/\/gazdasagportal.hu\/index.php\/wp-json\/wp\/v2\/types\/post"}],"author":[{"embeddable":true,"href":"https:\/\/gazdasagportal.hu\/index.php\/wp-json\/wp\/v2\/users\/1"}],"replies":[{"embeddable":true,"href":"https:\/\/gazdasagportal.hu\/index.php\/wp-json\/wp\/v2\/comments?post=18890"}],"version-history":[{"count":1,"href":"https:\/\/gazdasagportal.hu\/index.php\/wp-json\/wp\/v2\/posts\/18890\/revisions"}],"predecessor-version":[{"id":18891,"href":"https:\/\/gazdasagportal.hu\/index.php\/wp-json\/wp\/v2\/posts\/18890\/revisions\/18891"}],"wp:attachment":[{"href":"https:\/\/gazdasagportal.hu\/index.php\/wp-json\/wp\/v2\/media?parent=18890"}],"wp:term":[{"taxonomy":"category","embeddable":true,"href":"https:\/\/gazdasagportal.hu\/index.php\/wp-json\/wp\/v2\/categories?post=18890"},{"taxonomy":"post_tag","embeddable":true,"href":"https:\/\/gazdasagportal.hu\/index.php\/wp-json\/wp\/v2\/tags?post=18890"}],"curies":[{"name":"wp","href":"https:\/\/api.w.org\/{rel}","templated":true}]}}