{"id":18763,"date":"2013-10-15T12:20:15","date_gmt":"2013-10-15T10:20:15","guid":{"rendered":"http:\/\/stockportal.hu\/?p=18763"},"modified":"2013-10-15T12:20:15","modified_gmt":"2013-10-15T10:20:15","slug":"irani-atomprogram-izrael-kemeny-targyalasokat-szorgalmaz","status":"publish","type":"post","link":"https:\/\/gazdasagportal.hu\/index.php\/irani-atomprogram-izrael-kemeny-targyalasokat-szorgalmaz\/","title":{"rendered":"Ir\u00e1ni atomprogram &#8211; Izrael kem\u00e9ny t\u00e1rgyal\u00e1sokat szorgalmaz"},"content":{"rendered":"<p><strong>Ir\u00e1n atomprogramj\u00e1nak visszafejleszt\u00e9s\u00e9t k\u00e9ri Izrael a nagyhatalmakt\u00f3l a nukle\u00e1ris t\u00e1rgyal\u00e1sok genfi \u00fajrakezd\u00e9sekor, tov\u00e1bb\u00e1 azt, hogy id\u0151 el\u0151tt ne enyh\u00edtsenek a gazdas\u00e1gi szankci\u00f3kon &#8211; \u00e1ll a biztons\u00e1gi kabinet egyhang\u00falag elfogadott, kedden nyilv\u00e1noss\u00e1gra hozott hat\u00e1rozat\u00e1ban.<!--more--><\/strong><\/p>\n<p>Ennek a gr\u00e9miumnak \u00e1ltal\u00e1ban titkosak a d\u00f6nt\u00e9sei, csak ritka alkalmakkor ker\u00fclnek nyilv\u00e1noss\u00e1gra. A korm\u00e1ny sajt\u00f3hivatala \u00e1ltal ez\u00fattal k\u00f6zz\u00e9tett hat\u00e1rozat felsz\u00f3l\u00edtja a genfi t\u00e1rgyal\u00e1son Ir\u00e1nnal szemben t\u00e1rgyal\u00f3 feleket az ur\u00e1niumd\u00fas\u00edt\u00f3, a neh\u00e9zvizet el\u0151\u00e1ll\u00edt\u00f3 \u00e9s a plut\u00f3niumtermel\u0151 l\u00e9tes\u00edtm\u00e9nyek felsz\u00e1mol\u00e1s\u00e1nak, valamint a hasad\u00f3anyag k\u00fclf\u00f6ldre sz\u00e1ll\u00edt\u00e1s\u00e1nak szorgalmaz\u00e1s\u00e1ra.<br \/>\nA sz\u00f6veg ugyanakkor nem ism\u00e9tli meg azt a m\u00e1r t\u00f6bbsz\u00f6r elhangzott fenyeget\u00e9st, hogy Izrael k\u00e9sz egyed\u00fcl is megakad\u00e1lyozni az iszl\u00e1m k\u00f6zt\u00e1rsas\u00e1g nukle\u00e1ris fegyverhez jut\u00e1s\u00e1t.<br \/>\nAz izraeli felh\u00edv\u00e1s k\u00e9ts\u00e9gbe vonja Ir\u00e1n atomprogramj\u00e1nak polg\u00e1ri c\u00e9ljait, mert &#8222;b\u00e9k\u00e9s programokhoz nincs sz\u00fcks\u00e9g ur\u00e1niumd\u00fas\u00edt\u00e1sra vagy plut\u00f3nium el\u0151\u00e1ll\u00edt\u00e1s\u00e1ra&#8221;. &#8222;T\u00f6rt\u00e9nelmi hiba lenne nem teljes m\u00e9rt\u00e9kben kihaszn\u00e1lni a szankci\u00f3kat, engedm\u00e9nyeket tenni azel\u0151tt, hogy megbizonyosodn\u00e1nak Ir\u00e1n nukle\u00e1ris programj\u00e1nak le\u00e1ll\u00edt\u00e1s\u00e1r\u00f3l&#8221; &#8211; \u00e1ll a hat\u00e1rozatban.<br \/>\nA jeruzs\u00e1lemi felh\u00edv\u00e1s hangs\u00falyozza, hogy Teher\u00e1n mindeddig megszegte az ENSZ Biztons\u00e1gi Tan\u00e1cs\u00e1nak az ir\u00e1ni nukle\u00e1ris program \u00e9s ballisztikusrak\u00e9ta-program besz\u00fcntet\u00e9s\u00e9t k\u00f6vetel\u0151 hat\u00e1rozatait, s hogy az iszl\u00e1m k\u00f6zt\u00e1rsas\u00e1g fenyeget\u00e9st jelent a K\u00f6zel-Keletre, Eur\u00f3p\u00e1ra, az Egyes\u00fclt \u00c1llamokra \u00e9s m\u00e1s orsz\u00e1gokra n\u00e9zve.<br \/>\nGenfben k\u00f6zben a nyilatkozat kibocs\u00e1t\u00e1sa ut\u00e1n nem sokkal megkezd\u0151dtek a k\u00e9tnaposra tervezett t\u00e1rgyal\u00e1sok a Hatok n\u00e9ven emlegetett, az Egyes\u00fclt \u00c1llamokat, K\u00edn\u00e1t, Franciaorsz\u00e1got, Nagy-Britanni\u00e1t, Oroszorsz\u00e1got \u00e9s N\u00e9metorsz\u00e1got t\u00f6m\u00f6r\u00edt\u0151 csoport, valamint Ir\u00e1n k\u00f6z\u00f6tt Teher\u00e1n atomprogramj\u00e1r\u00f3l.(MTI)<\/p>\n","protected":false},"excerpt":{"rendered":"<p>Ir\u00e1n atomprogramj\u00e1nak visszafejleszt\u00e9s\u00e9t k\u00e9ri Izrael a nagyhatalmakt\u00f3l a nukle\u00e1ris t\u00e1rgyal\u00e1sok genfi \u00fajrakezd\u00e9sekor, tov\u00e1bb\u00e1 azt, hogy id\u0151 el\u0151tt ne enyh\u00edtsenek a gazdas\u00e1gi szankci\u00f3kon &#8211; \u00e1ll a biztons\u00e1gi kabinet egyhang\u00falag elfogadott, kedden nyilv\u00e1noss\u00e1gra hozott hat\u00e1rozat\u00e1ban.<\/p>\n","protected":false},"author":1,"featured_media":1347,"comment_status":"open","ping_status":"closed","sticky":false,"template":"","format":"standard","meta":[],"categories":[16],"tags":[],"_links":{"self":[{"href":"https:\/\/gazdasagportal.hu\/index.php\/wp-json\/wp\/v2\/posts\/18763"}],"collection":[{"href":"https:\/\/gazdasagportal.hu\/index.php\/wp-json\/wp\/v2\/posts"}],"about":[{"href":"https:\/\/gazdasagportal.hu\/index.php\/wp-json\/wp\/v2\/types\/post"}],"author":[{"embeddable":true,"href":"https:\/\/gazdasagportal.hu\/index.php\/wp-json\/wp\/v2\/users\/1"}],"replies":[{"embeddable":true,"href":"https:\/\/gazdasagportal.hu\/index.php\/wp-json\/wp\/v2\/comments?post=18763"}],"version-history":[{"count":1,"href":"https:\/\/gazdasagportal.hu\/index.php\/wp-json\/wp\/v2\/posts\/18763\/revisions"}],"predecessor-version":[{"id":18764,"href":"https:\/\/gazdasagportal.hu\/index.php\/wp-json\/wp\/v2\/posts\/18763\/revisions\/18764"}],"wp:featuredmedia":[{"embeddable":true,"href":"https:\/\/gazdasagportal.hu\/index.php\/wp-json\/wp\/v2\/media\/1347"}],"wp:attachment":[{"href":"https:\/\/gazdasagportal.hu\/index.php\/wp-json\/wp\/v2\/media?parent=18763"}],"wp:term":[{"taxonomy":"category","embeddable":true,"href":"https:\/\/gazdasagportal.hu\/index.php\/wp-json\/wp\/v2\/categories?post=18763"},{"taxonomy":"post_tag","embeddable":true,"href":"https:\/\/gazdasagportal.hu\/index.php\/wp-json\/wp\/v2\/tags?post=18763"}],"curies":[{"name":"wp","href":"https:\/\/api.w.org\/{rel}","templated":true}]}}