{"id":18739,"date":"2013-10-15T08:27:30","date_gmt":"2013-10-15T06:27:30","guid":{"rendered":"http:\/\/stockportal.hu\/?p=18739"},"modified":"2013-10-15T08:27:30","modified_gmt":"2013-10-15T06:27:30","slug":"irorszag-es-spanyolorszag-is-meg-az-ev-vege-elott-kilephet-az-unios-mentoprogrambol","status":"publish","type":"post","link":"https:\/\/gazdasagportal.hu\/index.php\/irorszag-es-spanyolorszag-is-meg-az-ev-vege-elott-kilephet-az-unios-mentoprogrambol\/","title":{"rendered":"\u00cdrorsz\u00e1g \u00e9s Spanyolorsz\u00e1g is m\u00e9g az \u00e9v v\u00e9ge el\u0151tt kil\u00e9phet az uni\u00f3s ment\u0151programb\u00f3l"},"content":{"rendered":"<p><strong>\u00cdrorsz\u00e1g \u00e9s Spanyolorsz\u00e1g is m\u00e9g az \u00e9v v\u00e9ge el\u0151tt kil\u00e9phet az uni\u00f3s ment\u0151programb\u00f3l &#8211; k\u00f6z\u00f6lte az eur\u00f3z\u00f3na p\u00e9nz\u00fcgyminisztereit t\u00f6m\u00f6r\u00edt\u0151 Eur\u00f3csoport tan\u00e1cskoz\u00e1sa ut\u00e1n Jeroen Dijsselbloem holland p\u00e9nz\u00fcgyminiszter, a csoport eln\u00f6ke h\u00e9tf\u0151n este Luxembourgban.<!--more--><\/strong><\/p>\n<p>A politikus elmondta: arr\u00f3l egyel\u0151re nem d\u00f6nt\u00f6ttek, hogy a programok v\u00e9gezt\u00e9vel a k\u00e9t orsz\u00e1gnak van-e sz\u00fcks\u00e9ge b\u00e1rmilyen tov\u00e1bbi k\u00e9szenl\u00e9ti, el\u0151vigy\u00e1zatoss\u00e1gi hitelre, \u00e9s ha igen, milyen form\u00e1ban. Ezt a k\u00f6vetkez\u0151 novemberi tan\u00e1cskoz\u00e1son \u00fajra el\u0151vessz\u00fck, err\u0151l akkor sz\u00fclethet d\u00f6nt\u00e9s &#8211; tudatta.<br \/>\nA holland p\u00e9nz\u00fcgyminiszter \u00fagy v\u00e9lekedett, hogy mindk\u00e9t orsz\u00e1g k\u00f6lts\u00e9gvet\u00e9si kil\u00e1t\u00e1sai javulnak, illetve jelent\u0151s p\u00e9nz\u00fcgyi konszolid\u00e1ci\u00f3 val\u00f3sult meg.<br \/>\n\u00cdrorsz\u00e1g a k\u00f6vetkez\u0151 fel\u00fclvizsg\u00e1lat lez\u00e1rult\u00e1t k\u00f6vet\u0151en 2,3 milli\u00e1rd eur\u00f3hoz juthat m\u00e9g hozz\u00e1. Portug\u00e1lia a j\u00f6v\u0151 \u00e9v k\u00f6zep\u00e9n l\u00e9phet ki a ment\u0151programb\u00f3l, az ottani reformok is kezdenek be\u00e9rni, javul a versenyk\u00e9pess\u00e9g, a gazdas\u00e1g kezd exportvez\u00e9relt egyens\u00falyba ker\u00fclni, de jogi \u00e9s oktat\u00e1si reformra m\u00e9g p\u00e9ld\u00e1ul sz\u00fcks\u00e9g van &#8211; tette hozz\u00e1.<br \/>\nG\u00f6r\u00f6gorsz\u00e1gr\u00f3l sz\u00f3lva az Eur\u00f3csoport vezet\u0151je kijelentette, hogy jelent\u0151s konszolid\u00e1ci\u00f3s er\u0151fesz\u00edt\u00e9sek t\u00f6rt\u00e9ntek, Ath\u00e9n pedig az\u00e9rt k\u00fczd, hogy pozit\u00edv struktur\u00e1lis m\u00e9rleget tudjon felmutatni. Tov\u00e1bbra sem nyilatkozott azonban egy\u00e9rtelm\u0171en arr\u00f3l, ami Br\u00fcsszelben h\u00f3napok \u00f3ta kering a nemzetk\u00f6zi sajt\u00f3ban, vagyis, hogy G\u00f6r\u00f6gorsz\u00e1gnak lesz-e m\u00e9g sz\u00fcks\u00e9ge tov\u00e1bbi seg\u00edts\u00e9gre, p\u00e9nzre. Decemberben-janu\u00e1rban m\u00e9rj\u00fck majd fel, hogy van-e r\u00e9s a finansz\u00edroz\u00e1sban, a 2014 ut\u00e1ni sz\u00fcks\u00e9gleteket pedig a j\u00f6v\u0151 \u00e9v folyam\u00e1n \u00e9rt\u00e9kelj\u00fck majd &#8211; k\u00f6z\u00f6lte.<br \/>\nA p\u00e9nz\u00fcgyminiszterek \u00e1ttekintett\u00e9k, hogyan \u00e1ll a bankuni\u00f3. Jeroen Dijsselbloem megeml\u00edtette, hogy heteken bel\u00fcl hat\u00e1lyba l\u00e9p a k\u00f6z\u00f6s bankfel\u00fcgyelet. A bajba ker\u00fcl\u0151 bankok felt\u0151k\u00e9s\u00edt\u00e9s\u00e9vel kapcsolatban pedig meger\u0151s\u00edtette kor\u00e1bbi nyilatkozat\u00e1t, miszerint az eur\u00f3z\u00f3na \u00e1lland\u00f3 ment\u0151alapj\u00e1b\u00f3l, az Eur\u00f3pa Stabilit\u00e1si Mechanizmusb\u00f3l (ESM) csak a legv\u00e9gs\u0151 esetben lehet majd felt\u0151k\u00e9s\u00edteni, megmenteni bajba jutott p\u00e9nzint\u00e9zeteket. Els\u0151k\u00e9nt a mag\u00e1nszektor lehet\u0151s\u00e9geit \u00e9s a bels\u0151 forr\u00e1sokat kell felm\u00e9rni, ha ez a lehet\u0151s\u00e9g nem elegend\u0151, akkor az adott tag\u00e1llam az \u00e1llami t\u00e1mogat\u00e1sok szab\u00e1lyait betartva kell megold\u00e1st tal\u00e1ljon a helyzetre, \u00e9s csak ha erre nem k\u00e9pes, akkor vehet\u0151ek ig\u00e9nybe az ESM forr\u00e1sai.<br \/>\nDijsselbloem besz\u00e9lt a bankszan\u00e1l\u00e1si mechanizmussal kapcsolatos egyeztet\u00e9sek \u00e1ll\u00e1s\u00e1r\u00f3l is. A bankszan\u00e1l\u00e1si \u00e9s talpra \u00e1ll\u00edt\u00e1si ir\u00e1nyelv \u00e9rtelm\u00e9ben lesznek tag\u00e1llami bankszan\u00e1l\u00e1si alapok, \u00e9s egys\u00e9ges bankszan\u00e1l\u00e1si mechanizmus is l\u00e9tre fog j\u00f6nni, amelyet a p\u00e9nz\u00fcgyi szektorra kivetett ad\u00f3kb\u00f3l t\u00f6lten\u00e9nek fel. Ennek felt\u00f6lt\u00e9se viszont ak\u00e1r \u00e9vekig is tarthat, addig az ESM mintegy \u00e1thidal\u00f3k\u00e9nt l\u00e9phetne k\u00f6zbe a szan\u00e1l\u00e1si alap helyett, amely viszont ut\u00f3lag szedn\u00e9 be a bankszektort\u00f3l a szan\u00e1l\u00e1sra ford\u00edtott forr\u00e1sokat &#8211; magyar\u00e1zta Jeroen Dijsselbloem.<br \/>\nOlli Rehn, az Eur\u00f3pai Bizotts\u00e1g p\u00e9nz\u00fcgyi biztosa is arr\u00f3l besz\u00e9lt, hogy a bajba jutott bankok megment\u00e9s\u00e9n\u00e9l vil\u00e1gos sorrendet kell fel\u00e1ll\u00edtani azzal kapcsolatban, hogy a k\u00fcl\u00f6nb\u00f6z\u0151 forr\u00e1sokat mikor \u00e9s hogyan lehet bevonni a p\u00e9nzint\u00e9zet talpra \u00e1ll\u00edt\u00e1s\u00e1ba.<br \/>\n&#8222;Az ad\u00f3fizet\u0151ket meg kell k\u00edm\u00e9lni, a p\u00e9nz\u00fcgyi stabilit\u00e1st pedig meg kell \u0151rizni&#8221; &#8211; sz\u00f6gezte le Rehn, aki egyet\u00e9rtett Dijsselbloemmal abban, hogy els\u0151k\u00e9nt a tulajdonnal rendelkez\u0151 mag\u00e1nbefektet\u0151k, r\u00e9szv\u00e9nyesek \u00e9s a h\u00e1trasorolt k\u00f6vetel\u00e9sekkel rendelkez\u0151 hitelez\u0151k, k\u00f6tv\u00e9nyesek forr\u00e1sait kell felhaszn\u00e1lni a p\u00e9nzint\u00e9zet megment\u00e9sekor.(MTI)<\/p>\n","protected":false},"excerpt":{"rendered":"<p>\u00cdrorsz\u00e1g \u00e9s Spanyolorsz\u00e1g is m\u00e9g az \u00e9v v\u00e9ge el\u0151tt kil\u00e9phet az uni\u00f3s ment\u0151programb\u00f3l &#8211; k\u00f6z\u00f6lte az eur\u00f3z\u00f3na p\u00e9nz\u00fcgyminisztereit t\u00f6m\u00f6r\u00edt\u0151 Eur\u00f3csoport tan\u00e1cskoz\u00e1sa ut\u00e1n Jeroen Dijsselbloem holland p\u00e9nz\u00fcgyminiszter, a csoport eln\u00f6ke h\u00e9tf\u0151n este Luxembourgban.<\/p>\n","protected":false},"author":1,"featured_media":18740,"comment_status":"open","ping_status":"closed","sticky":false,"template":"","format":"standard","meta":[],"categories":[12],"tags":[],"_links":{"self":[{"href":"https:\/\/gazdasagportal.hu\/index.php\/wp-json\/wp\/v2\/posts\/18739"}],"collection":[{"href":"https:\/\/gazdasagportal.hu\/index.php\/wp-json\/wp\/v2\/posts"}],"about":[{"href":"https:\/\/gazdasagportal.hu\/index.php\/wp-json\/wp\/v2\/types\/post"}],"author":[{"embeddable":true,"href":"https:\/\/gazdasagportal.hu\/index.php\/wp-json\/wp\/v2\/users\/1"}],"replies":[{"embeddable":true,"href":"https:\/\/gazdasagportal.hu\/index.php\/wp-json\/wp\/v2\/comments?post=18739"}],"version-history":[{"count":1,"href":"https:\/\/gazdasagportal.hu\/index.php\/wp-json\/wp\/v2\/posts\/18739\/revisions"}],"predecessor-version":[{"id":18741,"href":"https:\/\/gazdasagportal.hu\/index.php\/wp-json\/wp\/v2\/posts\/18739\/revisions\/18741"}],"wp:featuredmedia":[{"embeddable":true,"href":"https:\/\/gazdasagportal.hu\/index.php\/wp-json\/wp\/v2\/media\/18740"}],"wp:attachment":[{"href":"https:\/\/gazdasagportal.hu\/index.php\/wp-json\/wp\/v2\/media?parent=18739"}],"wp:term":[{"taxonomy":"category","embeddable":true,"href":"https:\/\/gazdasagportal.hu\/index.php\/wp-json\/wp\/v2\/categories?post=18739"},{"taxonomy":"post_tag","embeddable":true,"href":"https:\/\/gazdasagportal.hu\/index.php\/wp-json\/wp\/v2\/tags?post=18739"}],"curies":[{"name":"wp","href":"https:\/\/api.w.org\/{rel}","templated":true}]}}