{"id":18737,"date":"2013-10-15T08:03:29","date_gmt":"2013-10-15T06:03:29","guid":{"rendered":"http:\/\/stockportal.hu\/?p=18737"},"modified":"2013-10-15T08:03:29","modified_gmt":"2013-10-15T06:03:29","slug":"tovabb-folytatja-az-egyeztetest-a-kormanyalakitasrol-a-nemet-cducsu-es-az-spd","status":"publish","type":"post","link":"https:\/\/gazdasagportal.hu\/index.php\/tovabb-folytatja-az-egyeztetest-a-kormanyalakitasrol-a-nemet-cducsu-es-az-spd\/","title":{"rendered":"Tov\u00e1bb folytatja az egyeztet\u00e9st a korm\u00e1nyalak\u00edt\u00e1sr\u00f3l a n\u00e9met CDU\/CSU \u00e9s az SPD"},"content":{"rendered":"<p><strong>N\u00e9metorsz\u00e1gban v\u00e1rhat\u00f3an harmadszor is tal\u00e1lkoznak majd a CDU\/CSU konzervat\u00edv p\u00e1rtsz\u00f6vets\u00e9g \u00e9s a szoci\u00e1ldemokrata p\u00e1rt (SPD) vezet\u0151i, hogy felt\u00e9rk\u00e9pezz\u00e9k a k\u00f6z\u00f6s korm\u00e1nyalak\u00edt\u00e1s lehet\u0151s\u00e9geit.<!--more--><\/strong><\/p>\n<p>A parlamenti v\u00e1laszt\u00e1sokon gy\u0151ztes konzervat\u00edv p\u00e1rtok \u00e9s a szoci\u00e1ldemokrat\u00e1k berlini megbesz\u00e9l\u00e9seinek t\u00f6bb mint nyolc \u00f3r\u00e1n \u00e1t tart\u00f3 m\u00e1sodik fordul\u00f3j\u00e1t k\u00f6vet\u0151en a CDU, a bajor CSU \u00e9s az SPD f\u0151titk\u00e1ra is azt mondta keddre virrad\u00f3 \u00e9jjel, hogy nem \u00e1llapodtak meg semmiben, \u00e9s val\u00f3sz\u00edn\u0171leg cs\u00fct\u00f6rt\u00f6k\u00f6n ism\u00e9t tal\u00e1lkoznak majd.<br \/>\nA meg\u00e1llapod\u00e1s nem is volt c\u00e9l, hiszen a koal\u00edci\u00f3s korm\u00e1nyz\u00e1shoz sz\u00fcks\u00e9ges kompromisszumokat nem a puhatol\u00f3z\u00f3 megbesz\u00e9l\u00e9seken, hanem a hivatalos koal\u00edci\u00f3s t\u00e1rgyal\u00e1sokon kell megk\u00f6tni &#8211; mondta Hermann Gr\u00f6he, a CDU f\u0151titk\u00e1ra. Arr\u00f3l pedig legkor\u00e1bban a Z\u00f6ldek vezet\u0151ivel keddre szervezett tal\u00e1lkoz\u00f3 \u00e9s az \u00f6sszes megbesz\u00e9l\u00e9s \u00e9rt\u00e9kel\u00e9se ut\u00e1n lehet d\u00f6nteni, hogy mely p\u00e1rttal \u00e9rdemes koal\u00edci\u00f3s t\u00e1rgyal\u00e1st kezdeni &#8211; tette hozz\u00e1.<br \/>\nHangs\u00falyozta: a korm\u00e1nyalak\u00edt\u00e1si folyamat els\u0151, el\u0151k\u00e9sz\u00edt\u0151 szakasza nem tart m\u00e1r sok\u00e1ig, a konzervat\u00edvok a Bundestag alakul\u00f3 \u00fcl\u00e9s\u00e9ig, okt\u00f3ber 22-ig elhat\u00e1rozz\u00e1k, hogy a szoci\u00e1ldemokrat\u00e1kkal vagy a Z\u00f6ldekkel pr\u00f3b\u00e1lnak-e korm\u00e1nyt alak\u00edtani.<br \/>\nAndrea Nahles, az SPD f\u0151titk\u00e1ra kiemelte: az eddigi tal\u00e1lkoz\u00f3k alapj\u00e1n a szoci\u00e1ldemokrat\u00e1k deleg\u00e1ci\u00f3ja egyel\u0151re nem tudja javasolni a p\u00e1rt kib\u0151v\u00edtett v\u00e1lasztm\u00e1ny\u00e1nak &#8211; konventj\u00e9nek -, hogy adjon felhatalmaz\u00e1st koal\u00edci\u00f3s t\u00e1rgyal\u00e1sokra. A konvent vas\u00e1rnap \u00fcl\u00e9sezik.<br \/>\nA konzervat\u00edvok nagy f\u00f6l\u00e9nnyel nyert\u00e9k meg a szeptemberi v\u00e1laszt\u00e1st, de nem szereztek abszol\u00fat t\u00f6bbs\u00e9get, koal\u00edci\u00f3s t\u00e1rsuk, a liber\u00e1lis FDP pedig kiesett a Bundestagb\u00f3l, ez\u00e9rt \u00faj partnert kell tal\u00e1lniuk a korm\u00e1nyz\u00e1s folytat\u00e1s\u00e1hoz. Elemz\u0151k szerint legink\u00e1bb az val\u00f3sz\u00edn\u0171, hogy fel\u00faj\u00edtj\u00e1k a nagykoal\u00edci\u00f3t a szoci\u00e1ldemokrat\u00e1kkal, akikkel legut\u00f3bb a 2005-2009-es ciklusban korm\u00e1nyoztak egy\u00fctt.<br \/>\nA kedd hajnalban v\u00e9get \u00e9rt megbesz\u00e9l\u00e9s tartalm\u00e1r\u00f3l egyik p\u00e1rt f\u0151titk\u00e1ra sem k\u00f6z\u00f6lt r\u00e9szleteket, de mindh\u00e1rman kiemelt\u00e9k, hogy egyre vil\u00e1gosabban l\u00e1tszanak a jobb- \u00e9s baloldali elk\u00e9pzel\u00e9sek k\u00f6z\u00f6s pontjai \u00e9s elt\u00e9r\u00e9sei. Azt is elmondt\u00e1k m\u00e9g, hogy els\u0151sorban az Eur\u00f3pa-politik\u00e1r\u00f3l \u00e9s a munkaer\u0151piaci szab\u00e1lyoz\u00e1sr\u00f3l besz\u00e9ltek, de az oktat\u00e1s \u00e9s az infrastrukt\u00fara fejleszt\u00e9s\u00e9t\u0151l a bev\u00e1ndorl\u00e1si politik\u00e1ig egy sor tov\u00e1bbi t\u00e9m\u00e1t is \u00e1ttekintettek.<br \/>\nT\u00f6bb n\u00e9met k\u00f6zszolg\u00e1lati telev\u00edzi\u00f3 a z\u00e1rt ajt\u00f3k m\u00f6g\u00f6tt tartott t\u00e1rgyal\u00e1s r\u00e9sztvev\u0151ire hivatkozva h\u00e9tf\u0151n k\u00e9s\u0151 este azt jelentette, hogy a k\u00e9t legnagyobb politikai er\u0151 k\u00e9pvisel\u0151i olyan intenz\u00edv t\u00e1rgyal\u00e1st folytatnak, mintha m\u00e1r a koal\u00edci\u00f3s szerz\u0151d\u00e9st k\u00e9sz\u00edtetn\u00e9k el\u0151.<br \/>\nA konzervat\u00edvok jelezt\u00e9k, nyitottak arra a baloldali k\u00f6vetel\u00e9sre, hogy az eur\u00f3\u00f6vezeti v\u00e1ls\u00e1g kezel\u00e9s\u00e9ben er\u0151s\u00edts\u00e9k a gazdas\u00e1g\u00f6szt\u00f6nz\u0151 elemeket, az SPD pedig jelezte, hogy el\u00e1ll a k\u00fcl\u00f6n-k\u00fcl\u00f6n felhalmozott \u00e1llamad\u00f3ss\u00e1g k\u00f6z\u00f6s t\u00f6rleszt\u00e9s\u00e9re vonatkoz\u00f3 tervekt\u0151l, k\u00f6zt\u00fck a k\u00f6z\u00f6s eur\u00f3\u00f6vezeti k\u00f6tv\u00e9ny bevezet\u00e9s\u00e9t\u0151l.<br \/>\nAz egyik legnagyobb vita a minim\u00e1lb\u00e9r \u00fcgye k\u00f6r\u00fcl lehetett a semleges helysz\u00ednen, z\u00e1rt klubk\u00e9nt m\u0171k\u00f6d\u0151 n\u00e9met parlament\u00e1ris t\u00e1rsas\u00e1g sz\u00e9kh\u00e1z\u00e1ban rendezett tal\u00e1lkoz\u00f3n. Az SPD csak akkor hajland\u00f3 korm\u00e1nyra l\u00e9pni a konzervat\u00edvokkal, ha t\u00f6rv\u00e9nyt hoznak az egys\u00e9gesen k\u00f6telez\u0151, \u00f3r\u00e1nk\u00e9nti 8,5 eur\u00f3s minim\u00e1lb\u00e9r bevezet\u00e9s\u00e9r\u0151l. A konzervat\u00edvok szerint nem kell v\u00e1ltoztatni az eddigi gyakorlaton, tov\u00e1bbra is szakm\u00e1nk\u00e9nt \u00e9s t\u00e9rs\u00e9genk\u00e9nt elt\u00e9r\u0151 minim\u00e1lb\u00e9rre van sz\u00fcks\u00e9g. A k\u00e9rd\u00e9s jelent\u0151s\u00e9g\u00e9t mutatja, hogy a keleti tartom\u00e1nyokban, a volt NDK ter\u00fclet\u00e9n minden negyedik munkav\u00e1llal\u00f3 \u00f3rab\u00e9re elmarad a 8,5 eur\u00f3t\u00f3l, \u00e9s nyugaton is a munkav\u00e1llal\u00f3k t\u00f6bb mint 10 sz\u00e1zal\u00e9ka ebbe a kateg\u00f3ri\u00e1ba tartozik.(MTI)<\/p>\n","protected":false},"excerpt":{"rendered":"<p>N\u00e9metorsz\u00e1gban v\u00e1rhat\u00f3an harmadszor is tal\u00e1lkoznak majd a CDU\/CSU konzervat\u00edv p\u00e1rtsz\u00f6vets\u00e9g \u00e9s a szoci\u00e1ldemokrata p\u00e1rt (SPD) vezet\u0151i, hogy felt\u00e9rk\u00e9pezz\u00e9k a k\u00f6z\u00f6s korm\u00e1nyalak\u00edt\u00e1s lehet\u0151s\u00e9geit.<\/p>\n","protected":false},"author":1,"featured_media":0,"comment_status":"open","ping_status":"closed","sticky":false,"template":"","format":"standard","meta":[],"categories":[12],"tags":[],"_links":{"self":[{"href":"https:\/\/gazdasagportal.hu\/index.php\/wp-json\/wp\/v2\/posts\/18737"}],"collection":[{"href":"https:\/\/gazdasagportal.hu\/index.php\/wp-json\/wp\/v2\/posts"}],"about":[{"href":"https:\/\/gazdasagportal.hu\/index.php\/wp-json\/wp\/v2\/types\/post"}],"author":[{"embeddable":true,"href":"https:\/\/gazdasagportal.hu\/index.php\/wp-json\/wp\/v2\/users\/1"}],"replies":[{"embeddable":true,"href":"https:\/\/gazdasagportal.hu\/index.php\/wp-json\/wp\/v2\/comments?post=18737"}],"version-history":[{"count":1,"href":"https:\/\/gazdasagportal.hu\/index.php\/wp-json\/wp\/v2\/posts\/18737\/revisions"}],"predecessor-version":[{"id":18738,"href":"https:\/\/gazdasagportal.hu\/index.php\/wp-json\/wp\/v2\/posts\/18737\/revisions\/18738"}],"wp:attachment":[{"href":"https:\/\/gazdasagportal.hu\/index.php\/wp-json\/wp\/v2\/media?parent=18737"}],"wp:term":[{"taxonomy":"category","embeddable":true,"href":"https:\/\/gazdasagportal.hu\/index.php\/wp-json\/wp\/v2\/categories?post=18737"},{"taxonomy":"post_tag","embeddable":true,"href":"https:\/\/gazdasagportal.hu\/index.php\/wp-json\/wp\/v2\/tags?post=18737"}],"curies":[{"name":"wp","href":"https:\/\/api.w.org\/{rel}","templated":true}]}}