{"id":18733,"date":"2013-10-15T07:19:05","date_gmt":"2013-10-15T05:19:05","guid":{"rendered":"http:\/\/stockportal.hu\/?p=18733"},"modified":"2013-10-14T20:20:03","modified_gmt":"2013-10-14T18:20:03","slug":"svajci-szakertok-megerositettek-arafat-halala-kapcsan-a-mergezes-lehetoseget","status":"publish","type":"post","link":"https:\/\/gazdasagportal.hu\/index.php\/svajci-szakertok-megerositettek-arafat-halala-kapcsan-a-mergezes-lehetoseget\/","title":{"rendered":"Sv\u00e1jci szak\u00e9rt\u0151k meger\u0151s\u00edtett\u00e9k Arafat hal\u00e1la kapcs\u00e1n a m\u00e9rgez\u00e9s lehet\u0151s\u00e9g\u00e9t"},"content":{"rendered":"<p><strong>Meger\u0151s\u00edtett\u00e9k a n\u00e9hai Jasszer Arafat szem\u00e9lyes t\u00e1rgyait vizsg\u00e1l\u00f3 sv\u00e1jci szak\u00e9rt\u0151k annak a lehet\u0151s\u00e9g\u00e9t, hogy a volt palesztin eln\u00f6k\u00f6t radioakt\u00edv anyaggal megm\u00e9rgezt\u00e9k &#8211; \u00edrta h\u00e9tf\u0151n megjelent sz\u00e1m\u00e1ban a The Lancet c\u00edm\u0171 brit orvosi szaklap.<!--more--><\/strong><\/p>\n<p>A lausanne-i egyetemi k\u00f3rh\u00e1z radiofizikai int\u00e9zet\u00e9nek szak\u00e9rt\u0151i szerint &#8222;a testnedveket (v\u00e9rt \u00e9s vizeletet) tartalmaz\u00f3 leletek megmagyar\u00e1zhatatlan \u00e9s magasabb radioaktivit\u00e1st mutattak a 210-es pol\u00f3niumb\u00f3l a norm\u00e1l \u00e9rt\u00e9kekhez k\u00e9pest&#8221;. Ezek a szak\u00e9rt\u0151k m\u00e1r 2012 j\u00falius\u00e1ban is azt \u00e1ll\u00edtott\u00e1k az al-Dzsaz\u00edra arab telev\u00edzi\u00f3 \u00e1ltal k\u00f6zz\u00e9tett dokumentumokban a szem\u00e9lyes t\u00e1rgyak (feh\u00e9rnem\u0171, sapka, fogkefe) vizsg\u00e1lata ut\u00e1n, hogy Jasszer Arafat kilenc \u00e9vvel ezel\u0151tti hal\u00e1l\u00e1t val\u00f3sz\u00edn\u0171leg az okozta, hogy pol\u00f3niummal megm\u00e9rgezt\u00e9k.<br \/>\nA jegyz\u0151k\u00f6nyv szerint &#8222;ezek az eredm\u00e9nyek al\u00e1t\u00e1masztj\u00e1k annak a lehet\u0151s\u00e9g\u00e9t, hogy Arafatot 210-es pol\u00f3niummal megm\u00e9rgezt\u00e9k&#8221;. A szak\u00e9rt\u0151k annak ellen\u00e9re nem z\u00e1rj\u00e1k ki a m\u00e9rgez\u00e9s lehet\u0151s\u00e9g\u00e9t, hogy hal\u00e1lakor Arafatn\u00e1l nem \u00e9szlelt\u00e9k a jelent\u0151s sug\u00e1rz\u00e1s k\u00e9t fontos jel\u00e9t: a hajhull\u00e1st \u00e9s a csontvel\u0151 el\u00e9gtelen m\u0171k\u00f6d\u00e9s\u00e9b\u0151l fakad\u00f3 v\u00e9rszeg\u00e9nys\u00e9get. A palesztin vezet\u0151n\u00e9l \u00e9szlelt t\u00fcnetek (h\u00e1ny\u00e1s, f\u00e1radts\u00e1g, hasmen\u00e9s, \u00e9tv\u00e1gytalans\u00e1g, majd m\u00e1j- \u00e9s veseel\u00e9gtelens\u00e9g) viszont utalhatnak radioakt\u00edv anyaggal t\u00f6rt\u00e9nt m\u00e9rgez\u00e9sre.<br \/>\nB\u00e9atrice Schaad, a lausanne-i k\u00f3rh\u00e1z sz\u00f3viv\u0151je szerint ugyanakkor &#8222;semmilyen \u00fajdons\u00e1g nincsen a 2012-ben \u00e1ll\u00edtottakhoz k\u00e9pest&#8221;. &#8222;M\u00e9g mindig nem lehets\u00e9ges azt a k\u00f6vetkeztet\u00e9st levonni, hogy (Arafatot) megm\u00e9rgezt\u00e9k&#8221; &#8211; hangs\u00falyozta a sz\u00f3viv\u0151.<br \/>\nA palesztin vezet\u0151 75 \u00e9ves kor\u00e1ban, 2004 okt\u00f3ber\u00e9ben lett s\u00falyos beteg R\u00e1mall\u00e1hban: hasi f\u00e1jdalmakra panaszkodott, de l\u00e1za nem volt. Onnan sz\u00e1ll\u00edtott\u00e1k egy P\u00e1rizs melletti katonai k\u00f3rh\u00e1zba, ahol november 11-\u00e9n meghalt. A francia orvosok tiszteletben tartott\u00e1k a csal\u00e1d k\u00e9r\u00e9s\u00e9t, \u00edgy nem hoztak nyilv\u00e1noss\u00e1gra r\u00e9szleteket Arafat \u00e1llapot\u00e1r\u00f3l, \u00e9s fel sem boncolt\u00e1k.<br \/>\nAz akkori sz\u0171kszav\u00fa orvosi jelent\u00e9s szerint a politikus hal\u00e1l\u00e1t &#8222;massz\u00edv agyi v\u00e9rz\u00e9s&#8221; okozta, amelyet a b\u00e9lrendszer gyullad\u00e1sa, s\u00e1rgas\u00e1g, valamint fokozott v\u00e9rz\u00e9kenys\u00e9g \u00e9s v\u00e9ralvad\u00e9konys\u00e1g el\u0151z\u00f6tt meg. Az azonban nem der\u00fclt ki, mi okozhatta a v\u00e9rrendszeri probl\u00e9m\u00e1kat. Arafat hal\u00e1la ut\u00e1n azonnal megindultak a tal\u00e1lgat\u00e1sok arr\u00f3l, hogy a politikust \u00e1ll\u00edt\u00f3lag az izraeliek \u00f6lt\u00e9k meg, a m\u00e9rgez\u00e9si te\u00f3ri\u00e1t emlegette Asraf al-Kurdi jord\u00e1niai neurol\u00f3gus is, aki rendszeresen vizsg\u00e1lta Arafatot.<br \/>\nA szem\u00e9lyes t\u00e1rgyakon v\u00e9gzett vizsg\u00e1latok alapj\u00e1n k\u00e9sz\u00edtett sv\u00e1jci elemz\u00e9s alapj\u00e1n &#8222;elegend\u0151 k\u00e9ts\u00e9g mer\u00fclt fel a holttest kihantol\u00e1s\u00e1nak aj\u00e1nl\u00e1s\u00e1hoz&#8221; &#8211; eml\u00e9keztettek tanulm\u00e1nyukban a szak\u00e9rt\u0151k.<br \/>\nJasszer Arafat f\u00f6ldi maradv\u00e1nyait 2012 novemberben hantolt\u00e1k ki R\u00e1mall\u00e1hban, hogy a hal\u00e1la \u00fcgy\u00e9ben foly\u00f3 vizsg\u00e1lathoz mint\u00e1kat vegyenek bel\u0151l\u00fck. Mintegy hatvan mint\u00e1t vettek, majd azokat elemz\u00e9s c\u00e9lj\u00e1ra h\u00e1romfel\u00e9 osztott\u00e1k a vizsg\u00e1latot v\u00e9gz\u0151 h\u00e1rom, sv\u00e1jci, francia \u00e9s orosz csapat k\u00f6z\u00f6tt, amelyek egym\u00e1st\u00f3l f\u00fcggetlen\u00fcl, k\u00fcl\u00f6n-k\u00fcl\u00f6n dolgoznak. &#8222;A jogi elj\u00e1r\u00e1sok miatt az elemz\u00e9sek r\u00e9szletes vizsg\u00e1latai k\u00f6zz\u00e9t\u00e9tel\u00e9nek d\u00e1tuma egyel\u0151re nem ismeretes&#8221; &#8211; \u00edrta a sv\u00e1jci csapat a brit lapban.(MTI)<\/p>\n","protected":false},"excerpt":{"rendered":"<p>Meger\u0151s\u00edtett\u00e9k a n\u00e9hai Jasszer Arafat szem\u00e9lyes t\u00e1rgyait vizsg\u00e1l\u00f3 sv\u00e1jci szak\u00e9rt\u0151k annak a lehet\u0151s\u00e9g\u00e9t, hogy a volt palesztin eln\u00f6k\u00f6t radioakt\u00edv anyaggal megm\u00e9rgezt\u00e9k &#8211; \u00edrta h\u00e9tf\u0151n megjelent sz\u00e1m\u00e1ban a The Lancet c\u00edm\u0171 brit orvosi szaklap.<\/p>\n","protected":false},"author":1,"featured_media":0,"comment_status":"open","ping_status":"closed","sticky":false,"template":"","format":"standard","meta":[],"categories":[16],"tags":[],"_links":{"self":[{"href":"https:\/\/gazdasagportal.hu\/index.php\/wp-json\/wp\/v2\/posts\/18733"}],"collection":[{"href":"https:\/\/gazdasagportal.hu\/index.php\/wp-json\/wp\/v2\/posts"}],"about":[{"href":"https:\/\/gazdasagportal.hu\/index.php\/wp-json\/wp\/v2\/types\/post"}],"author":[{"embeddable":true,"href":"https:\/\/gazdasagportal.hu\/index.php\/wp-json\/wp\/v2\/users\/1"}],"replies":[{"embeddable":true,"href":"https:\/\/gazdasagportal.hu\/index.php\/wp-json\/wp\/v2\/comments?post=18733"}],"version-history":[{"count":2,"href":"https:\/\/gazdasagportal.hu\/index.php\/wp-json\/wp\/v2\/posts\/18733\/revisions"}],"predecessor-version":[{"id":18742,"href":"https:\/\/gazdasagportal.hu\/index.php\/wp-json\/wp\/v2\/posts\/18733\/revisions\/18742"}],"wp:attachment":[{"href":"https:\/\/gazdasagportal.hu\/index.php\/wp-json\/wp\/v2\/media?parent=18733"}],"wp:term":[{"taxonomy":"category","embeddable":true,"href":"https:\/\/gazdasagportal.hu\/index.php\/wp-json\/wp\/v2\/categories?post=18733"},{"taxonomy":"post_tag","embeddable":true,"href":"https:\/\/gazdasagportal.hu\/index.php\/wp-json\/wp\/v2\/tags?post=18733"}],"curies":[{"name":"wp","href":"https:\/\/api.w.org\/{rel}","templated":true}]}}