{"id":18659,"date":"2013-10-14T07:42:58","date_gmt":"2013-10-14T05:42:58","guid":{"rendered":"http:\/\/stockportal.hu\/?p=18659"},"modified":"2013-10-14T06:44:22","modified_gmt":"2013-10-14T04:44:22","slug":"ma-avatjak-a-rehau-gyori-gyarat","status":"publish","type":"post","link":"https:\/\/gazdasagportal.hu\/index.php\/ma-avatjak-a-rehau-gyori-gyarat\/","title":{"rendered":"Ma avatj\u00e1k a Rehau gy\u0151ri gy\u00e1r\u00e1t"},"content":{"rendered":"<p><strong>Ma avatj\u00e1k a n\u00e9metorsz\u00e1gi sz\u00e9khely\u0171 Rehau-c\u00e9gcsoport gy\u0151ri gy\u00e1r\u00e1t a v\u00e1ros ipari parkj\u00e1ban. A t\u00e1rsas\u00e1g kor\u00e1bbi k\u00f6zl\u00e9se szerint a 60 milli\u00f3 eur\u00f3b\u00f3l \u00e9p\u00fcl\u0151 \u00fczemben az Audi h\u00e1rom modellj\u00e9hez gy\u00e1rtanak l\u00f6kh\u00e1r\u00edt\u00f3kat.<!--more--><\/strong><\/p>\n<p>A 10 hekt\u00e1ros ter\u00fcleten fel\u00e9p\u00edtett, 26 ezer n\u00e9gyzetm\u00e9teres \u00fczemben mintegy 200 ember kap \u00e1ll\u00e1st, akiknek h\u00e1romnegyede a termel\u00e9sben vesz r\u00e9szt. A 60 milli\u00f3 eur\u00f3s (k\u00f6r\u00fclbel\u00fcl 18 milli\u00e1rd forintos) beruh\u00e1z\u00e1shoz 985 milli\u00f3 forintnyi uni\u00f3s, illetve magyar p\u00e1ly\u00e1zati t\u00e1mogat\u00e1st nyert el a t\u00e1rsas\u00e1g.<br \/>\nAz \u00fczem kapacit\u00e1sa az Audi ig\u00e9nyeinek kiel\u00e9g\u00edt\u00e9s\u00e9re lesz elegend\u0151. A Gy\u0151rben k\u00e9sz\u00fcl\u0151 A3 \u00e9s TT, valamint a pozsonyi gy\u00e1rban \u00f6sszeszerelt Q modelleket l\u00e1tja majd el term\u00e9keivel. \u00c9vi f\u00e9lmilli\u00f3 els\u0151 \u00e9s h\u00e1ts\u00f3 l\u00f6kh\u00e1r\u00edt\u00f3t tudnak majd el\u0151\u00e1ll\u00edtani a gy\u0151ri \u00fczemben, a munk\u00e1k teljes vertikum\u00e1t helyben v\u00e9gezve.<br \/>\nA polimereket gy\u00e1rt\u00f3 c\u00e9gcsoport k\u00e9t \u00e9vtizede van jelen Magyarorsz\u00e1gon. Eddig az \u00e9p\u00edt\u0151ipar \u00e9s az ipar, jellemz\u0151en a b\u00fatorgy\u00e1rak sz\u00e1m\u00e1ra \u00e1ll\u00edtott el\u0151 term\u00e9ket, most azonban harmadik \u00e1gazatk\u00e9nt az aut\u00f3ipart is kiszolg\u00e1lja.(MTI)<\/p>\n","protected":false},"excerpt":{"rendered":"<p>Ma avatj\u00e1k a n\u00e9metorsz\u00e1gi sz\u00e9khely\u0171 Rehau-c\u00e9gcsoport gy\u0151ri gy\u00e1r\u00e1t a v\u00e1ros ipari parkj\u00e1ban. A t\u00e1rsas\u00e1g kor\u00e1bbi k\u00f6zl\u00e9se szerint a 60 milli\u00f3 eur\u00f3b\u00f3l \u00e9p\u00fcl\u0151 \u00fczemben az Audi h\u00e1rom modellj\u00e9hez gy\u00e1rtanak l\u00f6kh\u00e1r\u00edt\u00f3kat.<\/p>\n","protected":false},"author":1,"featured_media":0,"comment_status":"open","ping_status":"closed","sticky":false,"template":"","format":"standard","meta":[],"categories":[19],"tags":[],"_links":{"self":[{"href":"https:\/\/gazdasagportal.hu\/index.php\/wp-json\/wp\/v2\/posts\/18659"}],"collection":[{"href":"https:\/\/gazdasagportal.hu\/index.php\/wp-json\/wp\/v2\/posts"}],"about":[{"href":"https:\/\/gazdasagportal.hu\/index.php\/wp-json\/wp\/v2\/types\/post"}],"author":[{"embeddable":true,"href":"https:\/\/gazdasagportal.hu\/index.php\/wp-json\/wp\/v2\/users\/1"}],"replies":[{"embeddable":true,"href":"https:\/\/gazdasagportal.hu\/index.php\/wp-json\/wp\/v2\/comments?post=18659"}],"version-history":[{"count":1,"href":"https:\/\/gazdasagportal.hu\/index.php\/wp-json\/wp\/v2\/posts\/18659\/revisions"}],"predecessor-version":[{"id":18660,"href":"https:\/\/gazdasagportal.hu\/index.php\/wp-json\/wp\/v2\/posts\/18659\/revisions\/18660"}],"wp:attachment":[{"href":"https:\/\/gazdasagportal.hu\/index.php\/wp-json\/wp\/v2\/media?parent=18659"}],"wp:term":[{"taxonomy":"category","embeddable":true,"href":"https:\/\/gazdasagportal.hu\/index.php\/wp-json\/wp\/v2\/categories?post=18659"},{"taxonomy":"post_tag","embeddable":true,"href":"https:\/\/gazdasagportal.hu\/index.php\/wp-json\/wp\/v2\/tags?post=18659"}],"curies":[{"name":"wp","href":"https:\/\/api.w.org\/{rel}","templated":true}]}}