{"id":18500,"date":"2013-10-10T16:42:07","date_gmt":"2013-10-10T14:42:07","guid":{"rendered":"http:\/\/stockportal.hu\/?p=18500"},"modified":"2013-10-10T16:34:51","modified_gmt":"2013-10-10T14:34:51","slug":"a-fidesz-nem-enged-a-rezsicsokkentes-politikajabol","status":"publish","type":"post","link":"https:\/\/gazdasagportal.hu\/index.php\/a-fidesz-nem-enged-a-rezsicsokkentes-politikajabol\/","title":{"rendered":"A Fidesz nem enged a rezsics\u00f6kkent\u00e9s politik\u00e1j\u00e1b\u00f3l"},"content":{"rendered":"<p><span style=\"font-weight: bold;\"><\/span><\/p>\n<p>B\u00e1r \u00fajabb fenyeget\u00e9sek \u00e9rkeznek Br\u00fcsszelb\u0151l, a Fidesz arra k\u00e9ri a korm\u00e1nyt, hogy tegyen meg mindent a rezsics\u00f6kkent\u00e9s megv\u00e9d\u00e9s\u00e9\u00e9rt, mert &#8222;a magyar csal\u00e1dok nem lehetnek \u00fajra kiszolg\u00e1ltatottak&#8221; &#8211; jelentette ki cs\u00fct\u00f6rt\u00f6ki sajt\u00f3t\u00e1j\u00e9koztat\u00f3j\u00e1n Selmeczi Gabriella.<!--more--><\/p>\n<p><span id=\"ctl05_lbLead\" style=\"font-weight: bold;\"><\/span><span><\/span><\/p>\n<p>A nagyobbik korm\u00e1nyp\u00e1rt sz\u00f3viv\u0151je szerint a korm\u00e1nynak els\u0151sorban &#8222;higgadt, szakmai \u00e9rvel\u00e9ssel, de ha kell, ak\u00e1r diplom\u00e1ciai \u00faton is be kell mindent vetnie&#8221; a rezsics\u00f6kkent\u00e9s megv\u00e9d\u00e9se \u00e9rdek\u00e9ben.<br \/>\nSelmeczi Gabriella hangs\u00falyozta: fel kell k\u00e9sz\u00fclni arra, hogy ak\u00e1r \u00fajabb k\u00f6telezetts\u00e9gszeg\u00e9si elj\u00e1r\u00e1s is indulhat Magyarorsz\u00e1g ellen, pedig az Eur\u00f3pai Bizotts\u00e1g \u00e9rvel\u00e9s\u00e9vel ellent\u00e9tben a rezsics\u00f6kkent\u00e9s egyed\u00fcl &#8222;az extraprofitjukb\u00f3l alkudni nem akar\u00f3 v\u00e1llalatok \u00e9rdekeit s\u00e9rti&#8221;.<br \/>\nA Fidesz sz\u00f3viv\u0151je \u00fagy \u00e9rt\u00e9kelte, az Eur\u00f3pai Uni\u00f3 &#8222;k\u00eds\u00e9rtetiesen ugyanazokat az \u00e9rveket f\u00fajja&#8221;, mint az energiac\u00e9gek, ami annak a bizony\u00edt\u00e9ka, hogy &#8222;m\u0171k\u00f6dik a br\u00fcsszeli energialobbi&#8221;.<br \/>\nHozz\u00e1tette: ha kell, ak\u00e1r alkotm\u00e1nyos v\u00e9delmet is adnak a korm\u00e1nyp\u00e1rtok a rezsics\u00f6kkent\u00e9snek.<br \/>\nKiemelte, hogy az eddigi rezsics\u00f6kkent\u00e9s ugyan enyh\u00edtett az emberek terhein, de m\u00e9g \u00edgy is sokat kell tenni az\u00e9rt, hogy a fizet\u00e9sek v\u00e1s\u00e1rl\u00f3erej\u00e9vel ar\u00e1nyosak legyenek a rezsiterhek.<br \/>\nA N\u00e9pszabads\u00e1g \u00e9s a Magyar Nemzet a BruxInfo-ra hivatkozva kedden azt \u00edrta: t\u00f6bb, a rezsics\u00f6kkent\u00e9ssel \u00f6sszef\u00fcgg\u0151 k\u00e9rd\u00e9sre v\u00e1r v\u00e1laszt az Eur\u00f3pai Bizotts\u00e1g, amely lev\u00e9ben \u00e9rdekl\u0151dik, \u00e9s ha az azokra adott v\u00e1laszokat nem fogadja el, akkor k\u00f6telezetts\u00e9gszeg\u00e9si elj\u00e1r\u00e1s indulhat Magyarorsz\u00e1g ellen.<br \/>\nMarlene Holzner, a br\u00fcsszeli test\u00fclet energia\u00fcgyek\u00e9rt felel\u0151s sz\u00f3viv\u0151je szint\u00e9n kedden azt k\u00f6z\u00f6lte: az Eur\u00f3pai Bizotts\u00e1g nem mond v\u00e9lem\u00e9nyt az egyes tag\u00e1llamok energia\u00e1r-szab\u00e1lyoz\u00e1si mechanizmusair\u00f3l, de \u00e1ltal\u00e1noss\u00e1gban kijelenthet\u0151, hogy Br\u00fcsszel ellenzi az \u00e1rszab\u00e1lyoz\u00e1st, a szabadpiaci \u00e1r h\u00edve.<br \/>\nGir\u00f3-Sz\u00e1sz Andr\u00e1s korm\u00e1nysz\u00f3viv\u0151 szerd\u00e1n meger\u0151s\u00edtette: val\u00f3ban \u00e9rkezett lev\u00e9l Br\u00fcsszelb\u0151l, amely \u00e9rinti a rezsics\u00f6kkent\u00e9st, a magyar korm\u00e1ny azonban kitart a rezsics\u00f6kkent\u00e9s mellett \u00e9s megv\u00e9di azt.(MTI)<\/p>\n<table width=\"100%\" cellspacing=\"0\" cellpadding=\"0\">\n<tbody>\n<tr>\n<td style=\"width: 100%;\">\n<div id=\"pNewsPanel\" style=\"width: 100%;\">\n<table id=\"ctl05_tblNews\" style=\"width: 100%; border-collapse: collapse; font-family: Courier New; font-size: 13px; padding-bottom: 0; padding-left: 2; padding-top: 0; padding-right: 2; text-align: justify;\" border=\"0\" cellspacing=\"0\" cellpadding=\"0\">\n<tbody>\n<tr id=\"ctl05_trRow\">\n<td id=\"ctl05_tdNewsCell\" style=\"width: 100%;\" valign=\"top\"><span style=\"font-weight: bold;\"><span style=\"font-weight: bold;\"><\/span><\/span>B\u00e1r \u00fajabb fenyeget\u00e9sek \u00e9rkeznek Br\u00fcsszelb\u0151l, a Fidesz arra k\u00e9ri a korm\u00e1nyt, hogy tegyen meg mindent a rezsics\u00f6kkent\u00e9s megv\u00e9d\u00e9s\u00e9\u00e9rt, mert &#8222;a magyar csal\u00e1dok nem lehetnek \u00fajra kiszolg\u00e1ltatottak&#8221; &#8211; jelentette ki cs\u00fct\u00f6rt\u00f6ki sajt\u00f3t\u00e1j\u00e9koztat\u00f3j\u00e1n Selmeczi Gabriella.<\/p>\n<p>A nagyobbik korm\u00e1nyp\u00e1rt sz\u00f3viv\u0151je szerint a korm\u00e1nynak els\u0151sorban &#8222;higgadt, szakmai \u00e9rvel\u00e9ssel, de ha kell, ak\u00e1r diplom\u00e1ciai \u00faton is be kell mindent vetnie&#8221; a rezsics\u00f6kkent\u00e9s megv\u00e9d\u00e9se \u00e9rdek\u00e9ben.<br \/>\nSelmeczi Gabriella hangs\u00falyozta: fel kell k\u00e9sz\u00fclni arra, hogy ak\u00e1r \u00fajabb k\u00f6telezetts\u00e9gszeg\u00e9si elj\u00e1r\u00e1s is indulhat Magyarorsz\u00e1g ellen, pedig az Eur\u00f3pai Bizotts\u00e1g \u00e9rvel\u00e9s\u00e9vel ellent\u00e9tben a rezsics\u00f6kkent\u00e9s egyed\u00fcl &#8222;az extraprofitjukb\u00f3l alkudni nem akar\u00f3 v\u00e1llalatok \u00e9rdekeit s\u00e9rti&#8221;.<br \/>\nA Fidesz sz\u00f3viv\u0151je \u00fagy \u00e9rt\u00e9kelte, az Eur\u00f3pai Uni\u00f3 &#8222;k\u00eds\u00e9rtetiesen ugyanazokat az \u00e9rveket f\u00fajja&#8221;, mint az energiac\u00e9gek, ami annak a bizony\u00edt\u00e9ka, hogy &#8222;m\u0171k\u00f6dik a br\u00fcsszeli energialobbi&#8221;.<br \/>\nHozz\u00e1tette: ha kell, ak\u00e1r alkotm\u00e1nyos v\u00e9delmet is adnak a korm\u00e1nyp\u00e1rtok a rezsics\u00f6kkent\u00e9snek.<br \/>\nKiemelte, hogy az eddigi rezsics\u00f6kkent\u00e9s ugyan enyh\u00edtett az emberek terhein, de m\u00e9g \u00edgy is sokat kell tenni az\u00e9rt, hogy a fizet\u00e9sek v\u00e1s\u00e1rl\u00f3erej\u00e9vel ar\u00e1nyosak legyenek a rezsiterhek.<br \/>\nA N\u00e9pszabads\u00e1g \u00e9s a Magyar Nemzet a BruxInfo-ra hivatkozva kedden azt \u00edrta: t\u00f6bb, a rezsics\u00f6kkent\u00e9ssel \u00f6sszef\u00fcgg\u0151 k\u00e9rd\u00e9sre v\u00e1r v\u00e1laszt az Eur\u00f3pai Bizotts\u00e1g, amely lev\u00e9ben \u00e9rdekl\u0151dik, \u00e9s ha az azokra adott v\u00e1laszokat nem fogadja el, akkor k\u00f6telezetts\u00e9gszeg\u00e9si elj\u00e1r\u00e1s indulhat Magyarorsz\u00e1g ellen.<br \/>\nMarlene Holzner, a br\u00fcsszeli test\u00fclet energia\u00fcgyek\u00e9rt felel\u0151s sz\u00f3viv\u0151je szint\u00e9n kedden azt k\u00f6z\u00f6lte: az Eur\u00f3pai Bizotts\u00e1g nem mond v\u00e9lem\u00e9nyt az egyes tag\u00e1llamok energia\u00e1r-szab\u00e1lyoz\u00e1si mechanizmusair\u00f3l, de \u00e1ltal\u00e1noss\u00e1gban kijelenthet\u0151, hogy Br\u00fcsszel ellenzi az \u00e1rszab\u00e1lyoz\u00e1st, a szabadpiaci \u00e1r h\u00edve.<br \/>\nGir\u00f3-Sz\u00e1sz Andr\u00e1s korm\u00e1nysz\u00f3viv\u0151 szerd\u00e1n meger\u0151s\u00edtette: val\u00f3ban \u00e9rkezett lev\u00e9l Br\u00fcsszelb\u0151l, amely \u00e9rinti a rezsics\u00f6kkent\u00e9st, a magyar korm\u00e1ny azonban kitart a rezsics\u00f6kkent\u00e9s mellett \u00e9s megv\u00e9di azt.<\/p>\n<p><span id=\"ctl05_lbEditors\">bhnn \\ bhi<\/p>\n<p><\/span><span id=\"ctl05_lbDateTime\" style=\"font-weight: bold; font-style: italic;\">MTI 2013. okt\u00f3ber 10., cs\u00fct\u00f6rt\u00f6k 15:41<br \/>\n<\/span><\/td>\n<\/tr>\n<\/tbody>\n<\/table>\n<table class=\"plprint\" id=\"ctl06_tblNewsBottom\" style=\"width: 100%; border-collapse: collapse;\" border=\"0\" cellspacing=\"0\" cellpadding=\"0\">\n<tbody>\n<tr id=\"ctl06_TableRow1\">\n<td id=\"ctl06_TableCell1\"><img decoding=\"async\" alt=\" \" src=\"http:\/\/mti.hu\/img\/spacer.gif\" height=\"1\" \/><\/td>\n<td style=\"height: 5px; width: 17px;\"><\/td>\n<\/tr>\n<\/tbody>\n<\/table>\n<\/div>\n<\/td>\n<td><img decoding=\"async\" alt=\" \" src=\"http:\/\/mti.hu\/img\/spacer.gif\" width=\"10px\" \/><\/td>\n<\/tr>\n<\/tbody>\n<\/table>\n","protected":false},"excerpt":{"rendered":"<p>B\u00e1r \u00fajabb fenyeget\u00e9sek \u00e9rkeznek Br\u00fcsszelb\u0151l, a Fidesz arra k\u00e9ri a korm\u00e1nyt, hogy tegyen meg mindent a rezsics\u00f6kkent\u00e9s megv\u00e9d\u00e9s\u00e9\u00e9rt, mert &#8222;a magyar csal\u00e1dok nem lehetnek \u00fajra kiszolg\u00e1ltatottak&#8221; &#8211; jelentette ki cs\u00fct\u00f6rt\u00f6ki sajt\u00f3t\u00e1j\u00e9koztat\u00f3j\u00e1n Selmeczi Gabriella.<\/p>\n","protected":false},"author":1,"featured_media":0,"comment_status":"open","ping_status":"closed","sticky":false,"template":"","format":"standard","meta":[],"categories":[19],"tags":[],"_links":{"self":[{"href":"https:\/\/gazdasagportal.hu\/index.php\/wp-json\/wp\/v2\/posts\/18500"}],"collection":[{"href":"https:\/\/gazdasagportal.hu\/index.php\/wp-json\/wp\/v2\/posts"}],"about":[{"href":"https:\/\/gazdasagportal.hu\/index.php\/wp-json\/wp\/v2\/types\/post"}],"author":[{"embeddable":true,"href":"https:\/\/gazdasagportal.hu\/index.php\/wp-json\/wp\/v2\/users\/1"}],"replies":[{"embeddable":true,"href":"https:\/\/gazdasagportal.hu\/index.php\/wp-json\/wp\/v2\/comments?post=18500"}],"version-history":[{"count":2,"href":"https:\/\/gazdasagportal.hu\/index.php\/wp-json\/wp\/v2\/posts\/18500\/revisions"}],"predecessor-version":[{"id":18502,"href":"https:\/\/gazdasagportal.hu\/index.php\/wp-json\/wp\/v2\/posts\/18500\/revisions\/18502"}],"wp:attachment":[{"href":"https:\/\/gazdasagportal.hu\/index.php\/wp-json\/wp\/v2\/media?parent=18500"}],"wp:term":[{"taxonomy":"category","embeddable":true,"href":"https:\/\/gazdasagportal.hu\/index.php\/wp-json\/wp\/v2\/categories?post=18500"},{"taxonomy":"post_tag","embeddable":true,"href":"https:\/\/gazdasagportal.hu\/index.php\/wp-json\/wp\/v2\/tags?post=18500"}],"curies":[{"name":"wp","href":"https:\/\/api.w.org\/{rel}","templated":true}]}}