{"id":18494,"date":"2013-10-10T15:37:32","date_gmt":"2013-10-10T13:37:32","guid":{"rendered":"http:\/\/stockportal.hu\/?p=18494"},"modified":"2013-10-10T15:29:59","modified_gmt":"2013-10-10T13:29:59","slug":"1-szazalekra-is-sullyedhetett-szeptemberben-a-magyar-inflacio","status":"publish","type":"post","link":"https:\/\/gazdasagportal.hu\/index.php\/1-szazalekra-is-sullyedhetett-szeptemberben-a-magyar-inflacio\/","title":{"rendered":"1 sz\u00e1zal\u00e9kra is s\u00fcllyedhetett szeptemberben a magyar infl\u00e1ci\u00f3"},"content":{"rendered":"<p><strong>Ak\u00e1r 1 sz\u00e1zal\u00e9kra is lassulhatott az \u00e9ves \u00f6sszevet\u00e9s\u0171 magyarorsz\u00e1gi infl\u00e1ci\u00f3 a m\u00falt h\u00f3napban, \u00e9s nem kiz\u00e1rt, hogy a tov\u00e1bbi hat\u00f3s\u00e1gi k\u00f6zm\u0171d\u00edj-cs\u00f6kkent\u00e9sek a k\u00f6vetkez\u0151 h\u00f3napokban 1 sz\u00e1zal\u00e9k alatti \u00e9ves \u00fctemet eredm\u00e9nyeznek &#8211; j\u00f3solt\u00e1k londoni p\u00e9nz\u00fcgyi elemz\u0151k a szeptemberi infl\u00e1ci\u00f3s adatok p\u00e9nteki ismertet\u00e9se el\u0151tt.<!--more--><\/strong><\/p>\n<p>Az MTI el\u0151zetes felm\u00e9r\u00e9s\u00e9be bevont nagy citybeli h\u00e1zak felz\u00e1rk\u00f3z\u00f3 piacokra szakosodott k\u00f6zgazd\u00e1szai 1-1,3 sz\u00e1zal\u00e9k k\u00f6z\u00f6tti progn\u00f3zisokat adtak a teljes kos\u00e1rra sz\u00e1molt szeptemberi tizenk\u00e9t havi infl\u00e1ci\u00f3ra.<br \/>\nA s\u00e1v als\u00f3 sz\u00e9l\u00e9n voltak a Goldman Sachs (GS) bankcsoport londoni befektet\u00e9si r\u00e9szleg\u00e9nek elemz\u0151i, akik 1 sz\u00e1zal\u00e9kos \u00e9ves \u00fctemre sz\u00e1m\u00edtanak. A GS szak\u00e9rt\u0151i szerint az \u00e1ltaluk v\u00e1rt lassul\u00e1st els\u0151sorban a bel\u00e9p\u0151 b\u00e1zishat\u00e1sok vez\u00e9rlik, tekintettel arra, hogy a magyarorsz\u00e1gi infl\u00e1ci\u00f3 tavaly szeptemberben 6,6 sz\u00e1zal\u00e9kos \u00e9ves \u00fctemen tet\u0151z\u00f6tt.<br \/>\nA 4cast nev\u0171 londoni p\u00e9nz\u00fcgyi-gazdas\u00e1gi elemz\u0151c\u00e9g k\u00f6zgazd\u00e1szai nem sokkal magasabb, 1,1 sz\u00e1zal\u00e9kos tizenk\u00e9t havi infl\u00e1ci\u00f3t val\u00f3sz\u00edn\u0171s\u00edtettek szeptemberre. A h\u00e1z szerint a tov\u00e1bbi k\u00f6zm\u0171d\u00edj-cs\u00f6kkent\u00e9sek miatt val\u00f3sz\u00edn\u0171tlen, hogy ez lenne a m\u00e9lypont, az \u00fctem k\u00e9s\u0151bb j\u00f3val 1 sz\u00e1zal\u00e9k al\u00e1 cs\u00f6kkenhet.(MTI)<\/p>\n","protected":false},"excerpt":{"rendered":"<p>Ak\u00e1r 1 sz\u00e1zal\u00e9kra is lassulhatott az \u00e9ves \u00f6sszevet\u00e9s\u0171 magyarorsz\u00e1gi infl\u00e1ci\u00f3 a m\u00falt h\u00f3napban, \u00e9s nem kiz\u00e1rt, hogy a tov\u00e1bbi hat\u00f3s\u00e1gi k\u00f6zm\u0171d\u00edj-cs\u00f6kkent\u00e9sek a k\u00f6vetkez\u0151 h\u00f3napokban 1 sz\u00e1zal\u00e9k alatti \u00e9ves \u00fctemet eredm\u00e9nyeznek &#8211; j\u00f3solt\u00e1k londoni p\u00e9nz\u00fcgyi elemz\u0151k a szeptemberi infl\u00e1ci\u00f3s adatok p\u00e9nteki ismertet\u00e9se el\u0151tt.<\/p>\n","protected":false},"author":1,"featured_media":0,"comment_status":"open","ping_status":"closed","sticky":false,"template":"","format":"standard","meta":[],"categories":[19],"tags":[],"_links":{"self":[{"href":"https:\/\/gazdasagportal.hu\/index.php\/wp-json\/wp\/v2\/posts\/18494"}],"collection":[{"href":"https:\/\/gazdasagportal.hu\/index.php\/wp-json\/wp\/v2\/posts"}],"about":[{"href":"https:\/\/gazdasagportal.hu\/index.php\/wp-json\/wp\/v2\/types\/post"}],"author":[{"embeddable":true,"href":"https:\/\/gazdasagportal.hu\/index.php\/wp-json\/wp\/v2\/users\/1"}],"replies":[{"embeddable":true,"href":"https:\/\/gazdasagportal.hu\/index.php\/wp-json\/wp\/v2\/comments?post=18494"}],"version-history":[{"count":1,"href":"https:\/\/gazdasagportal.hu\/index.php\/wp-json\/wp\/v2\/posts\/18494\/revisions"}],"predecessor-version":[{"id":18495,"href":"https:\/\/gazdasagportal.hu\/index.php\/wp-json\/wp\/v2\/posts\/18494\/revisions\/18495"}],"wp:attachment":[{"href":"https:\/\/gazdasagportal.hu\/index.php\/wp-json\/wp\/v2\/media?parent=18494"}],"wp:term":[{"taxonomy":"category","embeddable":true,"href":"https:\/\/gazdasagportal.hu\/index.php\/wp-json\/wp\/v2\/categories?post=18494"},{"taxonomy":"post_tag","embeddable":true,"href":"https:\/\/gazdasagportal.hu\/index.php\/wp-json\/wp\/v2\/tags?post=18494"}],"curies":[{"name":"wp","href":"https:\/\/api.w.org\/{rel}","templated":true}]}}