{"id":18476,"date":"2013-10-10T12:44:19","date_gmt":"2013-10-10T10:44:19","guid":{"rendered":"http:\/\/stockportal.hu\/?p=18476"},"modified":"2013-10-10T12:44:19","modified_gmt":"2013-10-10T10:44:19","slug":"a-jobbik-tamogatja-a-fidesz-javaslatat-a-zsebszerzodesek-felszamolasa-erdekeben","status":"publish","type":"post","link":"https:\/\/gazdasagportal.hu\/index.php\/a-jobbik-tamogatja-a-fidesz-javaslatat-a-zsebszerzodesek-felszamolasa-erdekeben\/","title":{"rendered":"A Jobbik t\u00e1mogatja a Fidesz javaslat\u00e1t a zsebszerz\u0151d\u00e9sek felsz\u00e1mol\u00e1sa \u00e9rdek\u00e9ben"},"content":{"rendered":"<p><strong>A Jobbik k\u00e9pvisel\u0151i t\u00e1mogatni fogj\u00e1k a z\u00e1r\u00f3szavaz\u00e1son a fideszes Nagy Istv\u00e1n javaslat\u00e1t a zsebszerz\u0151d\u00e9sek felsz\u00e1mol\u00e1s\u00e1ra, de az ellenz\u00e9ki p\u00e1rt szerint az eredeti javaslat sokat romlott Budai Gyula vid\u00e9kfejleszt\u00e9si \u00e1llamtitk\u00e1r m\u00f3dos\u00edt\u00e1sai miatt. Err\u0151l Magyar Zolt\u00e1n orsz\u00e1ggy\u0171l\u00e9si k\u00e9pvisel\u0151 besz\u00e9lt cs\u00fct\u00f6rt\u00f6ki sajt\u00f3t\u00e1j\u00e9koztat\u00f3j\u00e1n.<\/strong><\/p>\n<p>Nagy Istv\u00e1n m\u00e9g m\u00e1jusban ny\u00fajtotta be az Orsz\u00e1ggy\u0171l\u00e9snek a zsebszerz\u0151d\u00e9sek felsz\u00e1mol\u00e1s\u00e1t c\u00e9lz\u00f3 egy\u00e9ni k\u00e9pvisel\u0151 ind\u00edtv\u00e1ny\u00e1t. Javaslata szerint az \u00fcgy\u00e9sz bejelent\u00e9sre vizsg\u00e1latot ind\u00edtana, ha alappal felt\u00e9telezhet\u0151, hogy egy jog\u00fcgylettel ki akarj\u00e1k j\u00e1tszani a f\u00f6ld tulajdonjog\u00e1nak megszerz\u00e9s\u00e9t vagy haszn\u00e1lat\u00e1t korl\u00e1toz\u00f3 jogszab\u00e1lyi rendelkez\u00e9seket. Az \u00fcgy\u00e9szi elj\u00e1r\u00e1s hat\u00e9konys\u00e1ga \u00e9rdek\u00e9ben az el\u0151terjeszt\u00e9s b\u00edrs\u00e1g kiszab\u00e1s\u00e1t tenn\u00e9 lehet\u0151v\u00e9, ha az \u00fcgy\u00e9sz felvil\u00e1gos\u00edt\u00e1s ir\u00e1nti felh\u00edv\u00e1s\u00e1t nem vagy k\u00e9sedelmesen teljes\u00edtik, illetve akkor is, ha val\u00f3tlan vagy megt\u00e9veszt\u0151 v\u00e1laszt adnak neki.<br \/>\nMagyar Zolt\u00e1n \u00fcdv\u00f6z\u00f6lte ezeket a l\u00e9p\u00e9seket \u00e9s azt mondta: a t\u00f6rv\u00e9nyjavaslat elfogad\u00e1sa eset\u00e9n a Jobbik ism\u00e9telten eljuttatja az \u00fcgy\u00e9szs\u00e9gnek a p\u00e1rt \u00e1ltal felder\u00edtett zsebszerz\u0151d\u00e9sekkel k\u00fclf\u00f6ldi k\u00e9zre juttatott hatezer hekt\u00e1rnyi term\u0151f\u00f6ld adatait. Szavai szerint ugyanis a nyomoz\u00f3 hat\u00f3s\u00e1g kor\u00e1bban a megfelel\u0151 jogszab\u00e1lyi h\u00e1tt\u00e9r hi\u00e1ny\u00e1ra hivatkozva nem j\u00e1rt el a bejelent\u00e9seik \u00fcgy\u00e9ben.<br \/>\nA jobbikos politikus ugyanakkor sajn\u00e1latosnak nevezte, hogy Budai Gyula \u00e1llamtitk\u00e1r elfogadott m\u00f3dos\u00edt\u00f3 ind\u00edtv\u00e1ny\u00e1nak k\u00f6sz\u00f6nhet\u0151en kiker\u00fclt a t\u00f6rv\u00e9nyjavaslatb\u00f3l a szerz\u0151d\u00e9sek megsemmis\u00edt\u00e9s\u00e9nek visszamen\u0151leges hat\u00e1lya, valamint az \u00fcgyv\u00e9di titoktart\u00e1s korl\u00e1toz\u00e1s\u00e1nak lehet\u0151s\u00e9ge. Az ellenz\u00e9ki p\u00e1rt szerint ugyanis ezeknek a szab\u00e1lyoknak az \u00e9letbe l\u00e9ptet\u00e9s\u00e9vel sokkal sikeresebben lehetett volna felder\u00edteni a Jobbik becsl\u00e9se szerint k\u00f6r\u00fclbel\u00fcl egymilli\u00f3 hekt\u00e1rnyi, zsebszerz\u0151d\u00e9sekkel \u00e9rintett magyarorsz\u00e1gi f\u00f6ldter\u00fcletet.(MTI)<\/p>\n","protected":false},"excerpt":{"rendered":"<p>A Jobbik k\u00e9pvisel\u0151i t\u00e1mogatni fogj\u00e1k a z\u00e1r\u00f3szavaz\u00e1son a fideszes Nagy Istv\u00e1n javaslat\u00e1t a zsebszerz\u0151d\u00e9sek felsz\u00e1mol\u00e1s\u00e1ra, de az ellenz\u00e9ki p\u00e1rt szerint az eredeti javaslat sokat romlott Budai Gyula vid\u00e9kfejleszt\u00e9si \u00e1llamtitk\u00e1r m\u00f3dos\u00edt\u00e1sai miatt. Err\u0151l Magyar Zolt\u00e1n orsz\u00e1ggy\u0171l\u00e9si k\u00e9pvisel\u0151 besz\u00e9lt cs\u00fct\u00f6rt\u00f6ki sajt\u00f3t\u00e1j\u00e9koztat\u00f3j\u00e1n. Nagy Istv\u00e1n m\u00e9g m\u00e1jusban ny\u00fajtotta be az Orsz\u00e1ggy\u0171l\u00e9snek a zsebszerz\u0151d\u00e9sek felsz\u00e1mol\u00e1s\u00e1t c\u00e9lz\u00f3 egy\u00e9ni k\u00e9pvisel\u0151 ind\u00edtv\u00e1ny\u00e1t. Javaslata &#8230;<\/p>\n","protected":false},"author":1,"featured_media":0,"comment_status":"open","ping_status":"closed","sticky":false,"template":"","format":"standard","meta":[],"categories":[19],"tags":[],"_links":{"self":[{"href":"https:\/\/gazdasagportal.hu\/index.php\/wp-json\/wp\/v2\/posts\/18476"}],"collection":[{"href":"https:\/\/gazdasagportal.hu\/index.php\/wp-json\/wp\/v2\/posts"}],"about":[{"href":"https:\/\/gazdasagportal.hu\/index.php\/wp-json\/wp\/v2\/types\/post"}],"author":[{"embeddable":true,"href":"https:\/\/gazdasagportal.hu\/index.php\/wp-json\/wp\/v2\/users\/1"}],"replies":[{"embeddable":true,"href":"https:\/\/gazdasagportal.hu\/index.php\/wp-json\/wp\/v2\/comments?post=18476"}],"version-history":[{"count":1,"href":"https:\/\/gazdasagportal.hu\/index.php\/wp-json\/wp\/v2\/posts\/18476\/revisions"}],"predecessor-version":[{"id":18477,"href":"https:\/\/gazdasagportal.hu\/index.php\/wp-json\/wp\/v2\/posts\/18476\/revisions\/18477"}],"wp:attachment":[{"href":"https:\/\/gazdasagportal.hu\/index.php\/wp-json\/wp\/v2\/media?parent=18476"}],"wp:term":[{"taxonomy":"category","embeddable":true,"href":"https:\/\/gazdasagportal.hu\/index.php\/wp-json\/wp\/v2\/categories?post=18476"},{"taxonomy":"post_tag","embeddable":true,"href":"https:\/\/gazdasagportal.hu\/index.php\/wp-json\/wp\/v2\/tags?post=18476"}],"curies":[{"name":"wp","href":"https:\/\/api.w.org\/{rel}","templated":true}]}}