{"id":18433,"date":"2013-10-10T07:52:51","date_gmt":"2013-10-10T05:52:51","guid":{"rendered":"http:\/\/stockportal.hu\/?p=18433"},"modified":"2013-10-10T07:59:50","modified_gmt":"2013-10-10T05:59:50","slug":"amit-sejtettunk-most-mar-biztos-janet-yellent-jelolte-a-obama-fed-kovetkezo-elnokenek","status":"publish","type":"post","link":"https:\/\/gazdasagportal.hu\/index.php\/amit-sejtettunk-most-mar-biztos-janet-yellent-jelolte-a-obama-fed-kovetkezo-elnokenek\/","title":{"rendered":"Amit sejtett\u00fcnk, most m\u00e1r biztos. Janet Yellent jel\u00f6lte a Obama Fed k\u00f6vetkez\u0151 eln\u00f6k\u00e9nek"},"content":{"rendered":"<p><strong>\u00a0Ha a szen\u00e1tus j\u00f3v\u00e1hagyja a jel\u00f6l\u00e9st, akkor a jelenleg aleln\u00f6ki tiszts\u00e9get bet\u00f6lt\u0151, 67 esztend\u0151s Yellen lesz az els\u0151 n\u0151 az int\u00e9zm\u00e9ny \u00e9l\u00e9n. Egy\u00fattal csaknem h\u00e1rom \u00e9vtized ut\u00e1n \u0151 lesz a Fed els\u0151 demokrata p\u00e1rti eln\u00f6ke.<\/strong><!--more--><br \/>\nYellen kijelentette, hogy t\u00f6rv\u00e9nyhoz\u00e1sbeli meger\u0151s\u00edt\u00e9se eset\u00e9n minden t\u0151le telhet\u0151t megtesz a foglalkoztatotts\u00e1g maximaliz\u00e1l\u00e1sa, az \u00e1rak stabiliz\u00e1l\u00e1sa, valamint az er\u0151s \u00e9s stabil p\u00e9nz\u00fcgyi rendszer \u00e9rdek\u00e9ben. \u00dagy v\u00e9lekedett, hogy az Egyes\u00fclt \u00c1llamok elkezdett kil\u00e1balni a p\u00e9nz\u00fcgyi v\u00e1ls\u00e1gb\u00f3l, de sok m\u00e9g a tennival\u00f3.<br \/>\n&#8222;M\u00e9g mindig t\u00fal sokan vannak a hossz\u00fa ideje munka n\u00e9lk\u00fcl l\u00e9v\u0151k, akiknek gondot jelent a l\u00e9tfenntart\u00e1s. A Federal Reserve a seg\u00edts\u00e9g\u00fckre lehet ennek a megold\u00e1s\u00e1ban, ha hat\u00e9konyan v\u00e9gzi a dolg\u00e1t&#8221; &#8211; hangoztatta a jel\u00f6lt, aki amellett, hogy az elm\u00falt \u00e9vtizedet a Fed vezet\u0151 beoszt\u00e1saiban t\u00f6lt\u00f6tte, elm\u00e9leti k\u00f6zgazd\u00e1sz is.<br \/>\nObama kem\u00e9nykez\u0171 \u00e9s bev\u00e1lt vezet\u0151k\u00e9nt jellemezte Yellent, \u00e9s m\u00e9ltatta a jel\u00f6lt hivatalban l\u00e9v\u0151 el\u0151dj\u00e9t, akinek m\u00e1sodik n\u00e9gy\u00e9ves mand\u00e1tuma janu\u00e1rban j\u00e1r le. Az eln\u00f6k eml\u00e9keztetett arra, hogy Ben Bernanke egy olyan s\u00falyos p\u00e9nz\u00fcgyi v\u00e1ls\u00e1gb\u00f3l \u00e9s recesszi\u00f3b\u00f3l seg\u00edtette kiemelkedni az amerikai gazdas\u00e1got, amilyenre a harmincas \u00e9vek \u00f3ta nem volt p\u00e9lda. Vezet\u00e9se alatt a Fed rendk\u00edv\u00fcli programokat dolgozott ki a 2008-ban kirobbant v\u00e1ls\u00e1g kezel\u00e9s\u00e9re: k\u00f6lcs\u00f6nt ny\u00fajtott a bankoknak a hitelpiac befagy\u00e1s\u00e1t k\u00f6vet\u0151en, a null\u00e1hoz k\u00f6zeli szintre cs\u00f6kkentette a r\u00f6vid lej\u00e1rat\u00fa hitelek kamat\u00e1t, \u00e9s billi\u00f3s nagys\u00e1grendben v\u00e1s\u00e1rolt k\u00f6tv\u00e9nyeket a hossz\u00fa lej\u00e1rat\u00fa hitelek kamat\u00e1nak alacsonyan tart\u00e1sa \u00e9rdek\u00e9ben.<br \/>\nYellen 2010 \u00f3ta a Fed aleln\u00f6ke. A brooklyni sz\u00fclet\u00e9s\u0171 \u00e9s a Yale egyetemen v\u00e9gzett szakember kor\u00e1bban a San Francisc\u00f3-i Federal Reserve Bank eln\u00f6ke, feh\u00e9r h\u00e1zi tan\u00e1csad\u00f3, Bill Clinton eln\u00f6ks\u00e9ge alatt a Fed korm\u00e1nyz\u00f3tan\u00e1cs\u00e1nak tagja \u00e9s a berkeley-i Kaliforniai Egyetem professzora volt. Egyik volt koll\u00e9g\u00e1ja &#8222;nagy IQ-val rendelkez\u0151 kis h\u00f6lgyk\u00e9nt&#8221; jellemezte. F\u00e9rje, George A. Akerlof ugyancsak k\u00f6zgazd\u00e1sz, aki 2001-ben Joseph E. Stiglitzcel \u00e9s A. Michael Spence-szel megosztva kapta meg a Nobel-d\u00edjat.<br \/>\nBerkeley-ben a k\u00f6zgazdas\u00e1gi ellenkult\u00fara r\u00e9szesek\u00e9nt b\u00edr\u00e1lta a szabadpiac hat\u00e9konys\u00e1g\u00e1nak dogm\u00e1j\u00e1t. \u00c1ll\u00e1spontja szerint a piac sz\u00e1m\u00e1ra hasznos az olyan szab\u00e1lyoz\u00e1s, amely elej\u00e9t veszi a vissza\u00e9l\u00e9seknek, \u00e9s korl\u00e1tozza a gazdas\u00e1gi n\u00f6veked\u00e9s zavarait. Az\u00e9rt kezdett el foglalkozni a k\u00f6zgazdas\u00e1gtannal, mert \u00e9rdekelte, hogyan lehetne jav\u00edtani az emberek \u00e9letsz\u00ednvonal\u00e1n.<br \/>\nYellen demokrata p\u00e1rti v\u00e9lem\u00e9nyek szerint szkeptikusabban viszonyul majd a Wall Streethez, mint ahogy azt Summers tette volna. Az \u00faj Fed-eln\u00f6k n\u00e9zetei ugyanakkor k\u00f6zelebb \u00e1llnak a jelenlegi, centrista korm\u00e1nyzat\u00e9hoz, mint a liber\u00e1lis demokrat\u00e1k\u00e9hoz. Ennek egyik jele az, hogy nem h\u00edve a nagybankok feldarabol\u00e1s\u00e1nak.<br \/>\nA bankeln\u00f6kjel\u00f6lt egy \u00e9vtizeddel ezel\u0151tt egyike volt azon els\u0151 k\u00f6zhivatalnokoknak, akik figyelmeztett\u00e9k a vil\u00e1got, hogy az emelked\u0151 ingatlan\u00e1rak alkotta &#8222;bubor\u00e9k&#8221; kidurranhat. B\u00edr\u00e1l\u00f3i szerint ugyanakkor a San Francisc\u00f3-i Fed eln\u00f6kek\u00e9nt gyakorlati l\u00e9p\u00e9seket nem tett a v\u00e1rhat\u00f3 k\u00e1rok megel\u0151z\u00e9s\u00e9re.<br \/>\nA recesszi\u00f3t k\u00f6vet\u0151en azonban felismerte, hogy a talpra \u00e1ll\u00e1s lass\u00fa folyamat lesz, \u00e9s hogy nem kell f\u00e9lni az infl\u00e1ci\u00f3t\u00f3l, aminek k\u00f6vetkezt\u00e9ben m\u00e9g Bernank\u00e9n\u00e9l is akt\u00edvabban t\u00e1mogatta, hogy a Federal Reserve akt\u00edv szerepet v\u00e1llaljon a gazdas\u00e1g\u00e9l\u00e9nk\u00edt\u00e9sben.<br \/>\nNoha a kor\u00e1bbi elemz\u0151i \u00e9s sajt\u00f3\u00e9rtes\u00fcl\u00e9sek arra utaltak, hogy az jel\u00f6lt szen\u00e1tusi meger\u0151s\u00edt\u00e9se nem j\u00e1r majd k\u00fcl\u00f6n\u00f6sebb neh\u00e9zs\u00e9gekkel, John Cornyn, aki a m\u00e1sodik legid\u0151sebb republik\u00e1nus szen\u00e1tor, hangoztatta, hogy er\u0151s fenntart\u00e1sai vannak Yellennel kapcsolatban. Szerinte a Bernanke hely\u00e9re kiszemelt k\u00f6zgazd\u00e1sz a liber\u00e1lis iskola k\u00e9pvisel\u0151je, aki \u00fagy gondolja, hogy az orsz\u00e1g p\u00e9nz\u00fcgyi neh\u00e9zs\u00e9geit &#8222;m\u00e9g t\u00f6bb p\u00e9nzkidob\u00e1ssal kell&#8221; megoldani.(MTI)<\/p>\n","protected":false},"excerpt":{"rendered":"<p>\u00a0Ha a szen\u00e1tus j\u00f3v\u00e1hagyja a jel\u00f6l\u00e9st, akkor a jelenleg aleln\u00f6ki tiszts\u00e9get bet\u00f6lt\u0151, 67 esztend\u0151s Yellen lesz az els\u0151 n\u0151 az int\u00e9zm\u00e9ny \u00e9l\u00e9n. Egy\u00fattal csaknem h\u00e1rom \u00e9vtized ut\u00e1n \u0151 lesz a Fed els\u0151 demokrata p\u00e1rti eln\u00f6ke.<\/p>\n","protected":false},"author":1,"featured_media":18434,"comment_status":"open","ping_status":"closed","sticky":false,"template":"","format":"standard","meta":[],"categories":[13,122],"tags":[],"_links":{"self":[{"href":"https:\/\/gazdasagportal.hu\/index.php\/wp-json\/wp\/v2\/posts\/18433"}],"collection":[{"href":"https:\/\/gazdasagportal.hu\/index.php\/wp-json\/wp\/v2\/posts"}],"about":[{"href":"https:\/\/gazdasagportal.hu\/index.php\/wp-json\/wp\/v2\/types\/post"}],"author":[{"embeddable":true,"href":"https:\/\/gazdasagportal.hu\/index.php\/wp-json\/wp\/v2\/users\/1"}],"replies":[{"embeddable":true,"href":"https:\/\/gazdasagportal.hu\/index.php\/wp-json\/wp\/v2\/comments?post=18433"}],"version-history":[{"count":1,"href":"https:\/\/gazdasagportal.hu\/index.php\/wp-json\/wp\/v2\/posts\/18433\/revisions"}],"predecessor-version":[{"id":18435,"href":"https:\/\/gazdasagportal.hu\/index.php\/wp-json\/wp\/v2\/posts\/18433\/revisions\/18435"}],"wp:featuredmedia":[{"embeddable":true,"href":"https:\/\/gazdasagportal.hu\/index.php\/wp-json\/wp\/v2\/media\/18434"}],"wp:attachment":[{"href":"https:\/\/gazdasagportal.hu\/index.php\/wp-json\/wp\/v2\/media?parent=18433"}],"wp:term":[{"taxonomy":"category","embeddable":true,"href":"https:\/\/gazdasagportal.hu\/index.php\/wp-json\/wp\/v2\/categories?post=18433"},{"taxonomy":"post_tag","embeddable":true,"href":"https:\/\/gazdasagportal.hu\/index.php\/wp-json\/wp\/v2\/tags?post=18433"}],"curies":[{"name":"wp","href":"https:\/\/api.w.org\/{rel}","templated":true}]}}