{"id":18290,"date":"2013-10-08T11:06:15","date_gmt":"2013-10-08T09:06:15","guid":{"rendered":"http:\/\/stockportal.hu\/?p=18290"},"modified":"2013-10-08T11:06:15","modified_gmt":"2013-10-08T09:06:15","slug":"a-nyugati-vilagban-izraelbol-a-legnagyobb-az-agyelszivas","status":"publish","type":"post","link":"https:\/\/gazdasagportal.hu\/index.php\/a-nyugati-vilagban-izraelbol-a-legnagyobb-az-agyelszivas\/","title":{"rendered":"A nyugati vil\u00e1gban Izraelb\u0151l a legnagyobb az agyelsz\u00edv\u00e1s"},"content":{"rendered":"<p><strong>A nyugati vil\u00e1gban a legnagyobb ar\u00e1nyban a j\u00f3l k\u00e9pzett izraeliek keresik k\u00fclf\u00f6ld\u00f6n a boldogul\u00e1st a Taub k\u00f6zpont nev\u0171 jeruzs\u00e1lemi t\u00e1rsadalomkutat\u00f3 int\u00e9zet jelent\u00e9se szerint, amelyet a H\u00e1\u00e1rec c\u00edm\u0171 lap kedden ismertetett.<!--more--><\/strong><\/p>\n<p>A tanulm\u00e1ny szerint az elm\u00falt negyven \u00e9vben nagyban cs\u00f6kkent az egy di\u00e1kra k\u00f6lt\u00f6tt, valamint az egyetemek vezet\u0151 kutat\u00f3ira sz\u00e1nt \u00f6sszeg, mik\u00f6zben egyre t\u00f6bb adjunktust \u00e9s kezd\u0151 oktat\u00f3t alkalmaztak. Minden sz\u00e1z izraeli egyetemi tan\u00e1rra 29 amerikai int\u00e9zm\u00e9nyekben tan\u00edt\u00f3 izraeli tud\u00f3s jut, m\u00edg n\u00e9gy \u00e9vvel ezel\u0151tt csak 25-en k\u00f6lt\u00f6ztek Amerik\u00e1ba dolgozni sz\u00e1z Izraelben marad\u00f3 mellett.<br \/>\nA jelent\u00e9s szerint 2002 \u00e9s 2010 k\u00f6z\u00f6tt kezd\u0151d\u00f6tt az \u201eelveszett \u00e9vtizedk\u00e9nt\u201d megjel\u00f6lt leszakad\u00e1s, amikor a di\u00e1kok sz\u00e1m\u00e1nak emelked\u00e9s\u00e9vel egy id\u0151ben cs\u00f6kkenni kezdtek a fels\u0151oktat\u00e1sra ford\u00edtott p\u00e9nzek, b\u00e1r vannak tud\u00f3sok, akik szerint m\u00e1r a hetvenes \u00e9vek v\u00e9g\u00e9n kiesett a korm\u00e1ny priorit\u00e1sainak list\u00e1j\u00e1r\u00f3l az egyetemi k\u00e9pz\u00e9s.<br \/>\n1973-ban 131 vezet\u0151 tansz\u00e9ki oktat\u00f3 jutott sz\u00e1zezer izraelire, de 2011-re ar\u00e1nyuk 54 sz\u00e1zal\u00e9kkal, 62-re cs\u00f6kkent, mik\u00f6zben a di\u00e1kok sz\u00e1ma 400 sz\u00e1zal\u00e9kkal, a tan\u00e1ri g\u00e1rda l\u00e9tsz\u00e1ma pedig csak 40 sz\u00e1zal\u00e9kkal emelkedett. 1979-ben 82 400 s\u00e9kelt k\u00f6lt\u00f6ttek egy tanul\u00f3ra, m\u00edg 2011-ben m\u00e1r csak 26 500-at.(MTI)<\/p>\n","protected":false},"excerpt":{"rendered":"<p>A nyugati vil\u00e1gban a legnagyobb ar\u00e1nyban a j\u00f3l k\u00e9pzett izraeliek keresik k\u00fclf\u00f6ld\u00f6n a boldogul\u00e1st a Taub k\u00f6zpont nev\u0171 jeruzs\u00e1lemi t\u00e1rsadalomkutat\u00f3 int\u00e9zet jelent\u00e9se szerint, amelyet a H\u00e1\u00e1rec c\u00edm\u0171 lap kedden ismertetett.<\/p>\n","protected":false},"author":1,"featured_media":0,"comment_status":"open","ping_status":"closed","sticky":false,"template":"","format":"standard","meta":[],"categories":[16],"tags":[],"_links":{"self":[{"href":"https:\/\/gazdasagportal.hu\/index.php\/wp-json\/wp\/v2\/posts\/18290"}],"collection":[{"href":"https:\/\/gazdasagportal.hu\/index.php\/wp-json\/wp\/v2\/posts"}],"about":[{"href":"https:\/\/gazdasagportal.hu\/index.php\/wp-json\/wp\/v2\/types\/post"}],"author":[{"embeddable":true,"href":"https:\/\/gazdasagportal.hu\/index.php\/wp-json\/wp\/v2\/users\/1"}],"replies":[{"embeddable":true,"href":"https:\/\/gazdasagportal.hu\/index.php\/wp-json\/wp\/v2\/comments?post=18290"}],"version-history":[{"count":1,"href":"https:\/\/gazdasagportal.hu\/index.php\/wp-json\/wp\/v2\/posts\/18290\/revisions"}],"predecessor-version":[{"id":18291,"href":"https:\/\/gazdasagportal.hu\/index.php\/wp-json\/wp\/v2\/posts\/18290\/revisions\/18291"}],"wp:attachment":[{"href":"https:\/\/gazdasagportal.hu\/index.php\/wp-json\/wp\/v2\/media?parent=18290"}],"wp:term":[{"taxonomy":"category","embeddable":true,"href":"https:\/\/gazdasagportal.hu\/index.php\/wp-json\/wp\/v2\/categories?post=18290"},{"taxonomy":"post_tag","embeddable":true,"href":"https:\/\/gazdasagportal.hu\/index.php\/wp-json\/wp\/v2\/tags?post=18290"}],"curies":[{"name":"wp","href":"https:\/\/api.w.org\/{rel}","templated":true}]}}