{"id":18229,"date":"2013-10-07T14:04:18","date_gmt":"2013-10-07T12:04:18","guid":{"rendered":"http:\/\/stockportal.hu\/?p=18229"},"modified":"2013-10-07T14:04:18","modified_gmt":"2013-10-07T12:04:18","slug":"soros-gyorgy-szerint-feltetlenul-el-kell-engedni-a-gorog-kozadossag-egy-reszet","status":"publish","type":"post","link":"https:\/\/gazdasagportal.hu\/index.php\/soros-gyorgy-szerint-feltetlenul-el-kell-engedni-a-gorog-kozadossag-egy-reszet\/","title":{"rendered":"Soros Gy\u00f6rgy szerint felt\u00e9tlen\u00fcl el kell engedni a g\u00f6r\u00f6g k\u00f6zad\u00f3ss\u00e1g egy r\u00e9sz\u00e9t"},"content":{"rendered":"<p><strong>Soros: k\u00f6nny\u00edteni kell G\u00f6r\u00f6gorsz\u00e1g t\u00f6rleszt\u00e9si terhein. Soros Gy\u00f6rgy szerint felt\u00e9tlen\u00fcl el kell engedni a g\u00f6r\u00f6g k\u00f6zad\u00f3ss\u00e1g egy r\u00e9sz\u00e9t, k\u00fcl\u00f6nben az orsz\u00e1g soha nem fog tudni talpra \u00e1llni. Amennyiben N\u00e9metorsz\u00e1g nem v\u00e1ltoztat eur\u00f3pai politik\u00e1j\u00e1n, azzal csak a sz\u00e9ls\u0151s\u00e9ges politikai p\u00e1rtok felemelked\u00e9s\u00e9t seg\u00edti &#8211; figyelmeztetett a befektet\u00e9si szakember a n\u00e9met Spiegel Online h\u00edrport\u00e1lnak adott interj\u00faban.<!--more--><\/strong><\/p>\n<p>Soros Gy\u00f6rgy szerint mindenki sz\u00e1m\u00e1ra vil\u00e1gos, hogy G\u00f6r\u00f6gorsz\u00e1g soha nem lesz k\u00e9pes visszafizetni ad\u00f3ss\u00e1g\u00e1t. &#8222;Mag\u00e1nbefektet\u0151kkel folytatott t\u00e1rgyal\u00e1sok alapj\u00e1n bizton \u00e1ll\u00edthatom, hogy visszat\u00e9rn\u00e9nek az orsz\u00e1gba, amennyiben az \u00e1llami hitelez\u0151k elengedn\u00e9k a tartoz\u00e1sok egy r\u00e9sz\u00e9t \u00e9s Ath\u00e9n is tartan\u00e1 mag\u00e1t a Trojka k\u00f6vetelm\u00e9nyeinek teljes\u00edt\u00e9s\u00e9hez. Az orsz\u00e1g \u00edgy gyorsan talpra tudna \u00e1llni&#8221; &#8211; fogalmazott.<br \/>\nA n\u00e9met korm\u00e1ny hat\u00e1rozottan elveti az \u00e1llami hitelez\u0151kkel szembeni g\u00f6r\u00f6g ad\u00f3ss\u00e1g le\u00edr\u00e1s\u00e1t, legfeljebb alacsonyabb kamatokr\u00f3l, illetve a futamid\u0151 meghosszabb\u00edt\u00e1s\u00e1r\u00f3l hajland\u00f3 t\u00e1rgyalni a t\u00e9m\u00e1ban. Ezeket a megold\u00e1sokat azonban sok k\u00f6zgazd\u00e1sz nem tartja elegend\u0151nek.<br \/>\nAz ESM eur\u00f3pai ment\u0151alap igazgat\u00f3ja Klaus Regling is azon a v\u00e9lem\u00e9nyen van, hogy a mechanizmus alapszab\u00e1lya nem teszi lehet\u0151v\u00e9 ad\u00f3ss\u00e1g elenged\u00e9s\u00e9t. A g\u00f6r\u00f6g ad\u00f3ss\u00e1g oroszl\u00e1nr\u00e9sze olyan k\u00f6zint\u00e9zm\u00e9nyekkel szemben \u00e1ll fenn, mint a Nemzetk\u00f6zi Valutaalap (IMF), az Eur\u00f3pai K\u00f6zponti Bank (EKB), illetve uni\u00f3s tag\u00e1llamok. Az ad\u00f3s\u00e1g le\u00edr\u00e1s\u00e1val teh\u00e1t els\u0151sorban ad\u00f3fizet\u0151i p\u00e9nzek veszn\u00e9nek el.<br \/>\n&#8222;Ezeket az ad\u00f3ss\u00e1gokat jelenleg nem lehet le\u00edrni, mert az sz\u00e1mos tabut s\u00e9rtene meg, els\u0151sorban is az EKB-vel kapcsolatban&#8221; &#8211; ismerte el Soros Gy\u00f6rgy az interj\u00faban. &#8222;Ezeket a tabukat azonban n\u00e9met vezet\u00e9ssel fel lehetne oldani &#8211; mutatott r\u00e1. &#8222;N\u00e9metorsz\u00e1gnak jobb lenne nem megfeledkeznie arr\u00f3l, hogy a m\u00e1sodik vil\u00e1gh\u00e1bor\u00fa ut\u00e1n maga is t\u00f6bb alkalommal volt ad\u00f3ss\u00e1gle\u00edr\u00e1s \u00e9s t\u00f6rleszt\u00e9si halaszt\u00e1s kedvezm\u00e9nyezettje, egyebek k\u00f6z\u00f6tt G\u00f6r\u00f6gorsz\u00e1g r\u00e9sz\u00e9r\u0151l. Most viszont teljesen merev \u00e9s hajthatatlan&#8221; &#8211; fogalmazott Soros Gy\u00f6rgy.<br \/>\nA befektet\u00e9si szakember r\u00e1mutatott, hogy az els\u0151 vil\u00e1gh\u00e1bor\u00fat k\u00f6vet\u0151en \u00e9ppen a makacs francia j\u00f3v\u00e1t\u00e9teli k\u00f6vetel\u00e9sek alapozt\u00e1k meg a sz\u00e9ls\u0151s\u00e9ges politikai er\u0151k n\u00e9metorsz\u00e1gi felemelked\u00e9s\u00e9t, \u00e9s G\u00f6r\u00f6gorsz\u00e1gban is most hasonl\u00f3 jelens\u00e9gek figyelhet\u0151ek meg. Amennyiben Angela Merkel nem v\u00e1ltoztat politik\u00e1j\u00e1n akkor a v\u00e1laszt\u00e1sokon csak pirruszi gy\u0151zelmet aratott &#8211; hangs\u00falyozta. &#8222;A kr\u00edzis ut\u00e1n kialakult helyzet nem stabil \u00e9s nem elviselhet\u0151. Ha N\u00e9metorsz\u00e1g nem v\u00e1llalja mag\u00e1ra a megold\u00e1s terh\u00e9t, akkor sz\u00e9teshet az Eur\u00f3pai Uni\u00f3, ami viszont egy\u00e1ltal\u00e1n nem felel meg N\u00e9metorsz\u00e1g \u00e9rdekeinek&#8221; &#8211; figyelmeztetett a Spiegel Online h\u00edrport\u00e1lnak adott interj\u00faban Soros Gy\u00f6rgy.(MTI)<\/p>\n","protected":false},"excerpt":{"rendered":"<p>Soros: k\u00f6nny\u00edteni kell G\u00f6r\u00f6gorsz\u00e1g t\u00f6rleszt\u00e9si terhein. Soros Gy\u00f6rgy szerint felt\u00e9tlen\u00fcl el kell engedni a g\u00f6r\u00f6g k\u00f6zad\u00f3ss\u00e1g egy r\u00e9sz\u00e9t, k\u00fcl\u00f6nben az orsz\u00e1g soha nem fog tudni talpra \u00e1llni. Amennyiben N\u00e9metorsz\u00e1g nem v\u00e1ltoztat eur\u00f3pai politik\u00e1j\u00e1n, azzal csak a sz\u00e9ls\u0151s\u00e9ges politikai p\u00e1rtok felemelked\u00e9s\u00e9t seg\u00edti &#8211; figyelmeztetett a befektet\u00e9si szakember a n\u00e9met Spiegel Online h\u00edrport\u00e1lnak adott interj\u00faban.<\/p>\n","protected":false},"author":1,"featured_media":0,"comment_status":"open","ping_status":"closed","sticky":false,"template":"","format":"standard","meta":[],"categories":[12],"tags":[],"_links":{"self":[{"href":"https:\/\/gazdasagportal.hu\/index.php\/wp-json\/wp\/v2\/posts\/18229"}],"collection":[{"href":"https:\/\/gazdasagportal.hu\/index.php\/wp-json\/wp\/v2\/posts"}],"about":[{"href":"https:\/\/gazdasagportal.hu\/index.php\/wp-json\/wp\/v2\/types\/post"}],"author":[{"embeddable":true,"href":"https:\/\/gazdasagportal.hu\/index.php\/wp-json\/wp\/v2\/users\/1"}],"replies":[{"embeddable":true,"href":"https:\/\/gazdasagportal.hu\/index.php\/wp-json\/wp\/v2\/comments?post=18229"}],"version-history":[{"count":1,"href":"https:\/\/gazdasagportal.hu\/index.php\/wp-json\/wp\/v2\/posts\/18229\/revisions"}],"predecessor-version":[{"id":18230,"href":"https:\/\/gazdasagportal.hu\/index.php\/wp-json\/wp\/v2\/posts\/18229\/revisions\/18230"}],"wp:attachment":[{"href":"https:\/\/gazdasagportal.hu\/index.php\/wp-json\/wp\/v2\/media?parent=18229"}],"wp:term":[{"taxonomy":"category","embeddable":true,"href":"https:\/\/gazdasagportal.hu\/index.php\/wp-json\/wp\/v2\/categories?post=18229"},{"taxonomy":"post_tag","embeddable":true,"href":"https:\/\/gazdasagportal.hu\/index.php\/wp-json\/wp\/v2\/tags?post=18229"}],"curies":[{"name":"wp","href":"https:\/\/api.w.org\/{rel}","templated":true}]}}