{"id":18213,"date":"2013-10-07T12:24:51","date_gmt":"2013-10-07T10:24:51","guid":{"rendered":"http:\/\/stockportal.hu\/?p=18213"},"modified":"2013-10-07T11:51:49","modified_gmt":"2013-10-07T09:51:49","slug":"a-kinai-kozeposztalyban-latnak-novekedesi-lehetoseget-az-azsiai-vallalatvezetok","status":"publish","type":"post","link":"https:\/\/gazdasagportal.hu\/index.php\/a-kinai-kozeposztalyban-latnak-novekedesi-lehetoseget-az-azsiai-vallalatvezetok\/","title":{"rendered":"A k\u00ednai k\u00f6z\u00e9poszt\u00e1lyban l\u00e1tnak n\u00f6veked\u00e9si lehet\u0151s\u00e9get az \u00e1zsiai v\u00e1llalatvezet\u0151k"},"content":{"rendered":"<p><strong>K\u00edna urbaniz\u00e1ci\u00f3s t\u00f6rekv\u00e9sei, k\u00f6z\u00e9poszt\u00e1ly\u00e1nak jelent\u0151s sz\u00e1mbeli b\u0151v\u00fcl\u00e9se \u00e9s az ezekb\u0151l ad\u00f3d\u00f3 befektet\u00e9si \u00e9s infrastruktur\u00e1lis projektek jelentik majd a k\u00f6vetkez\u0151 \u00e9vekben a gazdas\u00e1gi n\u00f6veked\u00e9s motorj\u00e1t az \u00c1zsiai-Csendes-\u00f3ce\u00e1ni Gazdas\u00e1gi Egy\u00fcttm\u0171k\u00f6d\u00e9s (APEC) orsz\u00e1gainak c\u00e9gvezet\u0151i szerint.<!--more--><\/strong><\/p>\n<p>A PricewaterhouseCoopers \u00e1ltal f\u00e9lezer v\u00e1llaltvezet\u0151 megk\u00e9rdez\u00e9s\u00e9vel k\u00e9sz\u00edtett, a szervezet \u00e9ves cs\u00facstal\u00e1lkoz\u00f3j\u00e1nak kezdet\u00e9re id\u0151z\u00edtett k\u00f6zv\u00e9lem\u00e9ny-kutat\u00e1s szerint a t\u00e9rs\u00e9gi \u00fczletemberek 3-5 \u00e9ves t\u00e1vlatban tov\u00e1bbra is K\u00edn\u00e1t tartj\u00e1k a legvonz\u00f3bb befektet\u00e9si c\u00e9lpontnak, t\u00f6bb mint k\u00e9tharmaduk a j\u00f6v\u0151ben n\u00f6velni k\u00edv\u00e1nja befektet\u00e9s\u00e9nek volumen\u00e9t.<br \/>\nA v\u00e1laszad\u00f3k a 21 APEC-orsz\u00e1g k\u00f6z\u00fcl legt\u00f6bben Indon\u00e9zi\u00e1t \u00e9s az Egyes\u00fclt \u00c1llamokat jel\u00f6lt\u00e9k meg K\u00edna ut\u00e1n kiemelt befektet\u00e9si c\u00e9lpontk\u00e9nt.<br \/>\nA felm\u00e9r\u00e9sb\u0151l kider\u00fcl, a megk\u00e9rdezett v\u00e1llalatvezet\u0151k tiszt\u00e1ban vannak a K\u00edna el\u0151tt \u00e1ll\u00f3 kih\u00edv\u00e1sokkal, \u00edgy a n\u00f6vekv\u0151 p\u00e9nz\u00fcgyi kock\u00e1zatokkal, az emelked\u0151 b\u00e9rekkel \u00e9s a k\u00ednai gazdas\u00e1g \u00e1ltal\u00e1nos lassul\u00e1s\u00e1val. Ezek miatt ugyanakkor nem agg\u00f3dnak k\u00fcl\u00f6n\u00f6sebben, mondv\u00e1n, a d\u00f6nt\u00e9shoz\u00f3k felk\u00e9sz\u00fcltek a v\u00e1ltoz\u00e1sok kezel\u00e9s\u00e9re, a makrogazdas\u00e1g stabil, a fel\u00fcgyel\u0151 szervek k\u00f6vetkezetes l\u00e9p\u00e9seket tesznek.<br \/>\nA felm\u00e9r\u00e9s arra is r\u00e1mutat: a c\u00e9gvezet\u0151k bizalma er\u0151s\u00f6d\u0151ben van, a PwC-nek t\u00edzb\u0151l n\u00e9gyen mondt\u00e1k azt, hogy &#8222;nagyon biztosak&#8221; bev\u00e9tel\u00fck n\u00f6veked\u00e9s\u00e9ben, tavaly ugyanakkor m\u00e9g csak 36 sz\u00e1zal\u00e9k volt ez az ar\u00e1ny.<br \/>\nNemcsak K\u00edn\u00e1t, de az eg\u00e9sz APEC-t\u00e9rs\u00e9get illet\u0151en is a k\u00f6z\u00e9poszt\u00e1ly n\u00f6veked\u00e9se \u00e9s a v\u00e1rosiasod\u00e1s trendj\u00e9b\u0151l fakad\u00f3 lehet\u0151s\u00e9gek t\u00e1pl\u00e1lj\u00e1k az optimizmust. A v\u00e1llalatvezet\u0151k csaknem 90 sz\u00e1zal\u00e9ka fogalmazott \u00fagy: j\u00f6v\u0151beli b\u0151v\u00edt\u00e9si strat\u00e9gi\u00e1j\u00e1t a k\u00f6z\u00e9poszt\u00e1lybeli fogyaszt\u00f3k hat\u00e1rozz\u00e1k majd meg.<br \/>\nA v\u00e1laszok szerint a befektet\u00e9sek jelent\u0151s r\u00e9sz\u00e9t az \u0151 ig\u00e9nyeiket kiel\u00e9g\u00edt\u0151 \u00faj term\u00e9kek kifejleszt\u00e9s\u00e9re, szolg\u00e1ltat\u00e1sok biztos\u00edt\u00e1s\u00e1ra \u00e9s eloszt\u00f3 kapacit\u00e1sok l\u00e9trehozatal\u00e1ra sz\u00e1nj\u00e1k, a v\u00e1llalatvezet\u0151k negyede a fenti c\u00e9lokat seg\u00edtend\u0151 &#8222;komoly v\u00e1ltoz\u00e1sokat&#8221; tervez a j\u00f6v\u0151ben.(MTI)<\/p>\n","protected":false},"excerpt":{"rendered":"<p>K\u00edna urbaniz\u00e1ci\u00f3s t\u00f6rekv\u00e9sei, k\u00f6z\u00e9poszt\u00e1ly\u00e1nak jelent\u0151s sz\u00e1mbeli b\u0151v\u00fcl\u00e9se \u00e9s az ezekb\u0151l ad\u00f3d\u00f3 befektet\u00e9si \u00e9s infrastruktur\u00e1lis projektek jelentik majd a k\u00f6vetkez\u0151 \u00e9vekben a gazdas\u00e1gi n\u00f6veked\u00e9s motorj\u00e1t az \u00c1zsiai-Csendes-\u00f3ce\u00e1ni Gazdas\u00e1gi Egy\u00fcttm\u0171k\u00f6d\u00e9s (APEC) orsz\u00e1gainak c\u00e9gvezet\u0151i szerint.<\/p>\n","protected":false},"author":1,"featured_media":0,"comment_status":"open","ping_status":"closed","sticky":false,"template":"","format":"standard","meta":[],"categories":[14],"tags":[],"_links":{"self":[{"href":"https:\/\/gazdasagportal.hu\/index.php\/wp-json\/wp\/v2\/posts\/18213"}],"collection":[{"href":"https:\/\/gazdasagportal.hu\/index.php\/wp-json\/wp\/v2\/posts"}],"about":[{"href":"https:\/\/gazdasagportal.hu\/index.php\/wp-json\/wp\/v2\/types\/post"}],"author":[{"embeddable":true,"href":"https:\/\/gazdasagportal.hu\/index.php\/wp-json\/wp\/v2\/users\/1"}],"replies":[{"embeddable":true,"href":"https:\/\/gazdasagportal.hu\/index.php\/wp-json\/wp\/v2\/comments?post=18213"}],"version-history":[{"count":1,"href":"https:\/\/gazdasagportal.hu\/index.php\/wp-json\/wp\/v2\/posts\/18213\/revisions"}],"predecessor-version":[{"id":18214,"href":"https:\/\/gazdasagportal.hu\/index.php\/wp-json\/wp\/v2\/posts\/18213\/revisions\/18214"}],"wp:attachment":[{"href":"https:\/\/gazdasagportal.hu\/index.php\/wp-json\/wp\/v2\/media?parent=18213"}],"wp:term":[{"taxonomy":"category","embeddable":true,"href":"https:\/\/gazdasagportal.hu\/index.php\/wp-json\/wp\/v2\/categories?post=18213"},{"taxonomy":"post_tag","embeddable":true,"href":"https:\/\/gazdasagportal.hu\/index.php\/wp-json\/wp\/v2\/tags?post=18213"}],"curies":[{"name":"wp","href":"https:\/\/api.w.org\/{rel}","templated":true}]}}