{"id":1813,"date":"2013-02-02T07:44:57","date_gmt":"2013-02-02T06:44:57","guid":{"rendered":"http:\/\/stockportal.hu\/?p=1813"},"modified":"2013-02-02T07:45:41","modified_gmt":"2013-02-02T06:45:41","slug":"a-feher-haz-elitelte-az-ankarai-amerikai-kovetseg-elleni-tamadast","status":"publish","type":"post","link":"https:\/\/gazdasagportal.hu\/index.php\/a-feher-haz-elitelte-az-ankarai-amerikai-kovetseg-elleni-tamadast\/","title":{"rendered":"A Feh\u00e9r H\u00e1z el\u00edt\u00e9lte az ankarai amerikai k\u00f6vets\u00e9g elleni t\u00e1mad\u00e1st"},"content":{"rendered":"<p><strong>A Feh\u00e9r H\u00e1z \u00e9s a NATO p\u00e9nteken hat\u00e1rozottan el\u00edt\u00e9lte az ankarai amerikai k\u00f6vets\u00e9g elk\u00f6vetett t\u00e1mad\u00e1st.<!--more--><\/strong><\/p>\n<p>Jay Carney, az amerikai eln\u00f6ki hivatal sz\u00f3viv\u0151je kijelentette, hogy az Egyes\u00fclt \u00c1llamok egy\u00fcttm\u0171k\u00f6dik a t\u00f6r\u00f6k hat\u00f3s\u00e1gokkal a felel\u0151s\u00f6k k\u00e9zre ker\u00edt\u00e9se \u00e9rdek\u00e9ben.<br \/>\nA sz\u00f3viv\u0151 szerint m\u00e9g nem tudj\u00e1k, hogy ki \u00e1ll az \u00f6ngyilkos mer\u00e9nylet h\u00e1tter\u00e9ben, de hangs\u00falyozta, hogy az terrort\u00e1mad\u00e1snak min\u0151s\u00edtend\u0151.<br \/>\nA t\u00f6r\u00f6k hat\u00f3s\u00e1gok szerint a mer\u00e9nylet h\u00e1tter\u00e9ben, amelyben az elk\u00f6vet\u0151 mellett egy n\u0151i biztons\u00e1gi \u0151r is \u00e9let\u00e9t vesztette, egy sz\u00e9ls\u0151baloldali szervezet \u00e1ll. Sajt\u00f3\u00e9rtes\u00fcl\u00e9sek szerint az elk\u00f6vet\u0151 Ecevit Sanli, a N\u00e9pi Felszabad\u00edt\u00f3 Forradalmi P\u00e1rt\/Front tagja volt.<br \/>\nA feh\u00e9r h\u00e1zi sz\u00f3viv\u0151 p\u00e9nteki sajt\u00f3t\u00e1j\u00e9koztat\u00f3j\u00e1n hangot adott meggy\u0151z\u0151d\u00e9s\u00e9nek, hogy Chuck Hagel v\u00e9delmi miniszteri kinevez\u00e9s\u00e9t a szen\u00e1tus annak ellen\u00e9re is j\u00f3v\u00e1 fogja hagyni, hogy jel\u00f6lt cs\u00fct\u00f6rt\u00f6ki v\u00e9delmi bizotts\u00e1gi meghallgat\u00e1sa meglehet\u0151sen viharos volt. Carney el\u00edt\u00e9lte a Hagel ellen John McCain republik\u00e1nus szen\u00e1tor \u00e1ltal vezetett &#8222;zajos&#8221; t\u00e1mad\u00e1st \u00e9s \u00fagy v\u00e9lekedett, hogy annak hat\u00e1s\u00e1ra t\u00f6bben fognak a Pentagon \u00e9l\u00e9re kijel\u00f6lt politikusra szavazni.<br \/>\nHat\u00e1rozottan el\u00edt\u00e9lte az ankarai mer\u00e9nyletet a NATO is. Br\u00fcsszelben kiadott k\u00f6zlem\u00e9ny\u00e9ben Anders Fogh Rasmussen f\u0151titk\u00e1r \u00fagy fogalmazott: &#8222;elfogadhatatlan cselekedetr\u0151l van sz\u00f3 az egyik tagorsz\u00e1g diplom\u00e1ciai szolg\u00e1lata ellen egy m\u00e1sik tag\u00e1llam ter\u00fclet\u00e9n&#8221;.<br \/>\nA politikus el\u00edt\u00e9lte azt is, hogy a mer\u00e9nyl\u0151 &#8222;a legkev\u00e9sb\u00e9 sem volt tekintettel az emberi \u00e9letre \u00e9s a diplom\u00e1ciai test\u00fclet s\u00e9rthetetlens\u00e9g\u00e9re&#8221;. Megism\u00e9telte, hogy &#8222;a terrorizmust semmilyen form\u00e1j\u00e1ban \u00e9s megnyilv\u00e1nul\u00e1s\u00e1ban nem lehet elt\u0171rni&#8221;. (MTI)<\/p>\n","protected":false},"excerpt":{"rendered":"<p>A Feh\u00e9r H\u00e1z \u00e9s a NATO p\u00e9nteken hat\u00e1rozottan el\u00edt\u00e9lte az ankarai amerikai k\u00f6vets\u00e9g elk\u00f6vetett t\u00e1mad\u00e1st.<\/p>\n","protected":false},"author":1,"featured_media":0,"comment_status":"closed","ping_status":"closed","sticky":false,"template":"","format":"standard","meta":[],"categories":[13,12,16],"tags":[],"_links":{"self":[{"href":"https:\/\/gazdasagportal.hu\/index.php\/wp-json\/wp\/v2\/posts\/1813"}],"collection":[{"href":"https:\/\/gazdasagportal.hu\/index.php\/wp-json\/wp\/v2\/posts"}],"about":[{"href":"https:\/\/gazdasagportal.hu\/index.php\/wp-json\/wp\/v2\/types\/post"}],"author":[{"embeddable":true,"href":"https:\/\/gazdasagportal.hu\/index.php\/wp-json\/wp\/v2\/users\/1"}],"replies":[{"embeddable":true,"href":"https:\/\/gazdasagportal.hu\/index.php\/wp-json\/wp\/v2\/comments?post=1813"}],"version-history":[{"count":3,"href":"https:\/\/gazdasagportal.hu\/index.php\/wp-json\/wp\/v2\/posts\/1813\/revisions"}],"predecessor-version":[{"id":1816,"href":"https:\/\/gazdasagportal.hu\/index.php\/wp-json\/wp\/v2\/posts\/1813\/revisions\/1816"}],"wp:attachment":[{"href":"https:\/\/gazdasagportal.hu\/index.php\/wp-json\/wp\/v2\/media?parent=1813"}],"wp:term":[{"taxonomy":"category","embeddable":true,"href":"https:\/\/gazdasagportal.hu\/index.php\/wp-json\/wp\/v2\/categories?post=1813"},{"taxonomy":"post_tag","embeddable":true,"href":"https:\/\/gazdasagportal.hu\/index.php\/wp-json\/wp\/v2\/tags?post=1813"}],"curies":[{"name":"wp","href":"https:\/\/api.w.org\/{rel}","templated":true}]}}