{"id":18113,"date":"2013-10-04T19:04:05","date_gmt":"2013-10-04T17:04:05","guid":{"rendered":"http:\/\/stockportal.hu\/?p=18113"},"modified":"2013-10-04T17:50:45","modified_gmt":"2013-10-04T15:50:45","slug":"nfm-keszul-az-energia-es-klimatudatossagi-szemleletformalasi-cselekvesi-terv","status":"publish","type":"post","link":"https:\/\/gazdasagportal.hu\/index.php\/nfm-keszul-az-energia-es-klimatudatossagi-szemleletformalasi-cselekvesi-terv\/","title":{"rendered":"NFM: k\u00e9sz\u00fcl az Energia- \u00e9s kl\u00edmatudatoss\u00e1gi Szeml\u00e9letform\u00e1l\u00e1si Cselekv\u00e9si Terv"},"content":{"rendered":"<p><strong>A Nemzeti Energiastrat\u00e9gi\u00e1ra \u00e9p\u00fcl\u0151 Energia- \u00e9s kl\u00edmatudatoss\u00e1gi Szeml\u00e9letform\u00e1l\u00e1si Cselekv\u00e9si Terv tartalmi elemeit egyeztette a Nemzeti Fejleszt\u00e9si Miniszt\u00e9rium (NFM) az NKEK Nemzeti K\u00f6rnyezetv\u00e9delmi \u00e9s Energia K\u00f6zpont Nonprofit Kft. bevon\u00e1s\u00e1val p\u00e9nteken Budapesten, egy szakmai f\u00f3rumon &#8211; k\u00f6z\u00f6lte az NFM az MTI-vel.<!--more--><\/strong><\/p>\n<p>A szakt\u00e1rca k\u00f6zlem\u00e9ny\u00e9ben kiemelte: a nemzeti energiastrat\u00e9giai c\u00e9lok nem val\u00f3s\u00edthat\u00f3k meg az \u00e1llampolg\u00e1rok tev\u00e9keny r\u00e9szv\u00e9tele n\u00e9lk\u00fcl, \u00e9s elengedhetetlen\u00a0\u00a0a k\u00f6rnyezet- \u00e9s energiatudatos k\u00f6zgondolkod\u00e1s meger\u0151s\u00edt\u00e9se. Kov\u00e1cs P\u00e1l energia\u00fcgy\u00e9rt felel\u0151s \u00e1llamtitk\u00e1r a k\u00f6zlem\u00e9nyben hangs\u00falyozza, fontos, hogy a magyar t\u00e1rsadalom tagjai felismerj\u00e9k: egy\u00e9nileg is sz\u00fcks\u00e9ges megtervezni\u00fck, hogyan \u00e9sszer\u0171s\u00edthet\u0151 a csal\u00e1dok energiafogyaszt\u00e1sa, hogyan cs\u00f6kkenthetik saj\u00e1t eszk\u00f6z\u00f6kkel is rezsik\u00f6lts\u00e9geiket.<br \/>\nA Nemzeti Fejleszt\u00e9si Miniszt\u00e9rium a szeml\u00e9letform\u00e1l\u00e1si programokban \u00e9lenj\u00e1r\u00f3 szervezetek \u00e9s nagyv\u00e1llalatok, a k\u00f6zigazgat\u00e1s szerepl\u0151i \u00e9s a kutat\u00f3k szakmai egy\u00fcttm\u0171k\u00f6d\u00e9s\u00e9t k\u00e9rte a k\u00e9sz\u00fcl\u0151 cselekv\u00e9si terv finomhangol\u00e1s\u00e1hoz.<br \/>\nA korm\u00e1ny els\u0151sorban az \u00daj Sz\u00e9chenyi Terv forr\u00e1saib\u00f3l megval\u00f3sult kamp\u00e1nyokkal \u00e9s mintaprojektekkel t\u00f6rekedett a tudatoss\u00e1gra nevel\u00e9sre az energiafogyaszt\u00e1s ter\u00fclet\u00e9n &#8211; eml\u00e9keztet az NFM k\u00f6zlem\u00e9ny\u00e9ben.(MTI)<\/p>\n","protected":false},"excerpt":{"rendered":"<p>A Nemzeti Energiastrat\u00e9gi\u00e1ra \u00e9p\u00fcl\u0151 Energia- \u00e9s kl\u00edmatudatoss\u00e1gi Szeml\u00e9letform\u00e1l\u00e1si Cselekv\u00e9si Terv tartalmi elemeit egyeztette a Nemzeti Fejleszt\u00e9si Miniszt\u00e9rium (NFM) az NKEK Nemzeti K\u00f6rnyezetv\u00e9delmi \u00e9s Energia K\u00f6zpont Nonprofit Kft. bevon\u00e1s\u00e1val p\u00e9nteken Budapesten, egy szakmai f\u00f3rumon &#8211; k\u00f6z\u00f6lte az NFM az MTI-vel.<\/p>\n","protected":false},"author":1,"featured_media":0,"comment_status":"open","ping_status":"closed","sticky":false,"template":"","format":"standard","meta":[],"categories":[19],"tags":[],"_links":{"self":[{"href":"https:\/\/gazdasagportal.hu\/index.php\/wp-json\/wp\/v2\/posts\/18113"}],"collection":[{"href":"https:\/\/gazdasagportal.hu\/index.php\/wp-json\/wp\/v2\/posts"}],"about":[{"href":"https:\/\/gazdasagportal.hu\/index.php\/wp-json\/wp\/v2\/types\/post"}],"author":[{"embeddable":true,"href":"https:\/\/gazdasagportal.hu\/index.php\/wp-json\/wp\/v2\/users\/1"}],"replies":[{"embeddable":true,"href":"https:\/\/gazdasagportal.hu\/index.php\/wp-json\/wp\/v2\/comments?post=18113"}],"version-history":[{"count":1,"href":"https:\/\/gazdasagportal.hu\/index.php\/wp-json\/wp\/v2\/posts\/18113\/revisions"}],"predecessor-version":[{"id":18114,"href":"https:\/\/gazdasagportal.hu\/index.php\/wp-json\/wp\/v2\/posts\/18113\/revisions\/18114"}],"wp:attachment":[{"href":"https:\/\/gazdasagportal.hu\/index.php\/wp-json\/wp\/v2\/media?parent=18113"}],"wp:term":[{"taxonomy":"category","embeddable":true,"href":"https:\/\/gazdasagportal.hu\/index.php\/wp-json\/wp\/v2\/categories?post=18113"},{"taxonomy":"post_tag","embeddable":true,"href":"https:\/\/gazdasagportal.hu\/index.php\/wp-json\/wp\/v2\/tags?post=18113"}],"curies":[{"name":"wp","href":"https:\/\/api.w.org\/{rel}","templated":true}]}}