{"id":18103,"date":"2013-10-04T17:32:50","date_gmt":"2013-10-04T15:32:50","guid":{"rendered":"http:\/\/stockportal.hu\/?p=18103"},"modified":"2013-10-04T17:32:50","modified_gmt":"2013-10-04T15:32:50","slug":"gyurcsany-tovabbra-sem-szabad-lemondani-az-ellenzeki-osszefogasrol","status":"publish","type":"post","link":"https:\/\/gazdasagportal.hu\/index.php\/gyurcsany-tovabbra-sem-szabad-lemondani-az-ellenzeki-osszefogasrol\/","title":{"rendered":"Gyurcs\u00e1ny: tov\u00e1bbra sem szabad lemondani az ellenz\u00e9ki \u00f6sszefog\u00e1sr\u00f3l"},"content":{"rendered":"<p><strong>Gyurcs\u00e1ny Ferenc szerint tov\u00e1bbra sem szabad lemondani a teljes k\u00f6r\u0171 baloldali ellenz\u00e9ki \u00f6sszefog\u00e1sr\u00f3l \u2013 err\u0151l a Demokratikus Koal\u00edci\u00f3 (DK) eln\u00f6ke p\u00e9nteken a budapesti Szabads\u00e1g t\u00e9ren besz\u00e9lt, ahol nyilv\u00e1nos fogad\u00f3napot tartott. A volt minisztereln\u00f6k arra is kit\u00e9rt, hogy v\u00e9lem\u00e9nye szerint korm\u00e1nyv\u00e1lt\u00e1s eset\u00e9n is csak a legkor\u00e1bban 2016-ban pezsd\u00fclhet meg a gazdas\u00e1g.<!--more--><\/strong><\/p>\n<p>Gyurcs\u00e1ny Ferenc orsz\u00e1gj\u00e1r\u00e1s\u00e1nak tapasztalatai alapj\u00e1n azt mondta, hogy nem nagyon tal\u00e1lkozott olyan ellenz\u00e9ki szavaz\u00f3val, aki nem a baloldal p\u00e1rtjainak \u00f6sszefog\u00e1s\u00e1t s\u00fcrgetn\u00e9.<br \/>\nK\u00f6z\u00f6lte, ha m\u00e9gsem siker\u00fcl az \u00f6sszefog\u00e1s, akkor a baloldali p\u00e1rtoknak a v\u00e1laszt\u00e1s el\u0151tt &#8222;ar\u00e1nyosan, nagyvonal\u00faan&#8221; vissza kell l\u00e9ptetni\u00fck egym\u00e1s jav\u00e1ra egy\u00e9ni jel\u00f6ltjeiket, mert nem engedhetik meg, hogy a Fidesz \u00e9s Orb\u00e1n Viktor &#8222;nevet\u0151 harmadikk\u00e9nt&#8221; gy\u0151zedelmeskedjen.<br \/>\nGyurcs\u00e1ny Ferenc szerint csak akkor lesz t\u00f6bb munkahely, ha az orsz\u00e1g ir\u00e1nti bizalom \u00fajra\u00e9p\u00fcl, de ez hossz\u00fa folyamat. Hozz\u00e1tette, ha be is k\u00f6vetkezik a korm\u00e1nyv\u00e1lt\u00e1s, 2016-n\u00e1l el\u0151bb \u00e9rdemben akkor sem fog &#8222;megpezsd\u00fclni a gazdas\u00e1g&#8221;, mert olyan kev\u00e9s a beruh\u00e1z\u00e1s, hogy azok alapj\u00e1n a k\u00f6vetkez\u0151 k\u00e9t-h\u00e1rom \u00e9vben nem lesz t\u00f6bb munkahely.<br \/>\nA DK eln\u00f6ke azt mondta, csak akkor szabad az ellenz\u00e9kre szavazni, ha az embereknek van el\u00e9g kitart\u00e1suk ezt kiv\u00e1rni. Kijelentette: azt a &#8222;v\u00e9gtelen megosztotts\u00e1got, megb\u00e9lyegzetts\u00e9get&#8221; viszont, amit &#8222;ez a jobboldalinak nevezett rezsim r\u00e1k\u00e9nyszer\u00edt az orsz\u00e1gra&#8221;, egy-k\u00e9t h\u00e9t vagy h\u00f3nap alatt meg lehet sz\u00fcntetni.<br \/>\nKiemelte, alig van olyan ember, aki ne panaszkodna amiatt, hogy az elm\u00falt h\u00e1rom \u00e9vben &#8222;pokolian&#8221; megn\u00f6vekedtek a meg\u00e9lhet\u00e9si k\u00f6lts\u00e9gei. Hozz\u00e1tette: lehet a rezsir\u0151l besz\u00e9lni, de ez a meg\u00e9lhet\u00e9si k\u00f6lts\u00e9geknek csak egy kis r\u00e9sz\u00e9t jelenti.<br \/>\nArra is kit\u00e9rt, hogy a DK sz\u00e1m\u00e1ra nagyon fontos a v\u00e1laszt\u00f3kkal val\u00f3 tal\u00e1lkoz\u00e1s. Gyurcs\u00e1ny Ferenc azt \u00fczente Orb\u00e1n Viktornak, &#8222;legyen b\u00e1tors\u00e1ga a v\u00e1laszt\u00f3k k\u00f6z\u00e9 menni a TEK n\u00e9lk\u00fcl&#8221;.<br \/>\nK\u00f6z\u00f6lte, tov\u00e1bbra sem kapott v\u00e1laszt az Egy\u00fctt-PM-et vezet\u0151 Bajnai Gordont\u00f3l, illetve a szocialist\u00e1k p\u00e1rteln\u00f6k\u00e9t\u0151l, Mesterh\u00e1zy Attil\u00e1t\u00f3l arra az SMS-re, amelyben felaj\u00e1nlotta, hogy okt\u00f3ber 23-\u00e1n k\u00f6z\u00f6sen \u00fcnnepeljenek.<br \/>\n&#8222;\u00c9n v\u00e9gtelen t\u00fcrelemmel tudtam v\u00e9gighallgatni, amikor engem a Dun\u00e1ba k\u00edv\u00e1nt a jobboldal&#8221; \u2013 mondta. Mindezzel arra a k\u00e9rd\u00e9sre reag\u00e1lt, amelyik a v\u00e9lem\u00e9ny\u00e9t firtatta arr\u00f3l, hogy vas\u00e1rnap a Magyar Szolidarit\u00e1s Mozgalom rendezv\u00e9ny\u00e9n led\u00f6nt\u00f6ttek egy Orb\u00e1n Viktort \u00e1br\u00e1zol\u00f3 hungarocell szobrot. Gyurcs\u00e1ny Ferenc azt mondta, aki nem \u00e9rti a szobord\u00f6nt\u00e9s szimb\u00f3lum\u00e1t, az politikai \u00e9rtelemben s\u00fcket \u00e9s vak. Hozz\u00e1tette: nem a szobord\u00f6nt\u00e9ssel van baj, hanem Orb\u00e1n Viktor korm\u00e1nyz\u00e1s\u00e1val.<br \/>\nGyurcs\u00e1ny Ferenc egy emelv\u00e9nyen tartott nyilv\u00e1nos fogad\u00f3napot a Szabads\u00e1g t\u00e9ren, ahol a sajt\u00f3t\u00e1j\u00e9koztat\u00f3 id\u0151pontj\u00e1ban sz\u00e1z-k\u00e9tsz\u00e1z ember volt jelen. T\u00f6bbs\u00e9g\u00fck sorban \u00e1llt, hogy besz\u00e9lgethessen n\u00e9h\u00e1ny percet a volt korm\u00e1nyf\u0151vel. (MTI)<\/p>\n","protected":false},"excerpt":{"rendered":"<p>Gyurcs\u00e1ny Ferenc szerint tov\u00e1bbra sem szabad lemondani a teljes k\u00f6r\u0171 baloldali ellenz\u00e9ki \u00f6sszefog\u00e1sr\u00f3l \u2013 err\u0151l a Demokratikus Koal\u00edci\u00f3 (DK) eln\u00f6ke p\u00e9nteken a budapesti Szabads\u00e1g t\u00e9ren besz\u00e9lt, ahol nyilv\u00e1nos fogad\u00f3napot tartott. A volt minisztereln\u00f6k arra is kit\u00e9rt, hogy v\u00e9lem\u00e9nye szerint korm\u00e1nyv\u00e1lt\u00e1s eset\u00e9n is csak a legkor\u00e1bban 2016-ban pezsd\u00fclhet meg a gazdas\u00e1g.<\/p>\n","protected":false},"author":1,"featured_media":0,"comment_status":"open","ping_status":"closed","sticky":false,"template":"","format":"standard","meta":[],"categories":[18],"tags":[],"_links":{"self":[{"href":"https:\/\/gazdasagportal.hu\/index.php\/wp-json\/wp\/v2\/posts\/18103"}],"collection":[{"href":"https:\/\/gazdasagportal.hu\/index.php\/wp-json\/wp\/v2\/posts"}],"about":[{"href":"https:\/\/gazdasagportal.hu\/index.php\/wp-json\/wp\/v2\/types\/post"}],"author":[{"embeddable":true,"href":"https:\/\/gazdasagportal.hu\/index.php\/wp-json\/wp\/v2\/users\/1"}],"replies":[{"embeddable":true,"href":"https:\/\/gazdasagportal.hu\/index.php\/wp-json\/wp\/v2\/comments?post=18103"}],"version-history":[{"count":1,"href":"https:\/\/gazdasagportal.hu\/index.php\/wp-json\/wp\/v2\/posts\/18103\/revisions"}],"predecessor-version":[{"id":18104,"href":"https:\/\/gazdasagportal.hu\/index.php\/wp-json\/wp\/v2\/posts\/18103\/revisions\/18104"}],"wp:attachment":[{"href":"https:\/\/gazdasagportal.hu\/index.php\/wp-json\/wp\/v2\/media?parent=18103"}],"wp:term":[{"taxonomy":"category","embeddable":true,"href":"https:\/\/gazdasagportal.hu\/index.php\/wp-json\/wp\/v2\/categories?post=18103"},{"taxonomy":"post_tag","embeddable":true,"href":"https:\/\/gazdasagportal.hu\/index.php\/wp-json\/wp\/v2\/tags?post=18103"}],"curies":[{"name":"wp","href":"https:\/\/api.w.org\/{rel}","templated":true}]}}