{"id":18045,"date":"2013-10-04T10:18:20","date_gmt":"2013-10-04T08:18:20","guid":{"rendered":"http:\/\/stockportal.hu\/?p=18045"},"modified":"2013-10-04T13:02:24","modified_gmt":"2013-10-04T11:02:24","slug":"megerkezett-a-kozigazgatasi-es-igazsagugyi-miniszteriumba-az-europai-elfogatoparancs-hernadi-zsolt-a-mol-elnok-vezerigazgatoja-ellen","status":"publish","type":"post","link":"https:\/\/gazdasagportal.hu\/index.php\/megerkezett-a-kozigazgatasi-es-igazsagugyi-miniszteriumba-az-europai-elfogatoparancs-hernadi-zsolt-a-mol-elnok-vezerigazgatoja-ellen\/","title":{"rendered":"Meg\u00e9rkezett a K\u00f6zigazgat\u00e1si \u00e9s Igazs\u00e1g\u00fcgyi Miniszt\u00e9riumba az eur\u00f3pai elfogat\u00f3parancs Hern\u00e1di Zsolt, a Mol eln\u00f6k-vez\u00e9rigazgat\u00f3ja ellen"},"content":{"rendered":"<p><strong>Meg\u00e9rkezett a K\u00f6zigazgat\u00e1si \u00e9s Igazs\u00e1g\u00fcgyi Miniszt\u00e9riumba az eur\u00f3pai elfogat\u00f3parancs Hern\u00e1di Zsolt, a Mol eln\u00f6k-vez\u00e9rigazgat\u00f3ja ellen, de nem az el\u0151\u00edrt form\u00e1ban &#8211; k\u00f6z\u00f6lte a szakt\u00e1rca Facebook-oldal\u00e1n.<!--more--><\/strong><\/p>\n<p>A r\u00f6vid bejegyz\u00e9sben a miniszt\u00e9rium annyit tudatott, hogy v\u00e1rj\u00e1k a jav\u00edtott v\u00e1ltozatot.<br \/>\nIsola Anna, Navracsics Tibor miniszter sajt\u00f3referense az MTI-nek p\u00e9nteken azt mondta, hogy a horv\u00e1tok nem megfelel\u0151 nyelven k\u00fcldt\u00e9k meg a dokumentumokat. Az elfogat\u00f3parancs horv\u00e1t nyelven \u00edr\u00f3dott, mik\u00f6zben hivatalosan a magyar, az angol, a n\u00e9met \u00e9s a francia az elfogadott. Amint meg\u00e9rkezik a jav\u00edtott v\u00e1ltozat, a F\u0151v\u00e1rosi T\u00f6rv\u00e9nysz\u00e9khez ker\u00fcl az elfogat\u00f3parancs &#8211; tette hozz\u00e1.<br \/>\nA horv\u00e1t rend\u0151rs\u00e9g kedden adott ki eur\u00f3pai elfogat\u00f3parancsot Hern\u00e1di Zsolt ellen, majd szerda d\u00e9lut\u00e1n Horv\u00e1torsz\u00e1g k\u00e9r\u00e9s\u00e9re felker\u00fclt az Interpol v\u00f6r\u00f6s, vagyis legmagasabb fokozat\u00fa k\u00f6r\u00f6z\u00e9si list\u00e1j\u00e1ra a neve. Az Orsz\u00e1gos Rend\u0151r-f\u0151kapit\u00e1nys\u00e1g (ORFK) pedig arr\u00f3l t\u00e1j\u00e9koztatta az MTI-t, hogy a magyar rend\u0151rs\u00e9g megkapta a horv\u00e1t szervek megkeres\u00e9s\u00e9t Hern\u00e1di Zsolt \u00fcgy\u00e9ben, azt a szok\u00e1sos elj\u00e1r\u00e1snak megfelel\u0151en tov\u00e1bb\u00edtotta az igazs\u00e1g\u00fcgyi t\u00e1rc\u00e1hoz.<br \/>\nHern\u00e1di Zsoltot Horv\u00e1torsz\u00e1gban azzal gyan\u00fas\u00edtj\u00e1k, hogy veszteget\u00e9si p\u00e9nzt fizetett Ivo Sanader volt korm\u00e1nyf\u0151nek, hogy a Mol meghat\u00e1roz\u00f3 befoly\u00e1st szerezzen a Mol-INA olajipari v\u00e1llalat ir\u00e1ny\u00edt\u00e1s\u00e1ban. A Mol t\u00f6bbsz\u00f6r is visszautas\u00edtotta a v\u00e1dakat.<br \/>\nA korm\u00e1ny szerdai \u00fcl\u00e9s\u00e9n \u00fagy d\u00f6nt\u00f6tt, hogy a Mol portf\u00f3li\u00f3j\u00e1nak fel\u00fclvizsg\u00e1lat\u00e1ra, adott esetben az INA-r\u00e9szv\u00e9nyek elad\u00e1s\u00e1nak el\u0151k\u00e9sz\u00edt\u00e9s\u00e9re k\u00e9ri fel az olajt\u00e1rsas\u00e1g menedzsmentj\u00e9t. A kabinet emellett utas\u00edtotta az igazs\u00e1g\u00fcgy\u00e9rt felel\u0151s minisztert, valamint a Mol \u00e1llami tulajdonban l\u00e9v\u0151 r\u00e9szv\u00e9nyeinek tulajdonosi jog\u00e1t gyakorl\u00f3 Magyar Nemzeti Vagyonkezel\u0151 Zrt. vezet\u0151it, vizsg\u00e1lj\u00e1k meg, milyen polg\u00e1ri \u00e9s b\u00fcntet\u0151jogi l\u00e9p\u00e9sek lehets\u00e9gesek a Mol-INA-\u00fcgyben a Molt, illetve Magyarorsz\u00e1got \u00e9rt s\u00e9relmek orvosl\u00e1s\u00e1ra.(MTI)<\/p>\n","protected":false},"excerpt":{"rendered":"<p>Meg\u00e9rkezett a K\u00f6zigazgat\u00e1si \u00e9s Igazs\u00e1g\u00fcgyi Miniszt\u00e9riumba az eur\u00f3pai elfogat\u00f3parancs Hern\u00e1di Zsolt, a Mol eln\u00f6k-vez\u00e9rigazgat\u00f3ja ellen, de nem az el\u0151\u00edrt form\u00e1ban &#8211; k\u00f6z\u00f6lte a szakt\u00e1rca Facebook-oldal\u00e1n.<\/p>\n","protected":false},"author":1,"featured_media":18047,"comment_status":"open","ping_status":"closed","sticky":false,"template":"","format":"standard","meta":[],"categories":[7,18],"tags":[125],"_links":{"self":[{"href":"https:\/\/gazdasagportal.hu\/index.php\/wp-json\/wp\/v2\/posts\/18045"}],"collection":[{"href":"https:\/\/gazdasagportal.hu\/index.php\/wp-json\/wp\/v2\/posts"}],"about":[{"href":"https:\/\/gazdasagportal.hu\/index.php\/wp-json\/wp\/v2\/types\/post"}],"author":[{"embeddable":true,"href":"https:\/\/gazdasagportal.hu\/index.php\/wp-json\/wp\/v2\/users\/1"}],"replies":[{"embeddable":true,"href":"https:\/\/gazdasagportal.hu\/index.php\/wp-json\/wp\/v2\/comments?post=18045"}],"version-history":[{"count":2,"href":"https:\/\/gazdasagportal.hu\/index.php\/wp-json\/wp\/v2\/posts\/18045\/revisions"}],"predecessor-version":[{"id":18048,"href":"https:\/\/gazdasagportal.hu\/index.php\/wp-json\/wp\/v2\/posts\/18045\/revisions\/18048"}],"wp:featuredmedia":[{"embeddable":true,"href":"https:\/\/gazdasagportal.hu\/index.php\/wp-json\/wp\/v2\/media\/18047"}],"wp:attachment":[{"href":"https:\/\/gazdasagportal.hu\/index.php\/wp-json\/wp\/v2\/media?parent=18045"}],"wp:term":[{"taxonomy":"category","embeddable":true,"href":"https:\/\/gazdasagportal.hu\/index.php\/wp-json\/wp\/v2\/categories?post=18045"},{"taxonomy":"post_tag","embeddable":true,"href":"https:\/\/gazdasagportal.hu\/index.php\/wp-json\/wp\/v2\/tags?post=18045"}],"curies":[{"name":"wp","href":"https:\/\/api.w.org\/{rel}","templated":true}]}}