{"id":18042,"date":"2013-10-04T09:26:29","date_gmt":"2013-10-04T07:26:29","guid":{"rendered":"http:\/\/stockportal.hu\/?p=18042"},"modified":"2013-10-04T09:26:29","modified_gmt":"2013-10-04T07:26:29","slug":"a-fidesz-kdnp-tovabb-novelte-tamogatoinak-aranyat","status":"publish","type":"post","link":"https:\/\/gazdasagportal.hu\/index.php\/a-fidesz-kdnp-tovabb-novelte-tamogatoinak-aranyat\/","title":{"rendered":"A Fidesz-KDNP tov\u00e1bb n\u00f6velte t\u00e1mogat\u00f3inak ar\u00e1ny\u00e1t"},"content":{"rendered":"<p><strong>A Sz\u00e1zadv\u00e9g legfrissebb k\u00f6zv\u00e9lem\u00e9ny-kutat\u00e1sa szerint a Fidesz-KDNP tov\u00e1bb n\u00f6velte t\u00e1mogat\u00f3inak ar\u00e1ny\u00e1t mind a teljes n\u00e9pess\u00e9g, mind a biztos szavaz\u00f3 p\u00e1rtv\u00e1laszt\u00f3k k\u00f6r\u00e9ben, \u00e9s cs\u00f6kkent a p\u00e1rtszimp\u00e1ti\u00e1jukban bizonytalanok ar\u00e1nya.<!--more--><\/strong><\/p>\n<p>A szeptember v\u00e9g\u00e9n telefonos k\u00e9rd\u0151\u00edves m\u00f3dszerrel, ezer ember megk\u00e9rdez\u00e9s\u00e9vel v\u00e9gzett kutat\u00e1s arra is r\u00e1mutatott, hogy a kor\u00e1bbi h\u00f3napokhoz viszony\u00edtva n\u0151tt a v\u00e1laszt\u00e1si r\u00e9szv\u00e9teli hajland\u00f3s\u00e1g is: a v\u00e1laszt\u00f3kor\u00faak 51 sz\u00e1zal\u00e9ka nyilatkozott \u00fagy, hogy biztosan r\u00e9szt venne az azon a h\u00e9ten vas\u00e1rnap tartand\u00f3 parlamenti voksol\u00e1son.<br \/>\nA Sz\u00e1zadv\u00e9g m\u00e9r\u00e9sei szerint a kor\u00e1bbi h\u00f3napokkal \u00f6sszevetve a korm\u00e1nyp\u00e1rtok tov\u00e1bb n\u00f6velt\u00e9k el\u0151ny\u00fcket, jelenleg a teljes n\u00e9pess\u00e9g 28 sz\u00e1zal\u00e9ka szavazna a Fidesz-KDNP-re.<br \/>\nA legnagyobb ellenz\u00e9ki p\u00e1rt t\u00e1mogatotts\u00e1g\u00e1ban tov\u00e1bbra sincs v\u00e1ltoz\u00e1s, az MSZP jelenleg 13 sz\u00e1zal\u00e9kon \u00e1ll. Kism\u00e9rt\u00e9kben n\u00f6velni tudta t\u00e1mogat\u00f3inak ar\u00e1ny\u00e1t a Jobbik, 8 sz\u00e1zal\u00e9kos a p\u00e1rt t\u00e1mogatotts\u00e1ga. Az Egy\u00fctt 2014-PM-re, csak\u00fagy, mint a legut\u00f3bbi m\u00e9r\u00e9skor, a teljes n\u00e9pess\u00e9g 4 sz\u00e1zal\u00e9ka voksolna. Nem v\u00e1ltozott az LMP t\u00e1mogatotts\u00e1ga, a lakosok 2 sz\u00e1zal\u00e9ka szavazna a p\u00e1rtra, m\u00edg a Demokratikus Koal\u00edci\u00f3 1 sz\u00e1zal\u00e9kponttal n\u00f6velte szavaz\u00f3inak ar\u00e1ny\u00e1t, \u00e9s jelenleg szint\u00e9n 2 sz\u00e1zal\u00e9kon \u00e1ll.<br \/>\nA Fidesz-KDNP 50-r\u0151l 51 sz\u00e1zal\u00e9kra n\u00f6velte t\u00e1mogat\u00f3inak ar\u00e1ny\u00e1t augusztus \u00f3ta a biztos p\u00e1rtv\u00e1laszt\u00f3k k\u00f6r\u00e9ben, emellett er\u0151s\u00f6d\u00f6tt a Jobbik is, jelenleg 14 sz\u00e1zal\u00e9kon \u00e1ll. Az MSZP t\u00e1mogatotts\u00e1ga v\u00e1ltozatlanul 23 sz\u00e1zal\u00e9kos, \u00e9s 2 sz\u00e1zal\u00e9kpontos cs\u00f6kken\u00e9s l\u00e1that\u00f3 az Egy\u00fctt 2014-PM t\u00e1bor\u00e1ban (6 sz\u00e1zal\u00e9k). A Demokratikus Koal\u00edci\u00f3ra a biztos szavaz\u00f3 p\u00e1rtv\u00e1laszt\u00f3k 3, az LMP-re 2 sz\u00e1zal\u00e9ka adn\u00e1 a voks\u00e1t, egy\u00e9b p\u00e1rtok t\u00e1mogatotts\u00e1ga 1 sz\u00e1zal\u00e9kos.<br \/>\nA p\u00e1rtszimp\u00e1ti\u00e1jukban bizonytalanok teljes n\u00e9pess\u00e9gbeli ar\u00e1nya tov\u00e1bb cs\u00f6kkent a Sz\u00e1zadv\u00e9g kutat\u00e1sa szerint, jelenleg a v\u00e1laszt\u00f3kor\u00faak 42 sz\u00e1zal\u00e9ka tartozik ebbe a csoportba.(MTI)<\/p>\n","protected":false},"excerpt":{"rendered":"<p>A Sz\u00e1zadv\u00e9g legfrissebb k\u00f6zv\u00e9lem\u00e9ny-kutat\u00e1sa szerint a Fidesz-KDNP tov\u00e1bb n\u00f6velte t\u00e1mogat\u00f3inak ar\u00e1ny\u00e1t mind a teljes n\u00e9pess\u00e9g, mind a biztos szavaz\u00f3 p\u00e1rtv\u00e1laszt\u00f3k k\u00f6r\u00e9ben, \u00e9s cs\u00f6kkent a p\u00e1rtszimp\u00e1ti\u00e1jukban bizonytalanok ar\u00e1nya.<\/p>\n","protected":false},"author":1,"featured_media":0,"comment_status":"open","ping_status":"closed","sticky":false,"template":"","format":"standard","meta":[],"categories":[18],"tags":[],"_links":{"self":[{"href":"https:\/\/gazdasagportal.hu\/index.php\/wp-json\/wp\/v2\/posts\/18042"}],"collection":[{"href":"https:\/\/gazdasagportal.hu\/index.php\/wp-json\/wp\/v2\/posts"}],"about":[{"href":"https:\/\/gazdasagportal.hu\/index.php\/wp-json\/wp\/v2\/types\/post"}],"author":[{"embeddable":true,"href":"https:\/\/gazdasagportal.hu\/index.php\/wp-json\/wp\/v2\/users\/1"}],"replies":[{"embeddable":true,"href":"https:\/\/gazdasagportal.hu\/index.php\/wp-json\/wp\/v2\/comments?post=18042"}],"version-history":[{"count":1,"href":"https:\/\/gazdasagportal.hu\/index.php\/wp-json\/wp\/v2\/posts\/18042\/revisions"}],"predecessor-version":[{"id":18043,"href":"https:\/\/gazdasagportal.hu\/index.php\/wp-json\/wp\/v2\/posts\/18042\/revisions\/18043"}],"wp:attachment":[{"href":"https:\/\/gazdasagportal.hu\/index.php\/wp-json\/wp\/v2\/media?parent=18042"}],"wp:term":[{"taxonomy":"category","embeddable":true,"href":"https:\/\/gazdasagportal.hu\/index.php\/wp-json\/wp\/v2\/categories?post=18042"},{"taxonomy":"post_tag","embeddable":true,"href":"https:\/\/gazdasagportal.hu\/index.php\/wp-json\/wp\/v2\/tags?post=18042"}],"curies":[{"name":"wp","href":"https:\/\/api.w.org\/{rel}","templated":true}]}}