{"id":17959,"date":"2013-10-03T15:07:22","date_gmt":"2013-10-03T13:07:22","guid":{"rendered":"http:\/\/stockportal.hu\/?p=17959"},"modified":"2013-10-03T19:33:43","modified_gmt":"2013-10-03T17:33:43","slug":"sziriai-polgarhaboru-az-et-parlamenti-kozgyulese-udvozli-a-vegyi-fegyverekrol-szuletett-megallapodast","status":"publish","type":"post","link":"https:\/\/gazdasagportal.hu\/index.php\/sziriai-polgarhaboru-az-et-parlamenti-kozgyulese-udvozli-a-vegyi-fegyverekrol-szuletett-megallapodast\/","title":{"rendered":"Sz\u00edriai polg\u00e1rh\u00e1bor\u00fa &#8211; Az ET parlamenti k\u00f6zgy\u0171l\u00e9se \u00fcdv\u00f6zli a vegyi fegyverekr\u0151l sz\u00fcletett meg\u00e1llapod\u00e1st"},"content":{"rendered":"<p><strong>Soron k\u00edv\u00fcl, s\u00fcrg\u0151ss\u00e9ggel megtartott vit\u00e1t k\u00f6vet\u0151en hat\u00e1rozatban \u00fcdv\u00f6z\u00f6lte cs\u00fct\u00f6rt\u00f6k\u00f6n az Eur\u00f3pa Tan\u00e1cs parlamenti k\u00f6zgy\u0171l\u00e9se a sz\u00edriai vegyi fegyverek megsemmis\u00edt\u00e9s\u00e9r\u0151l sz\u00fcletett meg\u00e1llapod\u00e1st.<!--more--><br \/>\n<\/strong><\/p>\n<p>A sv\u00e9d parlament egykori eln\u00f6ke, a szoci\u00e1ldemokrata Bj\u00f6rn von Sydow \u00e1ltal jegyzett hat\u00e1rozat mindazon\u00e1ltal r\u00e1mutat, hogy b\u00e1r a meg\u00e1llapod\u00e1s &#8222;meg\u00faj\u00edtja a b\u00e9ke rem\u00e9ny\u00e9t, nem vet v\u00e9get a h\u00e1bor\u00fanak&#8221;.<br \/>\nA dokumentum az \u00f6sszes, Sz\u00edria ter\u00fclet\u00e9n elk\u00f6vetett h\u00e1bor\u00fas \u00e9s emberiess\u00e9g elleni b\u0171ncselekm\u00e9ny elk\u00f6vet\u0151j\u00e9nek felel\u0151ss\u00e9gre von\u00e1s\u00e1t s\u00fcrgeti, &#8222;a Nemzetk\u00f6zi B\u00fcntet\u0151 B\u00edr\u00f3s\u00e1g el\u0151tt, ha kell&#8221;.<br \/>\nA hat\u00e1rozat emellett t\u0171zsz\u00fcnetet s\u00fcrget, \u00e9s egy b\u00e9kekonferencia miel\u0151bbi megrendez\u00e9s\u00e9t Genfben.<br \/>\nAz elfogadott hat\u00e1rozat arra is kit\u00e9r, hogy az &#8222;Eur\u00f3pa Tan\u00e1cs tag\u00e1llamainak a jelenlegi (sz\u00edriai) rezsim megbuktat\u00e1sa helyett azt kellene t\u00e1mogatniuk, hogy Sz\u00edria demokratikus, befogad\u00f3, az emberi jogokat tiszteletben tart\u00f3, stabil \u00e1llam legyen&#8221;.<br \/>\nA vit\u00e1ban Sz\u00e9l Bernadett, a Lehet M\u00e1s a Politika orsz\u00e1ggy\u0171l\u00e9si k\u00e9pvisel\u0151je arr\u00f3l besz\u00e9lt, hogy az LMP mindig is a konfliktus b\u00e9k\u00e9s rendez\u00e9se mellett sz\u00e1llt s\u00edkra.<br \/>\n&#8222;\u00dagy hissz\u00fck, hogy az er\u0151szak sosem jelenthet megold\u00e1st, sem nemzetk\u00f6zi, sem t\u00e1rsadalmi konfliktusokra&#8221; &#8211; sz\u00f6gezte le Sz\u00e9l, aki ezt is elmondta: megd\u00f6bbent\u0151, hogy a nemzetk\u00f6zi k\u00f6z\u00f6ss\u00e9g k\u00e9t \u00e9ve k\u00e9ptelen b\u00e1rmilyen &#8222;megold\u00e1sra eml\u00e9keztet\u0151 dologgal&#8221; el\u0151\u00e1llni. A z\u00f6ldp\u00e1rti politikus \u00fcdv\u00f6z\u00f6lte az ENSZ BT hat\u00e1rozat\u00e1t az \u00fcgyben, de osztja az aggodalmat, hogy a hat\u00e1rozat nem rendelkezik a h\u00e1bor\u00fas b\u0171n\u00f6s\u00f6k felel\u0151ss\u00e9gre von\u00e1s\u00e1nak k\u00e9rd\u00e9sk\u00f6r\u00e9r\u0151l.<br \/>\n&#8222;\u00c9letbev\u00e1g\u00f3, hogy Sz\u00edri\u00e1t megtiszt\u00edtsuk a vegyi fegyverekt\u0151l, hogy egyik f\u00e9l se ism\u00e9telhesse meg a t\u00f6rv\u00e9nytelen fegyverekkel v\u00e9grehajtott t\u00e1mad\u00e1st, de m\u00e9g fontosabb, hogy elkezd\u0151dj\u00f6n az a folyamat, amely t\u0171sz\u00fcnethez \u00e9s tart\u00f3s megold\u00e1shoz vezethet Sz\u00edri\u00e1ban&#8221; &#8211; v\u00e9lekedett Sz\u00e9l, aki vil\u00e1gos erk\u00f6lcsi k\u00f6teless\u00e9gnek tartja a b\u00e9k\u00e9s \u00e9s stabilan demokratikus Sz\u00edria l\u00e9trej\u00f6tt\u00e9nek el\u0151seg\u00edt\u00e9s\u00e9t, valamint arra az \u00e1ll\u00e1spontra helyezkedett, hogy a nemzetk\u00f6zi k\u00f6z\u00f6ss\u00e9gnek ki kell \u00e1llnia katasztrof\u00e1lis helyzetben l\u00e9v\u0151 menek\u00fcltek \u00e9s mened\u00e9kk\u00e9r\u0151k mellett.(MTI)<\/p>\n","protected":false},"excerpt":{"rendered":"<p>Soron k\u00edv\u00fcl, s\u00fcrg\u0151ss\u00e9ggel megtartott vit\u00e1t k\u00f6vet\u0151en hat\u00e1rozatban \u00fcdv\u00f6z\u00f6lte cs\u00fct\u00f6rt\u00f6k\u00f6n az Eur\u00f3pa Tan\u00e1cs parlamenti k\u00f6zgy\u0171l\u00e9se a sz\u00edriai vegyi fegyverek megsemmis\u00edt\u00e9s\u00e9r\u0151l sz\u00fcletett meg\u00e1llapod\u00e1st.<\/p>\n","protected":false},"author":1,"featured_media":1344,"comment_status":"open","ping_status":"closed","sticky":false,"template":"","format":"standard","meta":[],"categories":[16,116],"tags":[],"_links":{"self":[{"href":"https:\/\/gazdasagportal.hu\/index.php\/wp-json\/wp\/v2\/posts\/17959"}],"collection":[{"href":"https:\/\/gazdasagportal.hu\/index.php\/wp-json\/wp\/v2\/posts"}],"about":[{"href":"https:\/\/gazdasagportal.hu\/index.php\/wp-json\/wp\/v2\/types\/post"}],"author":[{"embeddable":true,"href":"https:\/\/gazdasagportal.hu\/index.php\/wp-json\/wp\/v2\/users\/1"}],"replies":[{"embeddable":true,"href":"https:\/\/gazdasagportal.hu\/index.php\/wp-json\/wp\/v2\/comments?post=17959"}],"version-history":[{"count":2,"href":"https:\/\/gazdasagportal.hu\/index.php\/wp-json\/wp\/v2\/posts\/17959\/revisions"}],"predecessor-version":[{"id":17972,"href":"https:\/\/gazdasagportal.hu\/index.php\/wp-json\/wp\/v2\/posts\/17959\/revisions\/17972"}],"wp:featuredmedia":[{"embeddable":true,"href":"https:\/\/gazdasagportal.hu\/index.php\/wp-json\/wp\/v2\/media\/1344"}],"wp:attachment":[{"href":"https:\/\/gazdasagportal.hu\/index.php\/wp-json\/wp\/v2\/media?parent=17959"}],"wp:term":[{"taxonomy":"category","embeddable":true,"href":"https:\/\/gazdasagportal.hu\/index.php\/wp-json\/wp\/v2\/categories?post=17959"},{"taxonomy":"post_tag","embeddable":true,"href":"https:\/\/gazdasagportal.hu\/index.php\/wp-json\/wp\/v2\/tags?post=17959"}],"curies":[{"name":"wp","href":"https:\/\/api.w.org\/{rel}","templated":true}]}}