{"id":17933,"date":"2013-10-03T08:54:22","date_gmt":"2013-10-03T06:54:22","guid":{"rendered":"http:\/\/stockportal.hu\/?p=17933"},"modified":"2013-10-03T08:54:22","modified_gmt":"2013-10-03T06:54:22","slug":"tozsde-a-mai-nap-is-a-mol-rol-fog-szolni","status":"publish","type":"post","link":"https:\/\/gazdasagportal.hu\/index.php\/tozsde-a-mai-nap-is-a-mol-rol-fog-szolni\/","title":{"rendered":"T\u0151zsde &#8211; A mai nap is a MOL-r\u00f3l fog sz\u00f3lni"},"content":{"rendered":"<p><strong>Gyeng\u00fcl\u00e9s v\u00e1rhat\u00f3 a B\u00c9T-en, a Mol lesz a f\u0151szerepl\u0151 az elemz\u0151 szerint.\u00a0 Cs\u00fct\u00f6rt\u00f6k\u00f6n is a Mol lehet a f\u0151szerepl\u0151 a Budapesti \u00c9rt\u00e9kt\u0151zsd\u00e9n, amelynek r\u00e9szv\u00e9nyindexe, a BUX ism\u00e9t gyeng\u00fclhet Gabler Gergely, az Equilor Befektet\u00e9si Zrt. elemz\u0151je szerint.<!--more--><\/strong><\/p>\n<p>Szerd\u00e1n kider\u00fclt, hogy a magyar korm\u00e1ny a Mol portf\u00f3li\u00f3j\u00e1nak fel\u00fclvizsg\u00e1lat\u00e1ra, adott esetben az INA-r\u00e9szv\u00e9nyek elad\u00e1s\u00e1nak el\u0151k\u00e9sz\u00edt\u00e9s\u00e9re k\u00e9rte fel az olajt\u00e1rsas\u00e1g menedzsmentj\u00e9t. A kabinet emellett utas\u00edtotta az igazs\u00e1g\u00fcgy\u00e9rt felel\u0151s minisztert, illetve a Magyar Nemzeti Vagyonkezel\u0151 Zrt. vezet\u0151it, vizsg\u00e1lj\u00e1k meg, milyen polg\u00e1ri \u00e9s b\u00fcntet\u0151jogi l\u00e9p\u00e9sek lehets\u00e9gesek a Mol-INA-\u00fcgyben a Molt, illetve Magyarorsz\u00e1got \u00e9rt s\u00e9relmek orvosl\u00e1s\u00e1ra.<br \/>\nGabler Gergely szerint ezek a h\u00edrek tov\u00e1bbra is nyom\u00e1s alatt tarthatj\u00e1k a Mol \u00e1rfolyam\u00e1t, \u00edgy az olajpap\u00edr gyeng\u00fcl\u00e9se leh\u00fazhatja a BUX indexet; a befektet\u0151k m\u00e1r kezdik be\u00e1razni, hogy a Mol elvesz\u00edti r\u00e9szesed\u00e9s\u00e9t az INA-ban.<br \/>\nA szak\u00e9rt\u0151 szerint a Richter \u00e9s az OTP j\u00f3l teljes\u00edthet cs\u00fct\u00f6rt\u00f6k\u00f6n, de ez nem ellens\u00falyozza a Mol gyeng\u00fcl\u00e9s\u00e9t. Ezenk\u00edv\u00fcl a nemzetk\u00f6zi hangulat is ink\u00e1bb pesszimista &#8211; f\u0171zte hozz\u00e1 Gabler Gergely.<br \/>\nA Budapesti \u00c9rt\u00e9kt\u0151zsde r\u00e9szv\u00e9nyindexe, a BUX 166,26 pontos, 0,88 sz\u00e1zal\u00e9kos cs\u00f6kken\u00e9ssel, 18 645,35 ponton z\u00e1rt szerd\u00e1n.<br \/>\nA r\u00e9szv\u00e9nypiac forgalma 10,0 milli\u00e1rd forint volt, a vezet\u0151 r\u00e9szv\u00e9nyek gyeng\u00fcltek az el\u0151z\u0151 napi z\u00e1r\u00e1shoz k\u00e9pest.<br \/>\nA Mol \u00e1ra 300 forinttal, 1,88 sz\u00e1zal\u00e9kkal 15 700 forintra cs\u00f6kkent, 2,2 milli\u00e1rd forintos forgalomban.<br \/>\nAz OTP-r\u00e9szv\u00e9nyek \u00e1ra 32 forinttal, 0,74 sz\u00e1zal\u00e9kkal 4297 forintra esett, forgalma 3,3 milli\u00e1rd forintot tett ki.<br \/>\nA Magyar Telekom \u00e1rfolyama nem v\u00e1ltozott, 310 forintot \u00e9rt, forgalma 268,3 milli\u00f3 forint volt.<br \/>\nA Richter 14 forinttal, 0,35 sz\u00e1zal\u00e9kkal 3930 forintra gyeng\u00fclt, forgalma 2,5 milli\u00e1rd forintot \u00e9rt el.<br \/>\nA m\u00e1sik gy\u00f3gyszeripari r\u00e9szv\u00e9ny, az Egis \u00e1ra 1,6 milli\u00e1rd forintos forgalom mellett 70 forinttal, 0,25 sz\u00e1zal\u00e9kkal 27 710 forintra cs\u00f6kkent.<br \/>\nA BUMIX 1133,60 ponton z\u00e1rt szerd\u00e1n, ez 1,10 pontos, 0,10 sz\u00e1zal\u00e9kos cs\u00f6kken\u00e9s a keddi z\u00e1r\u00e1shoz viszony\u00edtva.(MTI)<\/p>\n","protected":false},"excerpt":{"rendered":"<p>Gyeng\u00fcl\u00e9s v\u00e1rhat\u00f3 a B\u00c9T-en, a Mol lesz a f\u0151szerepl\u0151 az elemz\u0151 szerint.\u00a0 Cs\u00fct\u00f6rt\u00f6k\u00f6n is a Mol lehet a f\u0151szerepl\u0151 a Budapesti \u00c9rt\u00e9kt\u0151zsd\u00e9n, amelynek r\u00e9szv\u00e9nyindexe, a BUX ism\u00e9t gyeng\u00fclhet Gabler Gergely, az Equilor Befektet\u00e9si Zrt. elemz\u0151je szerint.<\/p>\n","protected":false},"author":1,"featured_media":0,"comment_status":"open","ping_status":"closed","sticky":false,"template":"","format":"standard","meta":[],"categories":[7],"tags":[],"_links":{"self":[{"href":"https:\/\/gazdasagportal.hu\/index.php\/wp-json\/wp\/v2\/posts\/17933"}],"collection":[{"href":"https:\/\/gazdasagportal.hu\/index.php\/wp-json\/wp\/v2\/posts"}],"about":[{"href":"https:\/\/gazdasagportal.hu\/index.php\/wp-json\/wp\/v2\/types\/post"}],"author":[{"embeddable":true,"href":"https:\/\/gazdasagportal.hu\/index.php\/wp-json\/wp\/v2\/users\/1"}],"replies":[{"embeddable":true,"href":"https:\/\/gazdasagportal.hu\/index.php\/wp-json\/wp\/v2\/comments?post=17933"}],"version-history":[{"count":2,"href":"https:\/\/gazdasagportal.hu\/index.php\/wp-json\/wp\/v2\/posts\/17933\/revisions"}],"predecessor-version":[{"id":17935,"href":"https:\/\/gazdasagportal.hu\/index.php\/wp-json\/wp\/v2\/posts\/17933\/revisions\/17935"}],"wp:attachment":[{"href":"https:\/\/gazdasagportal.hu\/index.php\/wp-json\/wp\/v2\/media?parent=17933"}],"wp:term":[{"taxonomy":"category","embeddable":true,"href":"https:\/\/gazdasagportal.hu\/index.php\/wp-json\/wp\/v2\/categories?post=17933"},{"taxonomy":"post_tag","embeddable":true,"href":"https:\/\/gazdasagportal.hu\/index.php\/wp-json\/wp\/v2\/tags?post=17933"}],"curies":[{"name":"wp","href":"https:\/\/api.w.org\/{rel}","templated":true}]}}