{"id":17876,"date":"2013-10-02T15:18:16","date_gmt":"2013-10-02T13:18:16","guid":{"rendered":"http:\/\/stockportal.hu\/?p=17876"},"modified":"2013-10-02T15:18:42","modified_gmt":"2013-10-02T13:18:42","slug":"valtozik-az-unios-forrasok-felhasznalasa-2014-2020-kozott","status":"publish","type":"post","link":"https:\/\/gazdasagportal.hu\/index.php\/valtozik-az-unios-forrasok-felhasznalasa-2014-2020-kozott\/","title":{"rendered":"V\u00e1ltozik az uni\u00f3s forr\u00e1sok felhaszn\u00e1l\u00e1sa 2014-2020 k\u00f6z\u00f6tt"},"content":{"rendered":"<p><strong>V\u00e1ltoz\u00e1s lesz az eur\u00f3pai uni\u00f3s forr\u00e1sok felhaszn\u00e1l\u00e1s\u00e1ban a 2014-2020-as fejleszt\u00e9si ciklusban, janu\u00e1r elsej\u00e9t\u0151l \u00e1talakul a hazai int\u00e9zm\u00e9nyrendszer, a tervez\u00e9sben a nemzeti c\u00e9lokat \u00f6sszhangba kell hozni az \u00f6sszeur\u00f3pai strat\u00e9gi\u00e1kkal &#8211; hangs\u00falyozta Csepreghy N\u00e1ndor, a Minisztereln\u00f6ks\u00e9g fejleszt\u00e9spolitik\u00e1\u00e9rt felel\u0151s helyettes \u00e1llamtitk\u00e1ra szerd\u00e1n, Budapesten.<!--more--><\/strong><\/p>\n<p>Csepreghy N\u00e1ndor a P\u00e1ly\u00e1zati Projektmenedzserek \u00e9s Tan\u00e1csad\u00f3k Orsz\u00e1gos Sz\u00f6vets\u00e9ge (P\u00c1TOSZ) \u00e9s a Pest Megyei Kereskedelmi \u00e9s Iparkamara (PMKIK) k\u00f6z\u00f6s rendezv\u00e9ny\u00e9n elmondta: az \u00faj fejleszt\u00e9si ciklusban az ir\u00e1ny\u00edt\u00f3 hat\u00f3s\u00e1gok az \u00e9rintett szakt\u00e1rc\u00e1khoz ker\u00fclnek, a k\u00f6zponti koordin\u00e1ci\u00f3s szervezet az uni\u00f3s forr\u00e1sok megfelel\u0151 min\u0151s\u00e9g\u0171 \u00e9s \u00fctem\u0171 v\u00e9grehajt\u00e1s\u00e1t fel\u00fcgyeli, a ter\u00fcletis\u00e9g elv\u00e9nek \u00e9rv\u00e9nyes\u00edt\u00e9s\u00e9vel a megyei \u00f6nkorm\u00e1nyzatok jelent\u0151s fejleszt\u00e9si poz\u00edci\u00f3t kapnak majd, \u00e9s a t\u00e1mogatott fejleszt\u00e9seknek az integr\u00e1lt fejleszt\u00e9si szempontoknak is meg kell felelni\u00fck.<br \/>\nA v\u00e1ltoz\u00e1sokr\u00f3l sz\u00f3lva a helyettes \u00e1llamtitk\u00e1r hangs\u00falyozta, hogy a fejleszt\u00e9si forr\u00e1sok 60 sz\u00e1zal\u00e9k\u00e1t k\u00f6zvetlen\u00fcl gazdas\u00e1gfejleszt\u00e9sre ford\u00edtja Magyarorsz\u00e1g, a kis \u00e9s k\u00f6z\u00e9pv\u00e1llalkoz\u00e1sok (kkv) helyzetbe hoz\u00e1sa tov\u00e1bbra is c\u00e9l marad, amit a kamara kor\u00e1bban szorgalmazott.<br \/>\nA p\u00e1ly\u00e1ztat\u00e1ssal kapcsolatban a helyettes \u00e1llamtitk\u00e1r kiemelte, hogy tov\u00e1bb egyszer\u0171s\u00edtenek, p\u00e9ld\u00e1ul az \u00e1llamn\u00e1l nyilv\u00e1ntartott adatokat az \u00faj p\u00e1ly\u00e1zati rendszerben nem k\u00e9rik majd a p\u00e1ly\u00e1z\u00f3kt\u00f3l, ezt a k\u00f6zrem\u0171k\u00f6d\u0151 szervezet szerzi majd be, az \u00e1llam \u00e1ltal fenntartott int\u00e9zm\u00e9nyekn\u00e9l a k\u00f6zc\u00e9l\u00fa fejleszt\u00e9s eset\u00e9ben nem \u00edrnak ki p\u00e1ly\u00e1zatot, ezekn\u00e9l normat\u00edv alap\u00fa t\u00e1mogat\u00e1s v\u00e1rhat\u00f3. Ugyanakkor k\u00e9rd\u00e9sre v\u00e1laszolva k\u00f6z\u00f6lte: ezekn\u00e9l a fejleszt\u00e9sekn\u00e9l is be kell ny\u00fajtani a beruh\u00e1z\u00e1si dokument\u00e1ci\u00f3kat, amit az \u00e9rintett \u00e1llami int\u00e9zm\u00e9ny vagy \u00f6nkorm\u00e1nyzat a saj\u00e1t appar\u00e1tus\u00e1val is meg tud tenni. Viszont, ha k\u00fcls\u0151 p\u00e1ly\u00e1zat\u00edr\u00f3t szeretne ig\u00e9nybe venni ehhez, arra csak saj\u00e1t forr\u00e1sb\u00f3l ford\u00edthat, \u00e9s ez nem sz\u00e1molhat\u00f3 el a fejleszt\u00e9s k\u00f6lts\u00e9gei k\u00f6z\u00f6tt.<br \/>\nEl\u0151ad\u00e1s\u00e1ban Csepreghy N\u00e1ndor felh\u00edvta a figyelmet arra, hogy a k\u00f6vetkez\u0151 fejleszt\u00e9si ciklusban n\u00f6vekedni fog a visszat\u00e9r\u00edtend\u0151 t\u00e1mogat\u00e1sok, p\u00e9nz\u00fcgyi eszk\u00f6z\u00f6k ar\u00e1nya, illetve az eur\u00f3pai fejlett r\u00e9gi\u00f3i k\u00f6z\u00e9 tartoz\u00f3 K\u00f6z\u00e9p-Magyarorsz\u00e1g kevesebb uni\u00f3s forr\u00e1st kaphat. A korm\u00e1ny sz\u00e1nd\u00e9ka szerint viszont a hazai k\u00f6lts\u00e9gvet\u00e9si forr\u00e1sb\u00f3l fejleszt\u00e9si t\u00e1mogat\u00e1sra sz\u00e1m\u00edthatnak.<br \/>\nVereczkey Zolt\u00e1n, a PMKIK eln\u00f6ke kiemelte: a kamara fontosnak tartja, hogy az \u00faj fejleszt\u00e9si ciklusban a forr\u00e1sok 60 sz\u00e1zal\u00e9k\u00e1t k\u00f6zvetlen\u00fcl gazdas\u00e1gfejleszt\u00e9sre ford\u00edtja az orsz\u00e1g, szemben a 2007-2013. k\u00f6z\u00f6tti 14,5 sz\u00e1zal\u00e9kkal, \u00e9s \u00f6r\u00fclnek annak, hogy a korm\u00e1ny hazai forr\u00e1sb\u00f3l ad p\u00e9nzt a k\u00f6z\u00e9p-magyarorsz\u00e1gi fejleszt\u00e9sekhez.<br \/>\nMar\u00f3czi Imre, a P\u00c1TOSZ eln\u00f6ke elmondta: sz\u00f6vets\u00e9g\u00fck tagjai el\u00edt\u00e9lik a korrupci\u00f3t, ki\u00e1llnak a szakma tisztas\u00e1ga mellett. A P\u00c1TOSZ-ba t\u00f6bbsz\u00f6r\u00f6s sz\u0171r\u0151 ut\u00e1n veszik fel a tagokat \u00e9s terveik szerint 2014 janu\u00e1rt\u00f3l p\u00e1ly\u00e1zat\u00edr\u00f3i k\u00e1rty\u00e1t adnak ki, amely m\u00f6g\u00f6tt a sz\u00f6vets\u00e9g tan\u00fas\u00edt\u00e1sa h\u00faz\u00f3dik meg.<br \/>\nA r\u00e9sztvev\u0151k k\u00e9rd\u00e9seire v\u00e1laszolva Csepreghy N\u00e1ndor elmondta, hogy a p\u00e1ly\u00e1zat\u00edr\u00e1ssal kapcsolatban t\u00f6bb anom\u00e1li\u00e1t is tapasztaltak, p\u00e9ld\u00e1ul a beny\u00fajtott projektk\u00f6lts\u00e9gek k\u00f6z\u00f6tt els\u0151k\u00e9nt a munk\u00e1jukhoz kapcsol\u00f3d\u00f3 sz\u00e1ml\u00e1t ny\u00fajtott\u00e1k be, majd mag\u00e1ra hagyt\u00e1k a nyertest, a projekt megval\u00f3s\u00edt\u00e1s\u00e1b\u00f3l kivonultak. Tapasztalt\u00e1k azt is, csak az\u00e9rt, hogy min\u00e9l el\u0151bb beker\u00fcljenek a rendszerbe, hi\u00e1nyosan k\u00fcldik be a jelentkez\u00e9si lapot, amit k\u00e9s\u0151bb hi\u00e1nyp\u00f3tl\u00e1ssal kieg\u00e9sz\u00edtenek, ezzel meg tudj\u00e1k el\u0151zni a korrekt p\u00e1ly\u00e1zatot bead\u00f3kat, ami sz\u0171k\u00f6s hat\u00e1rid\u0151 eset\u00e9n egy\u00e1ltal\u00e1n nem l\u00e9nyegtelen szempont.<br \/>\nA helyettes \u00e1llamtitk\u00e1r \u00fagy l\u00e1tta, hogy sz\u00fcks\u00e9g van a j\u00f3 p\u00e1ly\u00e1zat\u00edr\u00f3kra, viszont a szakma megtisztul\u00e1s\u00e1ban a szakmai \u00e9rdekk\u00e9pviseleteknek kell kezdem\u00e9nyez\u00e9seket tenni\u00fck.(MTI)<\/p>\n","protected":false},"excerpt":{"rendered":"<p>V\u00e1ltoz\u00e1s lesz az eur\u00f3pai uni\u00f3s forr\u00e1sok felhaszn\u00e1l\u00e1s\u00e1ban a 2014-2020-as fejleszt\u00e9si ciklusban, janu\u00e1r elsej\u00e9t\u0151l \u00e1talakul a hazai int\u00e9zm\u00e9nyrendszer, a tervez\u00e9sben a nemzeti c\u00e9lokat \u00f6sszhangba kell hozni az \u00f6sszeur\u00f3pai strat\u00e9gi\u00e1kkal &#8211; hangs\u00falyozta Csepreghy N\u00e1ndor, a Minisztereln\u00f6ks\u00e9g fejleszt\u00e9spolitik\u00e1\u00e9rt felel\u0151s helyettes \u00e1llamtitk\u00e1ra szerd\u00e1n, Budapesten.<\/p>\n","protected":false},"author":1,"featured_media":0,"comment_status":"open","ping_status":"closed","sticky":false,"template":"","format":"standard","meta":[],"categories":[12],"tags":[],"_links":{"self":[{"href":"https:\/\/gazdasagportal.hu\/index.php\/wp-json\/wp\/v2\/posts\/17876"}],"collection":[{"href":"https:\/\/gazdasagportal.hu\/index.php\/wp-json\/wp\/v2\/posts"}],"about":[{"href":"https:\/\/gazdasagportal.hu\/index.php\/wp-json\/wp\/v2\/types\/post"}],"author":[{"embeddable":true,"href":"https:\/\/gazdasagportal.hu\/index.php\/wp-json\/wp\/v2\/users\/1"}],"replies":[{"embeddable":true,"href":"https:\/\/gazdasagportal.hu\/index.php\/wp-json\/wp\/v2\/comments?post=17876"}],"version-history":[{"count":2,"href":"https:\/\/gazdasagportal.hu\/index.php\/wp-json\/wp\/v2\/posts\/17876\/revisions"}],"predecessor-version":[{"id":17893,"href":"https:\/\/gazdasagportal.hu\/index.php\/wp-json\/wp\/v2\/posts\/17876\/revisions\/17893"}],"wp:attachment":[{"href":"https:\/\/gazdasagportal.hu\/index.php\/wp-json\/wp\/v2\/media?parent=17876"}],"wp:term":[{"taxonomy":"category","embeddable":true,"href":"https:\/\/gazdasagportal.hu\/index.php\/wp-json\/wp\/v2\/categories?post=17876"},{"taxonomy":"post_tag","embeddable":true,"href":"https:\/\/gazdasagportal.hu\/index.php\/wp-json\/wp\/v2\/tags?post=17876"}],"curies":[{"name":"wp","href":"https:\/\/api.w.org\/{rel}","templated":true}]}}