{"id":17868,"date":"2013-10-02T13:58:47","date_gmt":"2013-10-02T11:58:47","guid":{"rendered":"http:\/\/stockportal.hu\/?p=17868"},"modified":"2013-10-04T13:03:32","modified_gmt":"2013-10-04T11:03:32","slug":"a-kormany-az-ina-reszvenyek-eladasanak-megfontolasara-keri-fel-a-molt","status":"publish","type":"post","link":"https:\/\/gazdasagportal.hu\/index.php\/a-kormany-az-ina-reszvenyek-eladasanak-megfontolasara-keri-fel-a-molt\/","title":{"rendered":"A korm\u00e1ny az INA-r\u00e9szv\u00e9nyek elad\u00e1s\u00e1nak megfontol\u00e1s\u00e1ra k\u00e9ri fel a Molt"},"content":{"rendered":"<p><strong>A Mol portf\u00f3li\u00f3j\u00e1nak fel\u00fclvizsg\u00e1lat\u00e1ra, adott esetben az INA-r\u00e9szv\u00e9nyek elad\u00e1s\u00e1nak el\u0151k\u00e9sz\u00edt\u00e9s\u00e9re k\u00e9ri fel az olajt\u00e1rsas\u00e1g menedzsmentj\u00e9t a magyar korm\u00e1ny &#8211; t\u00e1j\u00e9koztatta a kabinet d\u00f6nt\u00e9s\u00e9r\u0151l a Korm\u00e1nyzati Inform\u00e1ci\u00f3s K\u00f6zpont szerd\u00e1n az MTI-t.<!--more--><\/strong><\/p>\n<p>A korm\u00e1ny emellett utas\u00edtotta az igazs\u00e1g\u00fcgy\u00e9rt felel\u0151s minisztert, illetve a Mol \u00e1llami tulajdonban l\u00e9v\u0151 r\u00e9szv\u00e9nyeinek tulajdonosi jog\u00e1t gyakorl\u00f3 Magyar Nemzeti Vagyonkezel\u0151 Zrt. vezet\u0151it, vizsg\u00e1lj\u00e1k meg, milyen polg\u00e1ri \u00e9s b\u00fcntet\u0151jogi l\u00e9p\u00e9sek lehets\u00e9gesek a Mol-INA-\u00fcgyben a Mol-t, illetve Magyarorsz\u00e1got \u00e9rt s\u00e9relmek orvosl\u00e1s\u00e1ra. A kabinet arr\u00f3l is d\u00f6nt\u00f6tt, hogy a k\u00fcl\u00fcgyminiszter lemondja r\u00e9szv\u00e9tel\u00e9t a cs\u00fct\u00f6rt\u00f6k\u00f6n Dubrovnikban megrendezend\u0151 energiabiztons\u00e1gi tal\u00e1lkoz\u00f3n.<br \/>\n&#8222;Horv\u00e1torsz\u00e1gban a Mol ellen zajl\u00f3 folyamatos politikai kamp\u00e1ny mellett, a horv\u00e1t p\u00e9nz\u00fcgyminiszter nyilv\u00e1nos fenyeget\u00e9se orsz\u00e1ga legnagyobb befektet\u0151j\u00e9vel szemben, valamint a horv\u00e1t igazs\u00e1g\u00fcgyi szervek \u00e1ltali elj\u00e1r\u00e1sok a Mol egyes vezet\u0151ivel szemben is arra utalnak, hogy gazdas\u00e1gon k\u00edv\u00fcli eszk\u00f6z\u00f6kkel k\u00edv\u00e1nnak nyom\u00e1st gyakorolni. Ezek a m\u00f3dszerek az Eur\u00f3pai Uni\u00f3ban elfogadhatatlanok, ezeket a l\u00e9p\u00e9seket Magyarorsz\u00e1g nem hagyhatja v\u00e1lasz n\u00e9lk\u00fcl&#8221; &#8211; olvashat\u00f3 a Korm\u00e1nyzati Inform\u00e1ci\u00f3s K\u00f6zpont k\u00f6zlem\u00e9ny\u00e9ben.(MTI)<\/p>\n","protected":false},"excerpt":{"rendered":"<p>A Mol portf\u00f3li\u00f3j\u00e1nak fel\u00fclvizsg\u00e1lat\u00e1ra, adott esetben az INA-r\u00e9szv\u00e9nyek elad\u00e1s\u00e1nak el\u0151k\u00e9sz\u00edt\u00e9s\u00e9re k\u00e9ri fel az olajt\u00e1rsas\u00e1g menedzsmentj\u00e9t a magyar korm\u00e1ny &#8211; t\u00e1j\u00e9koztatta a kabinet d\u00f6nt\u00e9s\u00e9r\u0151l a Korm\u00e1nyzati Inform\u00e1ci\u00f3s K\u00f6zpont szerd\u00e1n az MTI-t.<\/p>\n","protected":false},"author":1,"featured_media":0,"comment_status":"open","ping_status":"closed","sticky":false,"template":"","format":"standard","meta":[],"categories":[19],"tags":[125],"_links":{"self":[{"href":"https:\/\/gazdasagportal.hu\/index.php\/wp-json\/wp\/v2\/posts\/17868"}],"collection":[{"href":"https:\/\/gazdasagportal.hu\/index.php\/wp-json\/wp\/v2\/posts"}],"about":[{"href":"https:\/\/gazdasagportal.hu\/index.php\/wp-json\/wp\/v2\/types\/post"}],"author":[{"embeddable":true,"href":"https:\/\/gazdasagportal.hu\/index.php\/wp-json\/wp\/v2\/users\/1"}],"replies":[{"embeddable":true,"href":"https:\/\/gazdasagportal.hu\/index.php\/wp-json\/wp\/v2\/comments?post=17868"}],"version-history":[{"count":2,"href":"https:\/\/gazdasagportal.hu\/index.php\/wp-json\/wp\/v2\/posts\/17868\/revisions"}],"predecessor-version":[{"id":18070,"href":"https:\/\/gazdasagportal.hu\/index.php\/wp-json\/wp\/v2\/posts\/17868\/revisions\/18070"}],"wp:attachment":[{"href":"https:\/\/gazdasagportal.hu\/index.php\/wp-json\/wp\/v2\/media?parent=17868"}],"wp:term":[{"taxonomy":"category","embeddable":true,"href":"https:\/\/gazdasagportal.hu\/index.php\/wp-json\/wp\/v2\/categories?post=17868"},{"taxonomy":"post_tag","embeddable":true,"href":"https:\/\/gazdasagportal.hu\/index.php\/wp-json\/wp\/v2\/tags?post=17868"}],"curies":[{"name":"wp","href":"https:\/\/api.w.org\/{rel}","templated":true}]}}