{"id":17801,"date":"2013-10-01T19:54:04","date_gmt":"2013-10-01T17:54:04","guid":{"rendered":"http:\/\/stockportal.hu\/?p=17801"},"modified":"2013-10-01T19:54:11","modified_gmt":"2013-10-01T17:54:11","slug":"lezarult-az-e-on-foldgazuzletaganak-megvasarlasa","status":"publish","type":"post","link":"https:\/\/gazdasagportal.hu\/index.php\/lezarult-az-e-on-foldgazuzletaganak-megvasarlasa\/","title":{"rendered":"Lez\u00e1rult az E.ON f\u00f6ldg\u00e1z\u00fczlet\u00e1g\u00e1nak megv\u00e1s\u00e1rl\u00e1sa"},"content":{"rendered":"<p><strong>Lez\u00e1rult az E.ON f\u00f6ldg\u00e1z\u00fczlet\u00e1g\u00e1nak megv\u00e1s\u00e1rl\u00e1sa, az MVM Magyar Villamos M\u0171vek Zrt. \u00f6sszesen 281 milli\u00e1rd forintot utalt \u00e1t h\u00e9tf\u0151n &#8211; jelentette be a t\u00e1rsas\u00e1g vez\u00e9rkara kedden Budapesten sajt\u00f3t\u00e1j\u00e9koztat\u00f3n.<!--more--><\/strong><\/p>\n<p>A v\u00e9tel\u00e1r 260 milli\u00e1rd forint volt, ami mag\u00e1ban foglalja a k\u00e9t &#8211; a t\u00e1rol\u00f3 \u00e9s a keresked\u0151 &#8211; t\u00e1rsas\u00e1g mintegy 110 milli\u00e1rd forint \u00e9rt\u00e9k\u0171 r\u00e9szv\u00e9nyeit, a t\u00e1rsas\u00e1gok \u00e1tv\u00e1llalt k\u00f6telezetts\u00e9geit, valamint ezeken kereszt\u00fcl a f\u00f6ldg\u00e1zt\u00e1rol\u00f3kat, a t\u00e1rolt f\u00f6ldg\u00e1zk\u00e9szletet &#8211; k\u00f6z\u00f6lte K\u00f3bor Gy\u00f6rgy, az MVM vez\u00e9rigazgat\u00f3-helyettese.<br \/>\nEmellett az MVM \u00e1tutalt tov\u00e1bbi mintegy 20 milli\u00e1rd forintot a k\u00e9t t\u00e1rsas\u00e1gn\u00e1l megl\u00e9v\u0151 k\u00e9szp\u00e9nz\u00e1llom\u00e1ny \u00e9s ad\u00f3k\u00f6vetel\u00e9s ellent\u00e9telez\u00e9s\u00e9re.<br \/>\nA v\u00e1llalatok Magyar F\u00f6ldg\u00e1zkeresked\u0151 Zrt. \u00e9s Magyar F\u00f6ldg\u00e1zt\u00e1rol\u00f3 Zrt. n\u00e9ven magyar tulajdonban m\u0171k\u00f6dnek okt\u00f3ber 1-j\u00e9t\u0151l.<br \/>\nAz MVM Zrt. a tranzakci\u00f3t r\u00e9szben saj\u00e1t, r\u00e9szben k\u00fcls\u0151 forr\u00e1sokb\u00f3l finansz\u00edrozta.<br \/>\nA k\u00e9t \u00faj c\u00e9ggel az MVM Csoport a legnagyobb nemzeti tulajdon\u00fa v\u00e1llalatcsoportt\u00e1 v\u00e1lik, m\u00edg K\u00f6z\u00e9p-Eur\u00f3p\u00e1ban a huszadik legnagyobb c\u00e9gg\u00e9 n\u00f6vi ki mag\u00e1t &#8211; k\u00f6z\u00f6lte Baji Csaba, a t\u00e1rsas\u00e1g eln\u00f6k-vez\u00e9rigazgat\u00f3ja.<br \/>\nAz MVM k\u00f6z\u00e9pt\u00e1v\u00fa strat\u00e9gi\u00e1j\u00e1nak megfelel\u0151en bel\u00e9pett a g\u00e1zpiacra, illetve a t\u00e1vk\u00f6zl\u00e9si piacra is. Ma a g\u00e1z\u00fczlet\u00e1g minden jelent\u0151s szegmens\u00e9ben k\u00e9pviselteti mag\u00e1t, az infrastrukt\u00far\u00e1t\u00f3l a kereskedelemig &#8211; eml\u00e9keztetett Baji Csaba.<br \/>\nA t\u00e1rsas\u00e1gcsoport j\u00f6v\u0151 \u00e9vre v\u00e1rhat\u00f3 \u00e1rbev\u00e9tele meghaladhatja az 1300 milli\u00e1rd forintot. Tavaly 767 milli\u00e1rd forint volt a nett\u00f3 \u00e1rbev\u00e9tel, az ad\u00f3z\u00e1s el\u0151tti eredm\u00e9ny pedig el\u00e9rte a 97 milli\u00e1rdot, a t\u00e1rsas\u00e1gcsoport eddigi legsikeresebb \u00e9ve volt a 2012-es &#8211; ismertette az eln\u00f6k-vez\u00e9rigazgat\u00f3.<br \/>\nAz \u00e1llami tulajdon\u00fa c\u00e9g a nemzetk\u00f6ziv\u00e9 v\u00e1l\u00e1s \u00e9s a hazai gazdas\u00e1g szolg\u00e1lat\u00e1n t\u00fal a rezsics\u00f6kkent\u00e9shez csatlakozva a lakoss\u00e1gi ig\u00e9nyeket is tudja szolg\u00e1lni &#8211; fogalmazott Baji Csaba.<br \/>\nA Magyar F\u00f6ldg\u00e1zkeresked\u0151 Zrt. l\u00e1tja el f\u00f6ldg\u00e1zzal szinte az \u00f6sszes magyar g\u00e1zszolg\u00e1ltat\u00f3t, \u00edgy k\u00f6zvetve minden lakoss\u00e1gi fogyaszt\u00f3t. A Magyar F\u00f6ldg\u00e1zt\u00e1rol\u00f3 Zrt. n\u00e9gy f\u00f6ld alatti t\u00e1rol\u00f3ja biztos\u00edtja a v\u00e1llalkoz\u00e1sok, illetve a lakoss\u00e1g ell\u00e1t\u00e1s\u00e1nak biztons\u00e1g\u00e1t &#8211; k\u00f6z\u00f6lte Horv\u00e1th P\u00e9ter, az MVM Magyar Villamos M\u0171vek Zrt. vez\u00e9rigazgat\u00f3ja.<br \/>\nA mostani tranzakci\u00f3val az MVM t\u00f6bbs\u00e9gi tulajdonos\u00e1nak, az \u00e1llamnak jelent\u0151sebb belesz\u00f3l\u00e1sa lesz a magyarorsz\u00e1gi k\u00f6z\u00e9p- \u00e9s hossz\u00fa t\u00e1v\u00fa g\u00e1z\u00e1rak alakul\u00e1s\u00e1ba &#8211; emelte ki a vez\u00e9rigazgat\u00f3. Hozz\u00e1tette, hogy a csoport miel\u0151bb megk\u00edv\u00e1nja kezdeni a t\u00e1rgyal\u00e1sokat a Gazprommal a g\u00e1zsz\u00e1ll\u00edt\u00e1si szerz\u0151d\u00e9sekr\u0151l.<br \/>\nA Magyar F\u00f6ldg\u00e1zkeresked\u0151 Zrt. igazgat\u00f3s\u00e1g\u00e1nak eln\u00f6ke Kr\u00e1lik G\u00e1bor lett, a Magyar F\u00f6ldg\u00e1zt\u00e1rol\u00f3 Zrt. vez\u00e9rigazgat\u00f3i feladatait Fritsch L\u00e1szl\u00f3 l\u00e1tja el.<br \/>\nA sajt\u00f3t\u00e1j\u00e9koztat\u00f3n elhangzott prezent\u00e1ci\u00f3k, illetve a h\u00e1tt\u00e9ranyag szerint az E.ON csoport 2006-ban, mostani \u00e1rfolyamon sz\u00e1molva megk\u00f6zel\u00edt\u0151leg 270 milli\u00e1rd forint\u00e9rt v\u00e1s\u00e1rolta meg a MOL F\u00f6ldg\u00e1zt\u00e1rol\u00f3 Zrt. \u00e9s a MOL F\u00f6ldg\u00e1zell\u00e1t\u00f3 Zrt. 100 sz\u00e1zal\u00e9kos r\u00e9szv\u00e9nycsomagj\u00e1t, \u00e9s t\u00f6bb m\u00e1s beruh\u00e1z\u00e1s mellett tov\u00e1bbi 32 milli\u00e1rd forint \u00e9rt\u00e9k\u0171 beruh\u00e1z\u00e1ssal b\u0151v\u00edtette a zsanai f\u00f6ld alatti g\u00e1zt\u00e1rol\u00f3 kapacit\u00e1s\u00e1t.<br \/>\nA t\u00e1rgyal\u00e1sok megkezd\u00e9se \u00f3ta sz\u00e1mos vagyon\u00e9rt\u00e9kel\u00e9s t\u00f6rt\u00e9nt a k\u00e9t t\u00e1rsas\u00e1g \u00e1tvil\u00e1g\u00edt\u00e1sa sor\u00e1n. A vagyon\u00e9rt\u00e9kel\u00e9sek alapj\u00e1n, piaci felt\u00e9telek f\u00fcggv\u00e9nyek\u00e9nt a t\u00e1rsas\u00e1gok \u00e9rt\u00e9ke meghaladhatja a 400 milli\u00e1rd forintot.<br \/>\nA Magyar F\u00f6ldg\u00e1zkeresked\u0151 Zrt. hossz\u00fa t\u00e1v\u00fa g\u00e1zbeszerz\u00e9si szerz\u0151d\u00e9seivel t\u00f6bb k\u00fcl\u00f6nb\u00f6z\u0151 forr\u00e1sb\u00f3l biztos\u00edtja Magyarorsz\u00e1g ell\u00e1t\u00e1s\u00e1t. A szerz\u0151d\u00e9sek k\u00f6z\u00fcl kiemelkedik az orosz hossz\u00fa t\u00e1v\u00fa g\u00e1zbeszerz\u00e9si meg\u00e1llapod\u00e1s.<br \/>\nA tranzakci\u00f3 lez\u00e1rult\u00e1val ism\u00e9t hazai t\u00e1rsas\u00e1g \u00fczemelteti majd az legnagyobb kapacit\u00e1s\u00fa zsanai, hajd\u00faszoboszl\u00f3i,\u00a0\u00a0pusztaedericsi \u00e9s kardosk\u00fati f\u00f6ldg\u00e1zt\u00e1rol\u00f3t.<br \/>\nA k\u00e9t v\u00e1llalat megv\u00e1s\u00e1rl\u00e1s\u00e1n t\u00fal az MVM Magyar Villamos M\u0171vek Zrt. a z\u00e1r\u00e1s ut\u00e1n v\u00e9teli opci\u00f3val \u00e9lhet a Panrusg\u00e1z Zrt. azon r\u00e9szv\u00e9nypakettj\u00e9nek megszerz\u00e9s\u00e9re is, amely jelenleg az E.ON Ruhrgas International GmbH tulajdon\u00e1ban van. (MTI)<\/p>\n","protected":false},"excerpt":{"rendered":"<p>Lez\u00e1rult az E.ON f\u00f6ldg\u00e1z\u00fczlet\u00e1g\u00e1nak megv\u00e1s\u00e1rl\u00e1sa, az MVM Magyar Villamos M\u0171vek Zrt. \u00f6sszesen 281 milli\u00e1rd forintot utalt \u00e1t h\u00e9tf\u0151n &#8211; jelentette be a t\u00e1rsas\u00e1g vez\u00e9rkara kedden Budapesten sajt\u00f3t\u00e1j\u00e9koztat\u00f3n.<\/p>\n","protected":false},"author":1,"featured_media":0,"comment_status":"open","ping_status":"closed","sticky":false,"template":"","format":"standard","meta":[],"categories":[19],"tags":[],"_links":{"self":[{"href":"https:\/\/gazdasagportal.hu\/index.php\/wp-json\/wp\/v2\/posts\/17801"}],"collection":[{"href":"https:\/\/gazdasagportal.hu\/index.php\/wp-json\/wp\/v2\/posts"}],"about":[{"href":"https:\/\/gazdasagportal.hu\/index.php\/wp-json\/wp\/v2\/types\/post"}],"author":[{"embeddable":true,"href":"https:\/\/gazdasagportal.hu\/index.php\/wp-json\/wp\/v2\/users\/1"}],"replies":[{"embeddable":true,"href":"https:\/\/gazdasagportal.hu\/index.php\/wp-json\/wp\/v2\/comments?post=17801"}],"version-history":[{"count":2,"href":"https:\/\/gazdasagportal.hu\/index.php\/wp-json\/wp\/v2\/posts\/17801\/revisions"}],"predecessor-version":[{"id":17809,"href":"https:\/\/gazdasagportal.hu\/index.php\/wp-json\/wp\/v2\/posts\/17801\/revisions\/17809"}],"wp:attachment":[{"href":"https:\/\/gazdasagportal.hu\/index.php\/wp-json\/wp\/v2\/media?parent=17801"}],"wp:term":[{"taxonomy":"category","embeddable":true,"href":"https:\/\/gazdasagportal.hu\/index.php\/wp-json\/wp\/v2\/categories?post=17801"},{"taxonomy":"post_tag","embeddable":true,"href":"https:\/\/gazdasagportal.hu\/index.php\/wp-json\/wp\/v2\/tags?post=17801"}],"curies":[{"name":"wp","href":"https:\/\/api.w.org\/{rel}","templated":true}]}}