{"id":17799,"date":"2013-10-01T19:16:46","date_gmt":"2013-10-01T17:16:46","guid":{"rendered":"http:\/\/stockportal.hu\/?p=17799"},"modified":"2013-10-01T19:17:39","modified_gmt":"2013-10-01T17:17:39","slug":"vegveszelybe-kerult-a-loewe-nemet-televiziogyarto-tarsasag","status":"publish","type":"post","link":"https:\/\/gazdasagportal.hu\/index.php\/vegveszelybe-kerult-a-loewe-nemet-televiziogyarto-tarsasag\/","title":{"rendered":"V\u00e9gvesz\u00e9lybe ker\u00fclt a Loewe n\u00e9met telev\u00edzi\u00f3gy\u00e1rt\u00f3 t\u00e1rsas\u00e1g"},"content":{"rendered":"<p><strong>V\u00e9gvesz\u00e9lybe ker\u00fclt a pr\u00e9miumkateg\u00f3ri\u00e1s telev\u00edzi\u00f3-k\u00e9sz\u00fcl\u00e9keket gy\u00e1rt\u00f3 Loewe, a n\u00e9met v\u00e1llalat kedden cs\u0151delj\u00e1r\u00e1s megind\u00edt\u00e1s\u00e1ra k\u00e9nyszer\u00fclt.<!--more--><\/strong><\/p>\n<p>A t\u00e1rsas\u00e1g menedzsmentj\u00e9nek okt\u00f3ber v\u00e9g\u00e9ig kell befektet\u0151t tal\u00e1lnia, k\u00fcl\u00f6nben a c\u00e9get felsz\u00e1molj\u00e1k. A bajororsz\u00e1gi Kronachban m\u0171k\u00f6d\u0151 v\u00e1llalkoz\u00e1s vezet\u0151i szerint van es\u00e9ly a t\u00fal\u00e9l\u00e9sre, jelenleg hat lehets\u00e9ges befektet\u0151vel t\u00e1rgyalnak. Az Apple nincs k\u00f6zt\u00fck &#8211; tett\u00e9k hozz\u00e1, utalva azokra a tal\u00e1lgat\u00e1sokra, amelyek szerint az amerikai Apple esetleg a n\u00e9met t\u00e1rsas\u00e1ggal fejleszt majd \u00fajgener\u00e1ci\u00f3s telev\u00edzi\u00f3kat.<br \/>\nA kilencven \u00e9ve m\u0171k\u00f6d\u0151 Loewe az egyik utols\u00f3 n\u00e9met m\u00e1rka a sz\u00f3rakoztat\u00f3elektronika piac\u00e1n. Telev\u00edzi\u00f3t mellette m\u00e1r csak az ugyancsak a luxuskateg\u00f3ri\u00e1s k\u00e9sz\u00fcl\u00e9kek\u00e9re szakosodott TechniSat \u00e9s a Metz gy\u00e1rt N\u00e9metorsz\u00e1gban, ahol az ut\u00f3bbi \u00e9vekben olyan hagyom\u00e1nyos m\u00e1rk\u00e1k sz\u0171ntek meg, mint a Telefunken vagy a Grundig, amely egy t\u00f6r\u00f6k c\u00e9g tulajdon\u00e1ba ker\u00fclt.<br \/>\nAz egyebek k\u00f6z\u00f6tt hangsz\u00f3r\u00f3rendszerek gy\u00e1rt\u00e1s\u00e1val is foglalkoz\u00f3 Loewe n\u00e9gy \u00e9ve m\u00e9g minden kor\u00e1bbin\u00e1l jobb eredm\u00e9nyekkel z\u00e1rta az \u00fczleti \u00e9vet, tavaly viszont 30 milli\u00f3 eur\u00f3 ad\u00f3z\u00e1s ut\u00e1ni vesztes\u00e9get szenvedett el, a bev\u00e9tele pedig 250 milli\u00f3 eur\u00f3ra cs\u00f6kkent a n\u00e9gy \u00e9vvel kor\u00e1bbi 374 milli\u00f3r\u00f3l. A visszaes\u00e9s f\u0151 oka az \u00e1zsiai gy\u00e1rt\u00f3k &#8211; p\u00e9ld\u00e1ul a Samsung \u00e9s az LG Electronics &#8211; el\u0151ret\u00f6r\u00e9se r\u00e9v\u00e9n kialakult \u00e1rverseny, amely szinte eladhatatlann\u00e1 tette a viszonylag dr\u00e1ga Loewe k\u00e9sz\u00fcl\u00e9keket.<br \/>\nA c\u00e9g az id\u00e9n az els\u0151 f\u00e9l\u00e9vben csaknem akkora vesztes\u00e9get termelt, mint tavaly eg\u00e9sz \u00e9vben, a m\u00ednusz 27 milli\u00f3 eur\u00f3 volt, m\u00edg a bev\u00e9tel 40 sz\u00e1zal\u00e9kkal 76,5 eur\u00f3ra cs\u00f6kkent.<br \/>\nA c\u00e9get egy testv\u00e9rp\u00e1r, Siegmund \u00e9s David Ludwig Loewe alap\u00edtotta Berlinben. Telev\u00edzi\u00f3k fejleszt\u00e9s\u00e9vel 1929 \u00f3ta foglalkoznak. Az alap\u00edt\u00f3k a n\u00e1cik el\u0151l az Egyes\u00fclt \u00c1llamokba menek\u00fcltek, majd a h\u00e1bor\u00fa ut\u00e1n visszat\u00e9rtek haz\u00e1jukba. A gy\u00e1rt\u00e1st fokozatosan Bajororsz\u00e1gba k\u00f6lt\u00f6ztett\u00e9k \u00e1t. A frankfurti t\u0151zsd\u00e9n jegyzett r\u00e9szv\u00e9nyt\u00e1rsas\u00e1g az id\u00e9n j\u00faliusban cs\u0151dv\u00e9delmet k\u00e9rt. Az \u00e1tszervez\u00e9s sor\u00e1n az alkalmazottak l\u00e9tsz\u00e1m\u00e1t 1000-r\u0151l 650-re cs\u00f6kkentett\u00e9k, \u00e9s meg\u00e1llapod\u00e1st k\u00f6t\u00f6ttek a Hisense nev\u0171 k\u00ednai c\u00e9ggel. Az \u00e1llami v\u00e1llalat azonban nem hozott friss t\u0151k\u00e9t, csak a technol\u00f3giai fejleszt\u00e9sben \u00e9s a k\u00ednai \u00e9rt\u00e9kes\u00edt\u00e9sben m\u0171k\u00f6dik egy\u00fctt a n\u00e9met partnerrel.<br \/>\nKedden, amikor a t\u00e1rsas\u00e1g bejelentette, hogy a szan\u00e1l\u00e1sra kapott h\u00e1rom h\u00f3nap alatt nem siker\u00fclt \u00faj befektet\u0151t tal\u00e1lni, \u00e9s ez\u00e9rt meg kell ind\u00edtani a cs\u0151delj\u00e1r\u00e1st, a Loewe-r\u00e9szv\u00e9ny \u00e9rt\u00e9ke 5,8 eur\u00f3r\u00f3l 3,5 eur\u00f3ra zuhant.(MTI)<\/p>\n","protected":false},"excerpt":{"rendered":"<p>V\u00e9gvesz\u00e9lybe ker\u00fclt a pr\u00e9miumkateg\u00f3ri\u00e1s telev\u00edzi\u00f3-k\u00e9sz\u00fcl\u00e9keket gy\u00e1rt\u00f3 Loewe, a n\u00e9met v\u00e1llalat kedden cs\u0151delj\u00e1r\u00e1s megind\u00edt\u00e1s\u00e1ra k\u00e9nyszer\u00fclt.<\/p>\n","protected":false},"author":1,"featured_media":0,"comment_status":"open","ping_status":"closed","sticky":false,"template":"","format":"standard","meta":[],"categories":[12],"tags":[],"_links":{"self":[{"href":"https:\/\/gazdasagportal.hu\/index.php\/wp-json\/wp\/v2\/posts\/17799"}],"collection":[{"href":"https:\/\/gazdasagportal.hu\/index.php\/wp-json\/wp\/v2\/posts"}],"about":[{"href":"https:\/\/gazdasagportal.hu\/index.php\/wp-json\/wp\/v2\/types\/post"}],"author":[{"embeddable":true,"href":"https:\/\/gazdasagportal.hu\/index.php\/wp-json\/wp\/v2\/users\/1"}],"replies":[{"embeddable":true,"href":"https:\/\/gazdasagportal.hu\/index.php\/wp-json\/wp\/v2\/comments?post=17799"}],"version-history":[{"count":2,"href":"https:\/\/gazdasagportal.hu\/index.php\/wp-json\/wp\/v2\/posts\/17799\/revisions"}],"predecessor-version":[{"id":17808,"href":"https:\/\/gazdasagportal.hu\/index.php\/wp-json\/wp\/v2\/posts\/17799\/revisions\/17808"}],"wp:attachment":[{"href":"https:\/\/gazdasagportal.hu\/index.php\/wp-json\/wp\/v2\/media?parent=17799"}],"wp:term":[{"taxonomy":"category","embeddable":true,"href":"https:\/\/gazdasagportal.hu\/index.php\/wp-json\/wp\/v2\/categories?post=17799"},{"taxonomy":"post_tag","embeddable":true,"href":"https:\/\/gazdasagportal.hu\/index.php\/wp-json\/wp\/v2\/tags?post=17799"}],"curies":[{"name":"wp","href":"https:\/\/api.w.org\/{rel}","templated":true}]}}