{"id":17794,"date":"2013-10-01T18:09:29","date_gmt":"2013-10-01T16:09:29","guid":{"rendered":"http:\/\/stockportal.hu\/?p=17794"},"modified":"2013-10-01T18:09:29","modified_gmt":"2013-10-01T16:09:29","slug":"mnb-alelnok-kinevezte-windisch-laszlot-a-koztarsasagi-elnok","status":"publish","type":"post","link":"https:\/\/gazdasagportal.hu\/index.php\/mnb-alelnok-kinevezte-windisch-laszlot-a-koztarsasagi-elnok\/","title":{"rendered":"MNB-aleln\u00f6k &#8211; Kinevezte Windisch L\u00e1szl\u00f3t a k\u00f6zt\u00e1rsas\u00e1gi eln\u00f6k"},"content":{"rendered":"<p><strong>\u00c1der J\u00e1nos k\u00f6zt\u00e1rsas\u00e1gi eln\u00f6k kinevezte a Magyar Nemzeti Bank (MNB) aleln\u00f6k\u00e9v\u00e9 Windisch L\u00e1szl\u00f3t kedden. A megb\u00edzat\u00e1s hat \u00e9vre sz\u00f3l.<!--more--><\/strong><\/p>\n<p>A szakembert, aki eddig a jegybankban a k\u00f6lts\u00e9gvet\u00e9si elemz\u00e9sek igazgat\u00f3s\u00e1g\u00e1t vezette, Orb\u00e1n Viktor minisztereln\u00f6k jel\u00f6lte az MNB \u00faj, harmadik aleln\u00f6k\u00e9nek.<br \/>\nWindisch L\u00e1szl\u00f3 a jegybank harmadik aleln\u00f6kek\u00e9nt a mikroprodenci\u00e1lis &#8211; azaz az egyes int\u00e9zm\u00e9nyekre, piaci szerepl\u0151kre lebontott, a kock\u00e1zatok felt\u00e1r\u00e1s\u00e1val a bet\u00e9tesek, befektet\u0151k \u00e9rdekeit v\u00e9d\u0151 &#8211; fel\u00fcgyelet\u00e9rt \u00e9s a p\u00e9nz\u00fcgyi fogyaszt\u00f3v\u00e9delem\u00e9rt lesz felel\u0151s.<br \/>\nAz Orsz\u00e1ggy\u0171l\u00e9s gazdas\u00e1gi \u00e9s informatikai bizotts\u00e1g\u00e1ban tartott meghallgat\u00e1s\u00e1n h\u00e9tf\u0151n Windisch L\u00e1szl\u00f3 azt hangs\u00falyozta: er\u0151s mikroprudenci\u00e1lis fel\u00fcgyeletre van sz\u00fcks\u00e9g, mert a bankrendszer vesz\u00e9lyes \u00fczem. Megjegyezte: a bankrendszer a gazdas\u00e1g\u00e9rt, az emberek\u00e9rt van, nem pedig ford\u00edtva.<br \/>\nFontos feladat\u00e1nak nevezte, hogy vissza\u00e1ll\u00edtsa az emberek p\u00e9nz\u00fcgyi k\u00f6zvet\u00edt\u0151rendszerbe vetett bizalm\u00e1t, valamint azt, hogy az \u00fcgyfelek m\u00f6g\u00f6tt er\u0151s, elk\u00f6telezett p\u00e9nz\u00fcgyi fogyaszt\u00f3v\u00e9delmi szervezet \u00e1lljon.<br \/>\nA harmadik aleln\u00f6k kinevez\u00e9s\u00e9re az MNB \u00e9s a PSZ\u00c1F \u00f6sszevon\u00e1sa miatt ker\u00fclt sor; az MNB m\u00e1sik k\u00e9t aleln\u00f6ke Gerhardt Ferenc \u00e9s Balog \u00c1d\u00e1m.(MTI)<\/p>\n","protected":false},"excerpt":{"rendered":"<p>\u00c1der J\u00e1nos k\u00f6zt\u00e1rsas\u00e1gi eln\u00f6k kinevezte a Magyar Nemzeti Bank (MNB) aleln\u00f6k\u00e9v\u00e9 Windisch L\u00e1szl\u00f3t kedden. A megb\u00edzat\u00e1s hat \u00e9vre sz\u00f3l.<\/p>\n","protected":false},"author":1,"featured_media":0,"comment_status":"open","ping_status":"closed","sticky":false,"template":"","format":"standard","meta":[],"categories":[19],"tags":[],"_links":{"self":[{"href":"https:\/\/gazdasagportal.hu\/index.php\/wp-json\/wp\/v2\/posts\/17794"}],"collection":[{"href":"https:\/\/gazdasagportal.hu\/index.php\/wp-json\/wp\/v2\/posts"}],"about":[{"href":"https:\/\/gazdasagportal.hu\/index.php\/wp-json\/wp\/v2\/types\/post"}],"author":[{"embeddable":true,"href":"https:\/\/gazdasagportal.hu\/index.php\/wp-json\/wp\/v2\/users\/1"}],"replies":[{"embeddable":true,"href":"https:\/\/gazdasagportal.hu\/index.php\/wp-json\/wp\/v2\/comments?post=17794"}],"version-history":[{"count":2,"href":"https:\/\/gazdasagportal.hu\/index.php\/wp-json\/wp\/v2\/posts\/17794\/revisions"}],"predecessor-version":[{"id":17796,"href":"https:\/\/gazdasagportal.hu\/index.php\/wp-json\/wp\/v2\/posts\/17794\/revisions\/17796"}],"wp:attachment":[{"href":"https:\/\/gazdasagportal.hu\/index.php\/wp-json\/wp\/v2\/media?parent=17794"}],"wp:term":[{"taxonomy":"category","embeddable":true,"href":"https:\/\/gazdasagportal.hu\/index.php\/wp-json\/wp\/v2\/categories?post=17794"},{"taxonomy":"post_tag","embeddable":true,"href":"https:\/\/gazdasagportal.hu\/index.php\/wp-json\/wp\/v2\/tags?post=17794"}],"curies":[{"name":"wp","href":"https:\/\/api.w.org\/{rel}","templated":true}]}}