{"id":17712,"date":"2013-10-01T08:02:44","date_gmt":"2013-10-01T06:02:44","guid":{"rendered":"http:\/\/stockportal.hu\/?p=17712"},"modified":"2013-10-01T08:02:55","modified_gmt":"2013-10-01T06:02:55","slug":"ensz-kozgyules-irannal-kapcsolatban-megvaltozott-a-hangulat","status":"publish","type":"post","link":"https:\/\/gazdasagportal.hu\/index.php\/ensz-kozgyules-irannal-kapcsolatban-megvaltozott-a-hangulat\/","title":{"rendered":"ENSZ-k\u00f6zgy\u0171l\u00e9s &#8211; Ir\u00e1nnal kapcsolatban megv\u00e1ltozott a hangulat"},"content":{"rendered":"<p><strong>Ir\u00e1nnal kapcsolatban megv\u00e1ltozott a hangulat, \u00e9s ha siker\u00fcl megold\u00e1st tal\u00e1lni Teher\u00e1n atomprogramj\u00e1ra, akkor nagy lehet\u0151s\u00e9gek ny\u00edlhatnak majd a magyar kivitel sz\u00e1m\u00e1ra &#8211; jelentette ki az MTI-nek h\u00e9tf\u0151n New Yorkban Martonyi J\u00e1nos k\u00fcl\u00fcgyminiszter, aki a nap folyam\u00e1n tal\u00e1lkozott Mohamad Dzsavad Zariffal, az iszl\u00e1m k\u00f6zt\u00e1rsas\u00e1g diplom\u00e1ci\u00e1j\u00e1nak vezet\u0151j\u00e9vel.<!--more--><\/strong><\/p>\n<p>A magyar t\u00e1rcavezet\u0151 eml\u00e9keztetett arra, hogy Magyarorsz\u00e1gnak &#8211; term\u00e9szetesen a nemzetk\u00f6zi szankci\u00f3k betart\u00e1sa mellett &#8211; jelenleg is vannak Ir\u00e1nnal kapcsolatai. A magyar egyetemeken k\u00f6r\u00fclbel\u00fcl ezer di\u00e1k tanul, \u00e9s a perzsa \u00e1llam elleni gazdas\u00e1gi b\u00fcntet\u0151int\u00e9zked\u00e9sek mellett is l\u00e9tezik ir\u00e1ni magyar export.<br \/>\n&#8222;A legl\u00e9nyegesebb szerintem az, hogy itt is meg fog ny\u00edlni egy lehet\u0151s\u00e9g. A hangulat m\u00e1r megv\u00e1ltozott. Persze vannak, akik ezt \u00f3vatosan kezelik, vannak, akik der\u0171l\u00e1t\u00f3bbak, de az\u00e9rt van egy \u00e1ltal\u00e1nos hangulatv\u00e1ltoz\u00e1s itt, Amerik\u00e1ban is&#8221; &#8211; mondta Martonyi J\u00e1nos.<br \/>\n&#8222;Ha val\u00f3ban siker\u00fcl megold\u00e1st tal\u00e1lni az ir\u00e1ni atomprogrammal kapcsolatos k\u00e9rd\u00e9sekre, akkor nem mindegy az, hogy Magyarorsz\u00e1g milyen helyzetb\u0151l indul. Az hiszem, hogy nem indulunk rossz helyzetb\u0151l. Nek\u00fcnk hagyom\u00e1nyos, j\u00f3 kapcsolataink vannak Ir\u00e1nnal, \u00e9s azt hiszem, hogy itt a magyar kivitel szempontj\u00e1b\u00f3l is nagyon nagy lehet\u0151s\u00e9gek lesznek&#8221; &#8211; fogalmazott a k\u00fcl\u00fcgyminiszter.<br \/>\nA megl\u00e9v\u0151 gazdas\u00e1gi egy\u00fcttm\u0171k\u00f6d\u00e9s k\u00e9rd\u00e9sei szerepeltek Martonyi J\u00e1nos \u00e9s Sz\u00e1rt\u00e1dzs Aziz pakiszt\u00e1ni k\u00fcl\u00fcgyminiszter tal\u00e1lkoz\u00f3j\u00e1nak f\u00f3kusz\u00e1ban. A k\u00fcl\u00fcgyminiszter utalt r\u00e1, hogy a Mol igen jelent\u0151s \u00f6sszeget fektetett m\u00e1r be Pakiszt\u00e1nban, \u00e9s a j\u00f6v\u0151ben szeretn\u00e9 folytatni ezt a tev\u00e9kenys\u00e9g\u00e9t.<br \/>\n&#8222;A magyar korm\u00e1nynak k\u00f6teless\u00e9ge, hogy minden politikai t\u00e1mogat\u00e1st megadjon a Molnak, azon kereszt\u00fcl is, hogy a k\u00e9t korm\u00e1ny k\u00f6z\u00f6tti kapcsolatok j\u00f3l alakuljanak&#8221; &#8211; mondta Martonyi J\u00e1nos h\u00e9tf\u0151n a m\u00e9g p\u00e9nteken megtartott tal\u00e1lkoz\u00f3r\u00f3l.<br \/>\nFelh\u00edvta a figyelmet arra, hogy Pakiszt\u00e1n helyzete az eg\u00e9sz vil\u00e1g szempontj\u00e1b\u00f3l is fontos, mert az afganiszt\u00e1ni folyamatok alakul\u00e1s\u00e1ban ennek az orsz\u00e1gnak is jelent\u0151s szerepe van.<br \/>\n&#8222;Nek\u00fcnk sem mindegy, hogyan alakul Afganiszt\u00e1nban a helyzet 2014 ut\u00e1n. Mi term\u00e9szetesen haza fogunk j\u00f6nni, m\u00e1r most j\u00f6nnek haza a magyar katon\u00e1k, de marad ott az\u00e9rt k\u00f6r\u00fclbel\u00fcl sz\u00e1z ember. \u00c9s az sem volna j\u00f3, hogy az a sok er\u0151fesz\u00edt\u00e9s, az a sok \u00e1ldozat, amelyet a nemzetk\u00f6zi k\u00f6z\u00f6ss\u00e9g Afganiszt\u00e1nban hozott, most veszend\u0151be menne. Mindenkinek az az \u00e9rdeke, Pakiszt\u00e1nt is belev\u00e9ve, hogy az afganiszt\u00e1ni h\u00e1bor\u00fa a kivonul\u00e1s ut\u00e1n ne er\u0151s\u00f6dj\u00f6n fel, \u00e9ppen ellenkez\u0151leg: a felek ott is politikai megold\u00e1st tal\u00e1ljanak&#8221; &#8211; k\u00f6z\u00f6lte Martonyi J\u00e1nos, aki a m\u00falt h\u00e9ten Zelmai Raszul afg\u00e1n k\u00fcl\u00fcgyminiszterrel is t\u00e1rgyalt.<br \/>\nA magyar diplom\u00e1cia vezet\u0151je h\u00e9tf\u0151n a Zsid\u00f3 Vil\u00e1gkongresszus (WJC) \u00e9szak-amerikai tagozat\u00e1nak, a R\u00e1galmaz\u00e1s Elleni Liga (ADL), a B&#8217;nai B&#8217;rith International, a Jelent\u0151s Amerikai Szervezetek Eln\u00f6kei Konferenci\u00e1ja (CoP) \u00e9s a Szovjet Zsid\u00f3s\u00e1g Nemzeti Konferenci\u00e1ja (NCSJ) elnevez\u00e9s\u0171 szervezetek vezet\u0151ivel \u00e9s k\u00e9pvisel\u0151ivel is tal\u00e1lkozott.<br \/>\n&#8222;Az amerikai zsid\u00f3 szervezetekkel minden ENSZ-k\u00f6zgy\u0171l\u00e9s alatt tett New York-i l\u00e1togat\u00e1som alkalm\u00e1val tal\u00e1lkozom. Azt hiszem, hogy a kapcsolataink most meglehet\u0151sen j\u00f3l alakulnak. Ha \u00f6sszehasonl\u00edtom a mai megbesz\u00e9l\u00e9s hangulat\u00e1t ak\u00e1r a tavalyival vagy a tavalyel\u0151ttivel, akkor azt kell, hogy mondjam, hogy most minden szempontb\u00f3l l\u00e9nyegesen jobb a l\u00e9gk\u00f6r&#8221; &#8211; v\u00e9lekedett Martonyi.<br \/>\n&#8222;Azt hiszem, fontos dolog, hogy Magyarorsz\u00e1gon \u00e9l K\u00f6z\u00e9p-Eur\u00f3pa legnagyobb zsid\u00f3 k\u00f6z\u00f6ss\u00e9ge, amely rem\u00e9nyeink szerint egyre jobban \u00e9rzi mag\u00e1t, egyre nagyobb biztons\u00e1gban \u00e9rzi mag\u00e1t, aggodalmai ellen\u00e9re. Az is nagyon fontos, hogy mintegy 200 ezer magyar ajk\u00fa vagy magyar h\u00e1tter\u0171 ember \u00e9l Izraelben. Ezeknek igen jelent\u0151s r\u00e9sze egy\u00e9bk\u00e9nt magyar \u00e1llampolg\u00e1r is, igen jelent\u0151s r\u00e9sz\u00fck &#8211; hasonl\u00f3an a vil\u00e1g m\u00e1s r\u00e9szein \u00e9l\u0151 magyarokhoz &#8211; szavazni is fog, v\u00e1lasztani is fog Magyarorsz\u00e1gon nagy val\u00f3sz\u00edn\u0171s\u00e9ggel a k\u00f6vetkez\u0151 \u00e9vben&#8221; &#8211; tette hozz\u00e1 a k\u00fcl\u00fcgyminiszter.<br \/>\nMartonyi J\u00e1nos elmondta, hogy ez a k\u00e9rd\u00e9s felmer\u00fclt a Ze&#8217;ev Elkin izraeli k\u00fcl\u00fcgyminiszter-helyettessel h\u00e9tf\u0151n folytatott megbesz\u00e9l\u00e9sen is. A t\u00e1rgyal\u00e1son emellett sz\u00f3 esett az izraeli-palesztin b\u00e9kefolyamatr\u00f3l, az Eur\u00f3pai Uni\u00f3 \u00e9s Izrael kapcsolat\u00e1r\u00f3l \u00e9s.<br \/>\n&#8222;A l\u00e9nyeget abban l\u00e1tom, hogy Magyarorsz\u00e1g elvi politik\u00e1t folytat, kiegyens\u00falyozott politik\u00e1t folytat, ugyanakkor figyelembe veszi ennek a k\u00e9t k\u00f6z\u00f6ss\u00e9gnek a l\u00e9t\u00e9t is, ami komoly \u00f6sszekapcsol\u00f3 t\u00e9nyez\u0151&#8221; &#8211; nyilatkozott az MTI-nek Martonyi J\u00e1nos.(MTI)<\/p>\n","protected":false},"excerpt":{"rendered":"<p>Ir\u00e1nnal kapcsolatban megv\u00e1ltozott a hangulat, \u00e9s ha siker\u00fcl megold\u00e1st tal\u00e1lni Teher\u00e1n atomprogramj\u00e1ra, akkor nagy lehet\u0151s\u00e9gek ny\u00edlhatnak majd a magyar kivitel sz\u00e1m\u00e1ra &#8211; jelentette ki az MTI-nek h\u00e9tf\u0151n New Yorkban Martonyi J\u00e1nos k\u00fcl\u00fcgyminiszter, aki a nap folyam\u00e1n tal\u00e1lkozott Mohamad Dzsavad Zariffal, az iszl\u00e1m k\u00f6zt\u00e1rsas\u00e1g diplom\u00e1ci\u00e1j\u00e1nak vezet\u0151j\u00e9vel.<\/p>\n","protected":false},"author":1,"featured_media":0,"comment_status":"open","ping_status":"closed","sticky":false,"template":"","format":"standard","meta":[],"categories":[16],"tags":[],"_links":{"self":[{"href":"https:\/\/gazdasagportal.hu\/index.php\/wp-json\/wp\/v2\/posts\/17712"}],"collection":[{"href":"https:\/\/gazdasagportal.hu\/index.php\/wp-json\/wp\/v2\/posts"}],"about":[{"href":"https:\/\/gazdasagportal.hu\/index.php\/wp-json\/wp\/v2\/types\/post"}],"author":[{"embeddable":true,"href":"https:\/\/gazdasagportal.hu\/index.php\/wp-json\/wp\/v2\/users\/1"}],"replies":[{"embeddable":true,"href":"https:\/\/gazdasagportal.hu\/index.php\/wp-json\/wp\/v2\/comments?post=17712"}],"version-history":[{"count":4,"href":"https:\/\/gazdasagportal.hu\/index.php\/wp-json\/wp\/v2\/posts\/17712\/revisions"}],"predecessor-version":[{"id":17714,"href":"https:\/\/gazdasagportal.hu\/index.php\/wp-json\/wp\/v2\/posts\/17712\/revisions\/17714"}],"wp:attachment":[{"href":"https:\/\/gazdasagportal.hu\/index.php\/wp-json\/wp\/v2\/media?parent=17712"}],"wp:term":[{"taxonomy":"category","embeddable":true,"href":"https:\/\/gazdasagportal.hu\/index.php\/wp-json\/wp\/v2\/categories?post=17712"},{"taxonomy":"post_tag","embeddable":true,"href":"https:\/\/gazdasagportal.hu\/index.php\/wp-json\/wp\/v2\/tags?post=17712"}],"curies":[{"name":"wp","href":"https:\/\/api.w.org\/{rel}","templated":true}]}}