{"id":17710,"date":"2013-10-01T08:26:54","date_gmt":"2013-10-01T06:26:54","guid":{"rendered":"http:\/\/stockportal.hu\/?p=17710"},"modified":"2013-10-01T08:26:56","modified_gmt":"2013-10-01T06:26:56","slug":"penteken-targyalnak-a-nemet-konzervativok-es-a-szocialdemokratak","status":"publish","type":"post","link":"https:\/\/gazdasagportal.hu\/index.php\/penteken-targyalnak-a-nemet-konzervativok-es-a-szocialdemokratak\/","title":{"rendered":"P\u00e9nteken t\u00e1rgyalnak a n\u00e9met konzervat\u00edvok \u00e9s a szoci\u00e1ldemokrat\u00e1k"},"content":{"rendered":"<p><strong>N\u00e9metorsz\u00e1gban a parlamenti v\u00e1laszt\u00e1s ut\u00e1ni 12. napon, p\u00e9nteken t\u00e1rgyalnak el\u0151sz\u00f6r a korm\u00e1nyalak\u00edt\u00e1s lehet\u0151s\u00e9geir\u0151l a konzervat\u00edv CDU\/CSU p\u00e1rtsz\u00f6vets\u00e9g \u00e9s a szoci\u00e1ldemokrata p\u00e1rt (SPD) vezet\u0151i, a j\u00f6v\u0151 h\u00e9ten pedig a konzervat\u00edvok a Z\u00f6ldek vezet\u0151ivel is t\u00e1rgyalnak majd.<!--more--><\/strong><\/p>\n<p>A v\u00e1laszt\u00e1si gy\u0151ztes konzervat\u00edvok 14 f\u0151s t\u00e1rgyal\u00f3csoportj\u00e1t Angela Merkel kancell\u00e1r, a CDU eln\u00f6ke vezeti &#8211; k\u00f6z\u00f6lte h\u00e9tf\u0151n a kereszt\u00e9nydemokrata p\u00e1rt. A deleg\u00e1ci\u00f3 tagjai k\u00f6z\u00f6tt lesz Horst Seehofer bajor minisztereln\u00f6k, a kereszt\u00e9nyszoci\u00e1lis uni\u00f3 (CSU) eln\u00f6ke, Volker Kauder, a CDU\/CSU parlamenti frakci\u00f3j\u00e1nak vezet\u0151je \u00e9s Wolfgang Sch\u00e4uble p\u00e9nz\u00fcgyminiszter.<br \/>\nAz SPD 7 tag\u00fa k\u00fcld\u00f6tts\u00e9g\u00e9t Sigmar Gabriel eln\u00f6k vezeti. A k\u00e9t legnagyobb n\u00e9met politikai er\u0151 k\u00e9pvisel\u0151i egyel\u0151re egy tal\u00e1lkoz\u00f3ban \u00e1llapodtak meg. A megbesz\u00e9l\u00e9st Berlinben tartj\u00e1k p\u00e9nteken 13 \u00f3r\u00e1t\u00f3l. A Spiegel Online h\u00edrport\u00e1l szerint elk\u00e9pzelhet\u0151, hogy p\u00e9ntekig az SPD deleg\u00e1ci\u00f3ja is b\u0151v\u00fcl majd, hogy kiegyens\u00falyozottabbak legyenek az er\u0151viszonyok a t\u00e1rgyal\u00f3asztaln\u00e1l.<br \/>\nA legt\u00f6bb vita az SPD ad\u00f3emel\u00e9si tervei k\u00f6r\u00fcl lehet, amelyeket a konzervat\u00edvok elutas\u00edtanak. A szoci\u00e1ldemokrat\u00e1k a legmagasabb j\u00f6vedelm\u0171 r\u00e9teg ad\u00f3terheit n\u00f6veln\u00e9k, egyebek k\u00f6z\u00f6tt a szem\u00e9lyi j\u00f6vedelemad\u00f3 fels\u0151 kulcs\u00e1nak emel\u00e9se r\u00e9v\u00e9n, \u00e9s a plusz bev\u00e9telt els\u0151sorban az oktat\u00e1s \u00e9s az infrastrukt\u00fara fejleszt\u00e9s\u00e9re ford\u00edtan\u00e1k. A konzervat\u00edvok szerint nincs sz\u00fcks\u00e9g ad\u00f3emel\u00e9sre, mert a gazdas\u00e1gi n\u00f6veked\u00e9s r\u00e9v\u00e9n minden k\u00fcl\u00f6n int\u00e9zked\u00e9s n\u00e9lk\u00fcl is t\u00f6rt\u00e9nelmi cs\u00facsra emelkednek az ad\u00f3bev\u00e9telek, \u00edgy tavaly \u00e1tl\u00e9pt\u00e9k a 600 milli\u00e1rd eur\u00f3s hat\u00e1rt, \u00e9s 2017-ben el\u00e9rik a 700 milli\u00e1rd eur\u00f3t.<br \/>\nA konzervat\u00edvok a Z\u00f6ldeket is felk\u00e9rt\u00e9k, hogy kezdjenek egyeztet\u00e9st a korm\u00e1nyalak\u00edt\u00e1s lehet\u0151s\u00e9geir\u0151l. Ezt a baloldali \u00f6kop\u00e1rt k\u00f6z\u00f6lte h\u00e9tf\u0151 k\u00e9s\u0151 d\u00e9lut\u00e1n. A felk\u00e9r\u00e9s Angela Merkelt\u0151l \u00e9rkezett, a megbesz\u00e9l\u00e9st a j\u00f6v\u0151 h\u00e9t v\u00e9g\u00e9n tartj\u00e1k meg. A Z\u00f6ldek deleg\u00e1ci\u00f3ja n\u00e9gytag\u00fa lesz. A p\u00e1rt el\u0151re megszabott egy sor felt\u00e9telt, r\u00f6gz\u00edtette egyebek k\u00f6z\u00f6tt azt, hogy csak akkor hajland\u00f3 koal\u00edci\u00f3ra l\u00e9pni a konzervat\u00edvokkal, ha bevezetik a minim\u00e1lb\u00e9rt \u00e9s 10 milli\u00e1rd eur\u00f3 plusz forr\u00e1st csoportos\u00edtanak \u00e1t az oktat\u00e1s fejleszt\u00e9s\u00e9re.<br \/>\nJoachim Gauck \u00e1llamf\u0151 is t\u00e1j\u00e9koz\u00f3dni k\u00edv\u00e1n a szeptember 22-\u00e9n tartott v\u00e1laszt\u00e1sok nyom\u00e1n kialakult helyzetr\u0151l. Ez\u00e9rt valamennyi parlamenti p\u00e1rt vezet\u0151j\u00e9t megh\u00edvja hivatal\u00e1ba egy-egy n\u00e9gyszemk\u00f6zti besz\u00e9lget\u00e9sre &#8211; \u00edrta h\u00e9tf\u0151n a S\u00fcddeutsche Zeitung. Az \u00e1llamf\u0151 pontosan tudni szeretn\u00e9, hogy a p\u00e1rtvezet\u0151k mik\u00e9nt \u00e9rt\u00e9kelik a helyzetet \u00e9s hogyan akarj\u00e1k elker\u00fclni a korm\u00e1nyzati munka teljes le\u00e1ll\u00e1s\u00e1t &#8211; \u00edrta a m\u00fcncheni lap, hangs\u00falyozva, hogy rendk\u00edv\u00fcl neh\u00e9znek t\u0171nik a korm\u00e1nyalak\u00edt\u00e1s, \u00e9s ha nem siker\u00fcl, akkor az \u00e1llamf\u0151nek kell d\u00f6ntenie arr\u00f3l, hogy feloszlatja-e a parlamentet \u00e9s \u00faj v\u00e1laszt\u00e1sokat \u00edr ki.<br \/>\nA CDU\/CSU \u00e9s az SPD legut\u00f3bb 2005 \u00e9s 2009 k\u00f6z\u00f6tt korm\u00e1nyozott egy\u00fctt, a kancell\u00e1r akkor is Angela Merkel volt. A koal\u00edci\u00f3s szerz\u0151d\u00e9s megk\u00f6t\u00e9s\u00e9t minden kor\u00e1bbin\u00e1l hosszabb t\u00e1rgyal\u00e1sok el\u0151zt\u00e9k meg, a szerz\u0151d\u00e9st a v\u00e1laszt\u00e1sok ut\u00e1ni 65. napon \u00edrt\u00e1k al\u00e1.<br \/>\nAz SPD kib\u0151v\u00edtett v\u00e1lasztm\u00e1nya (konvent) p\u00e9nteken adott felhatalmaz\u00e1st a p\u00e1rtvezet\u00e9snek arra, hogy t\u00e1j\u00e9koz\u00f3d\u00f3 megbesz\u00e9l\u00e9st folytasson a konzervat\u00edvokkal. A konvent ennek eredm\u00e9nye alapj\u00e1n d\u00f6nt majd arr\u00f3l, hogy az SPD hivatalos koal\u00edci\u00f3s t\u00e1rgyal\u00e1st kezd-e a konzervat\u00edvokkal. Amennyiben siker\u00fcl kidolgozni egy koal\u00edci\u00f3s meg\u00e1llapod\u00e1st, a v\u00e9gs\u0151 d\u00f6nt\u00e9st a 472 ezer f\u0151s tags\u00e1g hozza meg. A p\u00e1rtszavaz\u00e1s eredm\u00e9nye k\u00f6telez\u0151 \u00e9rv\u00e9ny\u0171.<br \/>\nAz SPD tags\u00e1g\u00e1nak 65 sz\u00e1zal\u00e9ka ellenzi a nagykoal\u00edci\u00f3t egy p\u00e9nteken ismertetett felm\u00e9r\u00e9s szerint. A p\u00e1rtban els\u0151sorban az\u00e9rt tartanak az \u00fajabb nagykoal\u00edci\u00f3t\u00f3l, mert \u00fagy v\u00e9lik, hogy az SPD v\u00e1laszt\u00f3i t\u00e1mogatotts\u00e1ga \u00e9ppen a k\u00f6z\u00f6s korm\u00e1nyz\u00e1s miatt s\u00fcllyedt t\u00f6rt\u00e9nelmi m\u00e9lypontra, 23 sz\u00e1zal\u00e9kra a 2009-es v\u00e1laszt\u00e1son. Sokan pedig \u00fagy v\u00e9lik, hogy a szoci\u00e1ldemokrat\u00e1k a CDU\/CSU t\u00falereje miatt korm\u00e1nyzati poz\u00edci\u00f3ban sem nagyon\u00a0\u00a0\u00e9rv\u00e9nyes\u00edthetn\u00e9k az elk\u00e9pzel\u00e9seiket, ez\u00e9rt ink\u00e1bb ellenz\u00e9kben kellene maradniuk.<br \/>\nA CDU\/CSU a v\u00e1laszt\u00e1son a szavazatok 41,5 sz\u00e1zal\u00e9k\u00e1t szerezte meg, ami 311 mand\u00e1tumot jelent a 630 f\u0151s Bundestagban, a t\u00f6rv\u00e9nyhoz\u00e1s als\u00f3h\u00e1z\u00e1ban. Az abszol\u00fat t\u00f6bbs\u00e9ghez &#8211; 316 mand\u00e1tumhoz &#8211; 42,5 sz\u00e1zal\u00e9k kellett volna. Az SPD a szavazatok 25,7 sz\u00e1zal\u00e9k\u00e1t nyerte el, k\u00e9pvisel\u0151csoportja 192 f\u0151s. A Baloldal 8,6 sz\u00e1zal\u00e9kos eredm\u00e9nnyel 64 k\u00e9pvisel\u0151t k\u00fcld\u00f6tt a Bundestagba. A Z\u00f6ldek 8,4 sz\u00e1zal\u00e9kot szereztek, ami 63 mand\u00e1tumot jelent. A konzervat\u00edvok 2009 \u00f3ta a liber\u00e1lis FDP-vel korm\u00e1nyoztak, amely azonban nem l\u00e9pte \u00e1t az 5 sz\u00e1zal\u00e9kos parlamenti bejut\u00e1si k\u00fcsz\u00f6b\u00f6t.(MTI)<\/p>\n","protected":false},"excerpt":{"rendered":"<p>N\u00e9metorsz\u00e1gban a parlamenti v\u00e1laszt\u00e1s ut\u00e1ni 12. napon, p\u00e9nteken t\u00e1rgyalnak el\u0151sz\u00f6r a korm\u00e1nyalak\u00edt\u00e1s lehet\u0151s\u00e9geir\u0151l a konzervat\u00edv CDU\/CSU p\u00e1rtsz\u00f6vets\u00e9g \u00e9s a szoci\u00e1ldemokrata p\u00e1rt (SPD) vezet\u0151i, a j\u00f6v\u0151 h\u00e9ten pedig a konzervat\u00edvok a Z\u00f6ldek vezet\u0151ivel is t\u00e1rgyalnak majd.<\/p>\n","protected":false},"author":1,"featured_media":0,"comment_status":"open","ping_status":"closed","sticky":false,"template":"","format":"standard","meta":[],"categories":[12],"tags":[],"_links":{"self":[{"href":"https:\/\/gazdasagportal.hu\/index.php\/wp-json\/wp\/v2\/posts\/17710"}],"collection":[{"href":"https:\/\/gazdasagportal.hu\/index.php\/wp-json\/wp\/v2\/posts"}],"about":[{"href":"https:\/\/gazdasagportal.hu\/index.php\/wp-json\/wp\/v2\/types\/post"}],"author":[{"embeddable":true,"href":"https:\/\/gazdasagportal.hu\/index.php\/wp-json\/wp\/v2\/users\/1"}],"replies":[{"embeddable":true,"href":"https:\/\/gazdasagportal.hu\/index.php\/wp-json\/wp\/v2\/comments?post=17710"}],"version-history":[{"count":3,"href":"https:\/\/gazdasagportal.hu\/index.php\/wp-json\/wp\/v2\/posts\/17710\/revisions"}],"predecessor-version":[{"id":17724,"href":"https:\/\/gazdasagportal.hu\/index.php\/wp-json\/wp\/v2\/posts\/17710\/revisions\/17724"}],"wp:attachment":[{"href":"https:\/\/gazdasagportal.hu\/index.php\/wp-json\/wp\/v2\/media?parent=17710"}],"wp:term":[{"taxonomy":"category","embeddable":true,"href":"https:\/\/gazdasagportal.hu\/index.php\/wp-json\/wp\/v2\/categories?post=17710"},{"taxonomy":"post_tag","embeddable":true,"href":"https:\/\/gazdasagportal.hu\/index.php\/wp-json\/wp\/v2\/tags?post=17710"}],"curies":[{"name":"wp","href":"https:\/\/api.w.org\/{rel}","templated":true}]}}