{"id":17674,"date":"2013-09-30T16:54:51","date_gmt":"2013-09-30T14:54:51","guid":{"rendered":"http:\/\/stockportal.hu\/?p=17674"},"modified":"2013-09-30T16:54:51","modified_gmt":"2013-09-30T14:54:51","slug":"a-kovetkezo-kozeptavu-penzugyi-keret-nyitott-kerdeseinek-rendezeset-surgeti-az-eu-elnokseg-es-az-europai-bizottsag","status":"publish","type":"post","link":"https:\/\/gazdasagportal.hu\/index.php\/a-kovetkezo-kozeptavu-penzugyi-keret-nyitott-kerdeseinek-rendezeset-surgeti-az-eu-elnokseg-es-az-europai-bizottsag\/","title":{"rendered":"A k\u00f6vetkez\u0151 k\u00f6z\u00e9pt\u00e1v\u00fa p\u00e9nz\u00fcgyi keret nyitott k\u00e9rd\u00e9seinek rendez\u00e9s\u00e9t s\u00fcrgeti az EU-eln\u00f6ks\u00e9g \u00e9s az Eur\u00f3pai Bizotts\u00e1g"},"content":{"rendered":"<p><strong>A 2014 \u00e9s 2020 k\u00f6z\u00f6tti id\u0151szakra sz\u00f3l\u00f3 k\u00f6vetkez\u0151 k\u00f6z\u00e9pt\u00e1v\u00fa p\u00e9nz\u00fcgyi keret (MFF) m\u00e9g nyitott k\u00e9rd\u00e9seinek rendez\u00e9s\u00e9t s\u00fcrgette h\u00e9tf\u0151n az EU soros litv\u00e1n eln\u00f6ks\u00e9ge \u00e9s az uni\u00f3 k\u00f6zponti javaslattev\u0151-v\u00e9grehajt\u00f3 int\u00e9zm\u00e9ny\u00e9nek sz\u00e1m\u00edt\u00f3 Eur\u00f3pai Bizotts\u00e1g.<!--more--><\/strong><\/p>\n<p>A nap folyam\u00e1n a t\u00e9m\u00e1t Br\u00fcsszelben megvitatt\u00e1k az EU-orsz\u00e1gok uni\u00f3s \u00fcgyekkel foglalkoz\u00f3 t\u00e1rcavezet\u0151i az \u00fagynevezett \u00c1ltal\u00e1nos \u00dcgyek Tan\u00e1cs\u00e1nak \u00fcl\u00e9s\u00e9n, amelyen Magyarorsz\u00e1got Gy\u0151ri Enik\u0151, a K\u00fcl\u00fcgyminiszt\u00e9rium EU-\u00fcgyi \u00e1llamtitk\u00e1ra k\u00e9pviselte. \u00a0\u00a0\u00a0\u00a0A megbesz\u00e9l\u00e9s ut\u00e1n tartott sajt\u00f3t\u00e1j\u00e9koztat\u00f3n Linas Antanas Linkevicius litv\u00e1n k\u00fcl\u00fcgyminiszter kiemelte: az\u00e9rt is fontos, hogy a tag\u00e1llamok minden, m\u00e9g nyitott k\u00e9rd\u00e9sben meg\u00e1llapodjanak a t\u00e1rsjogalkot\u00f3i szerepet j\u00e1tsz\u00f3 Eur\u00f3pai Parlamenttel, hogy szil\u00e1rd felt\u00e9teleket teremtsenek az \u00fagynevezett felz\u00e1rk\u00f3ztat\u00e1si, vagyis koh\u00e9zi\u00f3s alapok felhaszn\u00e1l\u00e1s\u00e1hoz.<br \/>\nJohannes Hahn, a region\u00e1lis fejleszt\u00e9si \u00fcgyek EU-biztosa azt mondta, hogy meg\u00e1llapod\u00e1st szeretne l\u00e1tni m\u00e1r a h\u00e9ten szerd\u00e1n tartand\u00f3 h\u00e1romoldal\u00fa int\u00e9zm\u00e9nyk\u00f6zi tal\u00e1lkoz\u00f3n, amelyen a tag\u00e1llami korm\u00e1nyokat megjelen\u00edt\u0151 Tan\u00e1cs, az Eur\u00f3pai Bizotts\u00e1g \u00e9s az Eur\u00f3pai Parlament k\u00e9pvisel\u0151i vesznek r\u00e9szt.<br \/>\nDiplomat\u00e1k ugyanakkor jelezt\u00e9k: az okt\u00f3ber 24-25-\u00e9n tartand\u00f3 EU-cs\u00facsig van m\u00e9g id\u0151 ak\u00e1r tov\u00e1bbi h\u00e1romoldal\u00fa egyeztet\u00e9sekre is.<br \/>\nGy\u0151ri Enik\u0151 magyar \u00fajs\u00e1g\u00edr\u00f3knak elmondta: az Eur\u00f3pai Parlament felvet\u00e9sei k\u00f6zt akad ugyan sz\u00e1mos \u00e9sszer\u0171 elem, \u00e1m a tag\u00e1llamok k\u00e9pvisel\u0151i \u00f3dzkodnak att\u00f3l, hogy \u00fajra megnyissanak sok, m\u00e1r lez\u00e1rtnak rem\u00e9lt k\u00e9rd\u00e9st. Az egyik vitat\u00e9ma &#8211; tette hozz\u00e1 &#8211; az \u00fagynevezett makrogazdas\u00e1gi felt\u00e9telekhez k\u00f6t\u00f6tts\u00e9g k\u00e9rd\u00e9se. Ennek l\u00e9nyege, hogy az egyes orsz\u00e1goknak j\u00e1r\u00f3 t\u00e1mogat\u00e1s nagys\u00e1ga f\u00fcgg majd att\u00f3l, mik\u00e9nt tart be az \u00e9rintett \u00e1llam bizonyos makrogazdas\u00e1gi elv\u00e1r\u00e1sokat.<br \/>\nA magyar \u00e1llamtitk\u00e1r felh\u00edvta a figyelmet arra: nem lenne igazs\u00e1gos, ha az egyes egy\u00e9neket vagy helyi int\u00e9zm\u00e9nyeket b\u00fcntetn\u00e9k t\u00e1mogat\u00e1si forr\u00e1s megvon\u00e1s\u00e1val, ha a k\u00f6zponti korm\u00e1nyzatuk nem teljes\u00edt bizonyos uni\u00f3s k\u00f6vetelm\u00e9nyeket. Gy\u0151ri Enik\u0151 ugyanakkor azt is fontosnak mondta, hogy az Eur\u00f3pai Parlament ne int\u00e9zm\u00e9nyk\u00f6zi hat\u00e1sk\u00f6ri k\u00e9rd\u00e9snek tekintse a vit\u00e1t, hanem az \u00e9rdemi szab\u00e1lyoz\u00e1s min\u00e9l jobb megfogalmaz\u00e1s\u00e1ra t\u00f6rekedjen.(MTI)<\/p>\n","protected":false},"excerpt":{"rendered":"<p>A 2014 \u00e9s 2020 k\u00f6z\u00f6tti id\u0151szakra sz\u00f3l\u00f3 k\u00f6vetkez\u0151 k\u00f6z\u00e9pt\u00e1v\u00fa p\u00e9nz\u00fcgyi keret (MFF) m\u00e9g nyitott k\u00e9rd\u00e9seinek rendez\u00e9s\u00e9t s\u00fcrgette h\u00e9tf\u0151n az EU soros litv\u00e1n eln\u00f6ks\u00e9ge \u00e9s az uni\u00f3 k\u00f6zponti javaslattev\u0151-v\u00e9grehajt\u00f3 int\u00e9zm\u00e9ny\u00e9nek sz\u00e1m\u00edt\u00f3 Eur\u00f3pai Bizotts\u00e1g.<\/p>\n","protected":false},"author":1,"featured_media":0,"comment_status":"open","ping_status":"closed","sticky":false,"template":"","format":"standard","meta":[],"categories":[12],"tags":[],"_links":{"self":[{"href":"https:\/\/gazdasagportal.hu\/index.php\/wp-json\/wp\/v2\/posts\/17674"}],"collection":[{"href":"https:\/\/gazdasagportal.hu\/index.php\/wp-json\/wp\/v2\/posts"}],"about":[{"href":"https:\/\/gazdasagportal.hu\/index.php\/wp-json\/wp\/v2\/types\/post"}],"author":[{"embeddable":true,"href":"https:\/\/gazdasagportal.hu\/index.php\/wp-json\/wp\/v2\/users\/1"}],"replies":[{"embeddable":true,"href":"https:\/\/gazdasagportal.hu\/index.php\/wp-json\/wp\/v2\/comments?post=17674"}],"version-history":[{"count":1,"href":"https:\/\/gazdasagportal.hu\/index.php\/wp-json\/wp\/v2\/posts\/17674\/revisions"}],"predecessor-version":[{"id":17679,"href":"https:\/\/gazdasagportal.hu\/index.php\/wp-json\/wp\/v2\/posts\/17674\/revisions\/17679"}],"wp:attachment":[{"href":"https:\/\/gazdasagportal.hu\/index.php\/wp-json\/wp\/v2\/media?parent=17674"}],"wp:term":[{"taxonomy":"category","embeddable":true,"href":"https:\/\/gazdasagportal.hu\/index.php\/wp-json\/wp\/v2\/categories?post=17674"},{"taxonomy":"post_tag","embeddable":true,"href":"https:\/\/gazdasagportal.hu\/index.php\/wp-json\/wp\/v2\/tags?post=17674"}],"curies":[{"name":"wp","href":"https:\/\/api.w.org\/{rel}","templated":true}]}}