{"id":17587,"date":"2013-09-30T07:48:36","date_gmt":"2013-09-30T05:48:36","guid":{"rendered":"http:\/\/stockportal.hu\/?p=17587"},"modified":"2013-09-30T07:48:45","modified_gmt":"2013-09-30T05:48:45","slug":"iran-kulugyminisztere-az-orszag-urandusitashoz-valo-jogarol-nem-targyalunk","status":"publish","type":"post","link":"https:\/\/gazdasagportal.hu\/index.php\/iran-kulugyminisztere-az-orszag-urandusitashoz-valo-jogarol-nem-targyalunk\/","title":{"rendered":"Ir\u00e1n k\u00fcl\u00fcgyminisztere: az orsz\u00e1g ur\u00e1nd\u00fas\u00edt\u00e1shoz val\u00f3 jog\u00e1r\u00f3l &#8222;nem t\u00e1rgyalunk&#8221;"},"content":{"rendered":"<p><strong>&#8222;Nem t\u00e1rgyalunk&#8221; az orsz\u00e1g ur\u00e1nd\u00fas\u00edt\u00e1shoz val\u00f3 jog\u00e1r\u00f3l &#8211; k\u00f6z\u00f6lte Mohamad Dzsavad Zarif, Ir\u00e1n k\u00fcl\u00fcgyminisztere az amerikai ABC telev\u00edzi\u00f3s csatorn\u00e1n sug\u00e1rzott interj\u00faj\u00e1ban vas\u00e1rnap, \u00e9s azzal v\u00e1dolta Izraelt, hogy &#8222;hazudik&#8221; Teher\u00e1n sz\u00e1nd\u00e9kair\u00f3l.<!--more--><\/strong><\/p>\n<p>&#8211; Ir\u00e1n k\u00e9sz t\u00e1rgyalni, ezt akarjuk, \u00e9s az ir\u00e1ni ur\u00e1nd\u00fas\u00edt\u00e1si program minden aspektusa a t\u00e1rgyal\u00f3asztalon van &#8211; hangs\u00falyozta. \u00c1m hozz\u00e1tette: az ur\u00e1nd\u00fas\u00edt\u00e1s joga nem k\u00e9rd\u0151jelezhet\u0151 meg.<br \/>\nEk\u00f6zben Abb\u00e1sz Aragcsi ir\u00e1ni k\u00fcl\u00fcgyminiszter-helyettes vas\u00e1rnap pr\u00f3b\u00e1lta enyh\u00edteni a kem\u00e9nyvonalas ir\u00e1ni politikai p\u00e1rtok aggodalm\u00e1t az Egyes\u00fclt \u00c1llamokkal fel\u00e9 tett diplom\u00e1ciai l\u00e9p\u00e9sek miatt.<br \/>\n&#8222;K\u00e9ts\u00e9gtelen, hogy a Teher\u00e1n \u00e9s Washington k\u00f6z\u00f6tti, r\u00e9g\u00f3ta nagyon fesz\u00fclt viszony nem fog norm\u00e1lis kapcsolatt\u00e1 alakulni egy telefonbesz\u00e9lget\u00e9s, tal\u00e1lkoz\u00f3 vagy t\u00e1rgyal\u00e1s k\u00f6vetkezt\u00e9ben&#8221; &#8211; mondta Aragcsi a f\u00e9lhivatalos FARSZ ir\u00e1ni h\u00edr\u00fcgyn\u00f6ks\u00e9g szerint.(MTI)<\/p>\n","protected":false},"excerpt":{"rendered":"<p>&#8222;Nem t\u00e1rgyalunk&#8221; az orsz\u00e1g ur\u00e1nd\u00fas\u00edt\u00e1shoz val\u00f3 jog\u00e1r\u00f3l &#8211; k\u00f6z\u00f6lte Mohamad Dzsavad Zarif, Ir\u00e1n k\u00fcl\u00fcgyminisztere az amerikai ABC telev\u00edzi\u00f3s csatorn\u00e1n sug\u00e1rzott interj\u00faj\u00e1ban vas\u00e1rnap, \u00e9s azzal v\u00e1dolta Izraelt, hogy &#8222;hazudik&#8221; Teher\u00e1n sz\u00e1nd\u00e9kair\u00f3l.<\/p>\n","protected":false},"author":1,"featured_media":0,"comment_status":"open","ping_status":"closed","sticky":false,"template":"","format":"standard","meta":[],"categories":[16],"tags":[],"_links":{"self":[{"href":"https:\/\/gazdasagportal.hu\/index.php\/wp-json\/wp\/v2\/posts\/17587"}],"collection":[{"href":"https:\/\/gazdasagportal.hu\/index.php\/wp-json\/wp\/v2\/posts"}],"about":[{"href":"https:\/\/gazdasagportal.hu\/index.php\/wp-json\/wp\/v2\/types\/post"}],"author":[{"embeddable":true,"href":"https:\/\/gazdasagportal.hu\/index.php\/wp-json\/wp\/v2\/users\/1"}],"replies":[{"embeddable":true,"href":"https:\/\/gazdasagportal.hu\/index.php\/wp-json\/wp\/v2\/comments?post=17587"}],"version-history":[{"count":3,"href":"https:\/\/gazdasagportal.hu\/index.php\/wp-json\/wp\/v2\/posts\/17587\/revisions"}],"predecessor-version":[{"id":17589,"href":"https:\/\/gazdasagportal.hu\/index.php\/wp-json\/wp\/v2\/posts\/17587\/revisions\/17589"}],"wp:attachment":[{"href":"https:\/\/gazdasagportal.hu\/index.php\/wp-json\/wp\/v2\/media?parent=17587"}],"wp:term":[{"taxonomy":"category","embeddable":true,"href":"https:\/\/gazdasagportal.hu\/index.php\/wp-json\/wp\/v2\/categories?post=17587"},{"taxonomy":"post_tag","embeddable":true,"href":"https:\/\/gazdasagportal.hu\/index.php\/wp-json\/wp\/v2\/tags?post=17587"}],"curies":[{"name":"wp","href":"https:\/\/api.w.org\/{rel}","templated":true}]}}