{"id":17585,"date":"2013-09-30T06:34:51","date_gmt":"2013-09-30T04:34:51","guid":{"rendered":"http:\/\/stockportal.hu\/?p=17585"},"modified":"2013-09-30T06:35:01","modified_gmt":"2013-09-30T04:35:01","slug":"az-olasz-miniszterelnok-szerdara-kert-bizalmi-szavazast-a-parlamentben","status":"publish","type":"post","link":"https:\/\/gazdasagportal.hu\/index.php\/az-olasz-miniszterelnok-szerdara-kert-bizalmi-szavazast-a-parlamentben\/","title":{"rendered":"Az olasz minisztereln\u00f6k szerd\u00e1ra k\u00e9rt bizalmi szavaz\u00e1st a parlamentben"},"content":{"rendered":"<p><strong>Enrico Letta minisztereln\u00f6k vas\u00e1rnap este a Giorgio Napolitano \u00e1llamf\u0151vel tartott tal\u00e1lkoz\u00f3t k\u00f6vet\u0151en bejelentette, hogy szerd\u00e1n k\u00e9r bizalmi szavaz\u00e1st a fels\u0151- \u00e9s als\u00f3h\u00e1zban az olasz korm\u00e1ny munk\u00e1j\u00e1r\u00f3l.<!--more--><\/strong><\/p>\n<p>Ami a szavaz\u00e1s eredm\u00e9ny\u00e9t illeti, Letta \u00fagy fogalmazott, az ut\u00f3bbi napokban olyan sok hirtelen fordulat k\u00f6vetkezett be, hogy nem tudja, mi fog t\u00f6rt\u00e9nni a parlamentben. A minisztereln\u00f6k a RAI3 olasz k\u00f6zszolg\u00e1lati telev\u00edzi\u00f3csatorn\u00e1nak nyilatkozott. Hangs\u00falyozta, olyan m\u00e9rt\u00e9k\u0171 bizalmat akar, amellyel nemcsak tov\u00e1bbi h\u00e1rom napig korm\u00e1nyozhat, hanem siker\u00fcl gazdas\u00e1gi stabilit\u00e1si t\u00f6rv\u00e9nyt \u00e9s \u00faj v\u00e1laszt\u00e1si t\u00f6rv\u00e9nyt hozni Olaszorsz\u00e1gban. Ha nem kap bizalmat, levonja a k\u00f6vetkeztet\u00e9seket &#8211; tette hozz\u00e1.<br \/>\nEzt megel\u0151z\u0151en a korm\u00e1nyf\u0151 a k\u00f6zt\u00e1rsas\u00e1gi eln\u00f6kkel t\u00e1rgyalt. Napolitano ezut\u00e1n kiadott k\u00f6zlem\u00e9nye azt hangs\u00falyozta, hogy Silvio Berlusconi \u00e9s az \u00e1ltala vezetett Szabads\u00e1g N\u00e9pe (PdL) bizonytalan politikai helyzetet teremtett. A PdL \u00f6t minisztere szombaton bejelentette, hogy kil\u00e9p az \u00e1prilis v\u00e9g\u00e9n megalakult nagykoal\u00edci\u00f3s korm\u00e1nyb\u00f3l. H\u00e1rman k\u00f6z\u00fcl\u00fck azonban a PdL m\u00e1s politikusaival egy\u00fctt vas\u00e1rnap m\u00e1r k\u00e9ts\u00e9geiket fejezt\u00e9k ki a PdL \u00e1ltaluk sz\u00e9ls\u0151s\u00e9gesnek nevezett l\u00e9p\u00e9se miatt.<br \/>\nBerlusconi a Facebook-oldal\u00e1n azt hangs\u00falyozta, hogy a balk\u00f6z\u00e9ppel val\u00f3 sz\u00f6vets\u00e9g felbor\u00edt\u00e1s\u00e1hoz a Letta-korm\u00e1ny ad\u00f3politik\u00e1ja vezetett, nem az \u0151 szem\u00e9lyes b\u00edr\u00f3s\u00e1gi \u00fcgyei.<br \/>\n&#8222;Tudtam, hogy a PdL-miniszterek lemond\u00e1sa neh\u00e9z \u00e9s n\u00e9pszer\u0171tlen d\u00f6nt\u00e9s lesz. Fel voltam k\u00e9sz\u00fclve a t\u00e1mad\u00e1sokra. Aki azt k\u00e9ri t\u0151lem, hogy fogadjam kereszt\u00e9ny belet\u00f6r\u0151d\u00e9ssel a b\u00edr\u00f3s\u00e1gi sorsomat, \u00e9s vonuljak vissza, annak azt v\u00e1laszolom, hogy megtenn\u00e9m, ha ez hasznos lenne, \u00e9s pozit\u00edv fordulatot hozna a politika \u00e9s az igazs\u00e1g\u00fcgy viszony\u00e1ban&#8221; &#8211; \u00edrta Berlusconi.(MTI)<\/p>\n","protected":false},"excerpt":{"rendered":"<p>Enrico Letta minisztereln\u00f6k vas\u00e1rnap este a Giorgio Napolitano \u00e1llamf\u0151vel tartott tal\u00e1lkoz\u00f3t k\u00f6vet\u0151en bejelentette, hogy szerd\u00e1n k\u00e9r bizalmi szavaz\u00e1st a fels\u0151- \u00e9s als\u00f3h\u00e1zban az olasz korm\u00e1ny munk\u00e1j\u00e1r\u00f3l.<\/p>\n","protected":false},"author":1,"featured_media":0,"comment_status":"open","ping_status":"closed","sticky":false,"template":"","format":"standard","meta":[],"categories":[12],"tags":[],"_links":{"self":[{"href":"https:\/\/gazdasagportal.hu\/index.php\/wp-json\/wp\/v2\/posts\/17585"}],"collection":[{"href":"https:\/\/gazdasagportal.hu\/index.php\/wp-json\/wp\/v2\/posts"}],"about":[{"href":"https:\/\/gazdasagportal.hu\/index.php\/wp-json\/wp\/v2\/types\/post"}],"author":[{"embeddable":true,"href":"https:\/\/gazdasagportal.hu\/index.php\/wp-json\/wp\/v2\/users\/1"}],"replies":[{"embeddable":true,"href":"https:\/\/gazdasagportal.hu\/index.php\/wp-json\/wp\/v2\/comments?post=17585"}],"version-history":[{"count":2,"href":"https:\/\/gazdasagportal.hu\/index.php\/wp-json\/wp\/v2\/posts\/17585\/revisions"}],"predecessor-version":[{"id":17590,"href":"https:\/\/gazdasagportal.hu\/index.php\/wp-json\/wp\/v2\/posts\/17585\/revisions\/17590"}],"wp:attachment":[{"href":"https:\/\/gazdasagportal.hu\/index.php\/wp-json\/wp\/v2\/media?parent=17585"}],"wp:term":[{"taxonomy":"category","embeddable":true,"href":"https:\/\/gazdasagportal.hu\/index.php\/wp-json\/wp\/v2\/categories?post=17585"},{"taxonomy":"post_tag","embeddable":true,"href":"https:\/\/gazdasagportal.hu\/index.php\/wp-json\/wp\/v2\/tags?post=17585"}],"curies":[{"name":"wp","href":"https:\/\/api.w.org\/{rel}","templated":true}]}}