{"id":17582,"date":"2013-09-29T19:02:34","date_gmt":"2013-09-29T17:02:34","guid":{"rendered":"http:\/\/stockportal.hu\/?p=17582"},"modified":"2013-09-29T19:02:34","modified_gmt":"2013-09-29T17:02:34","slug":"kozeleg-a-penztargep-megrendelesek-beszerzesenek-vegso-hatarideje","status":"publish","type":"post","link":"https:\/\/gazdasagportal.hu\/index.php\/kozeleg-a-penztargep-megrendelesek-beszerzesenek-vegso-hatarideje\/","title":{"rendered":"K\u00f6zeleg a p\u00e9nzt\u00e1rg\u00e9p-megrendel\u00e9sek beszerz\u00e9s\u00e9nek v\u00e9gs\u0151 hat\u00e1rideje"},"content":{"rendered":"<p><strong>A jogszab\u00e1lyi el\u0151\u00edr\u00e1s alapj\u00e1n h\u00e9tf\u0151ig valamennyi p\u00e9nzt\u00e1rg\u00e9pcser\u00e9re k\u00f6telezett kisv\u00e1llalkoz\u00f3nak rendelkeznie kell a p\u00e9nzt\u00e1rg\u00e9p beszerz\u00e9s\u00e9re vonatkoz\u00f3 szerz\u0151d\u00e9ssel, illet\u0151leg a p\u00e9nzt\u00e1rg\u00e9p forgalmaz\u00f3ja \u00e1ltal visszaigazolt megrendel\u00e9ssel &#8211; h\u00edvta fel a figyelmet a Nemzetgazdas\u00e1gi Miniszt\u00e9rium (NGM) az MTI-hez\u00a0\u00a0vas\u00e1rnap eljuttatott k\u00f6zlem\u00e9ny\u00e9ben.<!--more--><\/strong><\/p>\n<p>Az NGM a p\u00e9nzt\u00e1rg\u00e9ppiacon \u00e9szlelhet\u0151 vissza\u00e9l\u00e9sekre tekintettel, a megrendel\u00e9s lead\u00e1sakor fokozott k\u00f6r\u00fcltekint\u00e9st javasol.<br \/>\nA Nemzeti Ad\u00f3- \u00e9s V\u00e1mhivatal (NAV) a felt\u00e9telek teljes\u00edt\u00e9s\u00e9nek igazol\u00e1s\u00e1ra olyan szerz\u0151d\u00e9st vagy visszaigazolt megrendel\u00e9st fogad el, amelyben szerepel az online p\u00e9nzt\u00e1rg\u00e9p lesz\u00e1ll\u00edt\u00e1s\u00e1ra vagy be\u00fczemel\u00e9s\u00e9re vonatkoz\u00f3 teljes\u00edt\u00e9si hat\u00e1rid\u0151 &#8211; \u00edrt\u00e1k.<br \/>\nA k\u00f6zlem\u00e9ny szerint a NAV a szerz\u0151d\u00e9sben vagy a visszaigazolt megrendel\u00e9sben meghat\u00e1rozott id\u0151pontig tekinti igazoltnak azokat a felt\u00e9teleket, amelyek mellett \u00fczemeltethet\u0151 a hagyom\u00e1nyos, elektronikus napl\u00f3val nem rendelkez\u0151 p\u00e9nzt\u00e1rg\u00e9p.<br \/>\nA hat\u00e1lyos szab\u00e1lyok szerint az online p\u00e9nzt\u00e1rg\u00e9p cser\u00e9j\u00e9hez ny\u00fajtott \u00e1llami t\u00e1mogat\u00e1s \u00e9rv\u00e9nyes\u00edt\u00e9s\u00e9nek felt\u00e9tele, hogy az online p\u00e9nzt\u00e1rg\u00e9p \u00fczembe helyez\u00e9se 2013. december 31-ig megt\u00f6rt\u00e9njen.<br \/>\nA k\u00f6zlem\u00e9ny id\u00e9zi Pankucsi Zolt\u00e1nt, a t\u00e1rca ad\u00f3z\u00e1s\u00e9rt \u00e9s sz\u00e1mvitel\u00e9rt felel\u0151s helyettes \u00e1llamtitk\u00e1r\u00e1t, aki jelezte: egyre t\u00f6bb keresked\u0151n\u00e9l tapasztalj\u00e1k, hogy olyan p\u00e9nzt\u00e1rg\u00e9pet forgalmaz, amely forgalmaz\u00f3j\u00e1val val\u00f3j\u00e1ban nincs szerz\u0151d\u00e9ses kapcsolatban, teh\u00e1t semmi garancia nincsen arra, hogy az \u00e1ltala lesz\u00e1ll\u00edtani \u00edg\u00e9rt g\u00e9peket majd t\u00e9nylegesen is megkapj\u00e1k a megrendel\u0151k. &#8222;Az\u00e9rt, hogy a fogyaszt\u00f3k megt\u00e9veszt\u00e9s\u00e9t megakad\u00e1lyozzuk, felvett\u00fck a kapcsolatot az illet\u00e9kes hat\u00f3s\u00e1gokkal, ahol soron k\u00edv\u00fcli elj\u00e1r\u00e1st kezdem\u00e9nyezt\u00fcnk az\u00e9rt, hogy a piacot megtiszt\u00edtsuk ezekt\u0151l a vissza\u00e9l\u00e9sekt\u0151l.&#8221;<br \/>\nA t\u00e1rca ez\u00e9rt fokozott figyelemre inti a p\u00e9nzt\u00e1rg\u00e9pcser\u00e9vel \u00e9rintett v\u00e1llalkoz\u00e1sokat, egy\u00fattal javasolja, hogy a megrendel\u00e9st megel\u0151z\u0151en minden \u00e9rintett gy\u0151z\u0151dj\u00f6n meg arr\u00f3l, hogy az \u00e9rt\u00e9kes\u00edt\u0151 \u00e1ltal aj\u00e1nlott p\u00e9nzt\u00e1rg\u00e9p val\u00f3ban rendelkezik-e enged\u00e9llyel, illetve a megrendel\u00e9st felvev\u0151 keresked\u0151 jogosult e a v\u00e1lasztott forgalmaz\u00f3 term\u00e9k\u00e9nek \u00e9rt\u00e9kes\u00edt\u00e9s\u00e9re.<br \/>\nA k\u00f6zlem\u00e9ny szerint a z\u00f6kken\u0151mentes \u00e1t\u00e1ll\u00e1s \u00e9rdek\u00e9ben kilenc forgalmaz\u00f3, az ECR-Trade Kft., a LA P\u00e9nzt\u00e1rg\u00e9p kft., az Alt Cash Kft., a Laurel Sz\u00e1m\u00edt\u00e1stechnikai Kft., a Micra-Metripond Kft., a Montel Informatika Kft., a PRIOR CASH Kft., a Szint\u00e9zis Informatikai Kft., \u00e9s a Japan Cash Company Kft. k\u00edn\u00e1l p\u00e9nzt\u00e1rg\u00e9peket.(MTI)<\/p>\n","protected":false},"excerpt":{"rendered":"<p>A jogszab\u00e1lyi el\u0151\u00edr\u00e1s alapj\u00e1n h\u00e9tf\u0151ig valamennyi p\u00e9nzt\u00e1rg\u00e9pcser\u00e9re k\u00f6telezett kisv\u00e1llalkoz\u00f3nak rendelkeznie kell a p\u00e9nzt\u00e1rg\u00e9p beszerz\u00e9s\u00e9re vonatkoz\u00f3 szerz\u0151d\u00e9ssel, illet\u0151leg a p\u00e9nzt\u00e1rg\u00e9p forgalmaz\u00f3ja \u00e1ltal visszaigazolt megrendel\u00e9ssel &#8211; h\u00edvta fel a figyelmet a Nemzetgazdas\u00e1gi Miniszt\u00e9rium (NGM) az MTI-hez\u00a0\u00a0vas\u00e1rnap eljuttatott k\u00f6zlem\u00e9ny\u00e9ben.<\/p>\n","protected":false},"author":1,"featured_media":0,"comment_status":"open","ping_status":"closed","sticky":false,"template":"","format":"standard","meta":[],"categories":[19],"tags":[],"_links":{"self":[{"href":"https:\/\/gazdasagportal.hu\/index.php\/wp-json\/wp\/v2\/posts\/17582"}],"collection":[{"href":"https:\/\/gazdasagportal.hu\/index.php\/wp-json\/wp\/v2\/posts"}],"about":[{"href":"https:\/\/gazdasagportal.hu\/index.php\/wp-json\/wp\/v2\/types\/post"}],"author":[{"embeddable":true,"href":"https:\/\/gazdasagportal.hu\/index.php\/wp-json\/wp\/v2\/users\/1"}],"replies":[{"embeddable":true,"href":"https:\/\/gazdasagportal.hu\/index.php\/wp-json\/wp\/v2\/comments?post=17582"}],"version-history":[{"count":2,"href":"https:\/\/gazdasagportal.hu\/index.php\/wp-json\/wp\/v2\/posts\/17582\/revisions"}],"predecessor-version":[{"id":17584,"href":"https:\/\/gazdasagportal.hu\/index.php\/wp-json\/wp\/v2\/posts\/17582\/revisions\/17584"}],"wp:attachment":[{"href":"https:\/\/gazdasagportal.hu\/index.php\/wp-json\/wp\/v2\/media?parent=17582"}],"wp:term":[{"taxonomy":"category","embeddable":true,"href":"https:\/\/gazdasagportal.hu\/index.php\/wp-json\/wp\/v2\/categories?post=17582"},{"taxonomy":"post_tag","embeddable":true,"href":"https:\/\/gazdasagportal.hu\/index.php\/wp-json\/wp\/v2\/tags?post=17582"}],"curies":[{"name":"wp","href":"https:\/\/api.w.org\/{rel}","templated":true}]}}