{"id":17579,"date":"2013-09-29T16:41:10","date_gmt":"2013-09-29T14:41:10","guid":{"rendered":"http:\/\/stockportal.hu\/?p=17579"},"modified":"2013-09-29T19:00:24","modified_gmt":"2013-09-29T17:00:24","slug":"szeptember-30-aval-kerul-vissza-az-allamhoz-az-e-on-gazuzletaga-2","status":"publish","type":"post","link":"https:\/\/gazdasagportal.hu\/index.php\/szeptember-30-aval-kerul-vissza-az-allamhoz-az-e-on-gazuzletaga-2\/","title":{"rendered":"Szeptember 30-\u00e1val ker\u00fcl vissza az \u00e1llamhoz az E.ON g\u00e1z\u00fczlet\u00e1ga"},"content":{"rendered":"<p><strong>Szeptember 30-\u00e1val ker\u00fcl vissza az E.ON g\u00e1z\u00fczlet\u00e1ga &#8211; a keresked\u0151 \u00e9s a t\u00e1rol\u00f3 c\u00e9g is &#8211; a magyar \u00e1llamhoz, ezt k\u00f6vet\u0151en m\u00e1r lehet\u0151s\u00e9ge lesz az \u00e1llamnak az \u00e1rt\u00e1rgyal\u00e1sra, a t\u00e9nyleges kereskedelmi folyamatok befoly\u00e1sol\u00e1s\u00e1ra a f\u00f6ldg\u00e1zimportn\u00e1l &#8211; mondta a nemzeti fejleszt\u00e9si miniszter a Kossuth R\u00e1di\u00f3nak adott interj\u00faban.<!--more--><\/strong><\/p>\n<p>N\u00e9meth L\u00e1szl\u00f3n\u00e9 a G7 c\u00edm\u0171 gazdas\u00e1gi m\u0171sorban arr\u00f3l is besz\u00e9lt, hogy az \u00e1ramszolg\u00e1ltat\u00e1sban az \u00e1llami tulajdon\u00fa MVM Magyar Villamos M\u0171vek Zrt. szerepe er\u0151s\u00f6dni fog, de az MVM-nek is nonprofit m\u00f3don kell majd szolg\u00e1ltatnia a lakoss\u00e1gnak.<br \/>\nAz \u00f6nkorm\u00e1nyzatok terheinek \u00e1tv\u00e1llal\u00e1s\u00e1r\u00f3l sz\u00f3lva a miniszter elmondta, hogy 19 esetben m\u00e1r sikerrel j\u00e1rt a PPP szerz\u0151d\u00e9sek kiv\u00e1lt\u00e1sa.<br \/>\nAz energia\u00e1rakkal kapcsolatban kijelentette: a korm\u00e1ny szeretn\u00e9 biztos\u00edtani a lakoss\u00e1g sz\u00e1m\u00e1ra, hogy az eddig megtett \u00e9s az eddig bejelentett rezsics\u00f6kkent\u0151 l\u00e9p\u00e9sek egy kisz\u00e1m\u00edthat\u00f3 \u00e9s hossz\u00fa folyamatban v\u00e1ltozatlanul megmaradjanak. A k\u00f6zm\u0171vekre k\u00e9sz\u00fcl\u0151 szab\u00e1lyoz\u00e1s adja meg a t\u00f6rv\u00e9nyi keretet a lakoss\u00e1g biztons\u00e1g\u00e1hoz &#8211; mondta.<br \/>\nN\u00e9meth L\u00e1szl\u00f3n\u00e9 k\u00f6z\u00f6lte: \u00fajabb v\u00e1ltoz\u00e1sokra nem lesz sz\u00fcks\u00e9g a korm\u00e1ny energiapolitik\u00e1j\u00e1ban, a szolg\u00e1ltat\u00f3kkal a megv\u00e1s\u00e1rl\u00e1sukr\u00f3l megkezdett t\u00e1rgyal\u00e1sok meghat\u00e1rozz\u00e1k az ir\u00e1nyt.<br \/>\nJelenleg hat-h\u00e9t k\u00f6zm\u0171c\u00e9g tulajdonos\u00e1val t\u00e1rgyalnak a visszav\u00e1s\u00e1rl\u00e1sr\u00f3l, az \u00e9v v\u00e9g\u00e9ig m\u00e1r t\u00f6bb r\u00e9szletet lehet majd err\u0151l megtudni &#8211; tette hozz\u00e1 a nemzeti fejleszt\u00e9si miniszter.<br \/>\nAz \u00f6nkorm\u00e1nyzatok ad\u00f3ss\u00e1g\u00e1nak \u00e1tv\u00e1llal\u00e1s\u00e1val kapcsolatban a miniszter kifejtette: m\u00e9g vannak tov\u00e1bbi l\u00e9p\u00e9sek, amelyekkel seg\u00edteni lehet az \u00f6nkorm\u00e1nyzatokat, ilyen a k\u00f6lts\u00e9gvet\u00e9s\u00fcket nagyon megterhel\u0151 PPP (Puplic Private Partnership) t\u00edpus\u00fa szerz\u0151d\u00e9sek megsz\u00fcntet\u00e9se. Az erre vonatkoz\u00f3 t\u00e1rgyal\u00e1sok m\u00e1r megkezd\u0151dtek \u00e9s 19 esetben m\u00e1r sikerrel j\u00e1rt a korm\u00e1ny. Ennek eredm\u00e9nyek\u00e9nt tornatermek, uszod\u00e1k ker\u00fcltek vissza az \u00f6nkorm\u00e1nyzatok tulajdon\u00e1ba.<br \/>\nA miniszter hozz\u00e1tette: ezzel forr\u00e1sok szabadulnak fel az \u00f6nkorm\u00e1nyzatokn\u00e1l, ami lehet\u0151v\u00e9 teszi, hogy a k\u00f6vetkez\u0151 uni\u00f3s tervez\u00e9si ciklusban \u00fajabb fejleszt\u00e9sekkel tudjanak kalkul\u00e1lni.<br \/>\nA k\u00f6zleked\u00e9sfejleszt\u00e9si programokr\u00f3l elmondta: a K\u00f6zleked\u00e9s Operat\u00edv Program keret\u00e9b\u0151l m\u00e9g elk\u00f6lthet\u0151 mintegy 450 milli\u00e1rd forint jelent\u0151s r\u00e9sz\u00e9re m\u00e1r ki\u00edrt\u00e1k a k\u00f6zbeszerz\u00e9st, \u00e9s amennyiben ezek az elj\u00e1r\u00e1sok sikerrel z\u00e1rulnak, akkor az \u00e9v v\u00e9g\u00e9ig le lehet k\u00f6tni ezt az \u00f6sszeget szerz\u0151d\u00e9sekkel.<br \/>\nBesz\u00e9lt arr\u00f3l is, hogy a k\u00f6vetkez\u0151 uni\u00f3s k\u00f6lts\u00e9gvet\u00e9si peri\u00f3dusban a k\u00f6t\u00f6ttp\u00e1ly\u00e1s k\u00f6zleked\u00e9s fejleszt\u00e9se kap priorit\u00e1st az EU r\u00e9sz\u00e9r\u0151l is. Emellett a miniszter fontos feladatnak tartja a h\u00e1rom- \u00e9s n\u00e9gysz\u00e1mjegy\u0171 utak fel\u00faj\u00edt\u00e1s\u00e1t is.<br \/>\nAz e-\u00fatd\u00edjjal kapcsolatos k\u00e9rd\u00e9sre N\u00e9meth L\u00e1szl\u00f3n\u00e9 kifejtette: figyelembe v\u00e9ve azt a 38,5 milli\u00e1rd forintot, ami az eltelt n\u00e9h\u00e1ny h\u00f3nap alatt befolyt, vitathatatlan, hogy sz\u00fcks\u00e9ges volt a rendszer bevezet\u00e9se. Hozz\u00e1tette: az eddigi m\u00e9r\u00e9sek alapj\u00e1n beigazol\u00f3dott az a v\u00e1rakoz\u00e1s, hogy az \u00fatd\u00edj legal\u00e1bb fele k\u00fclf\u00f6ldi fuvaroz\u00f3kt\u00f3l folyik be. V\u00e9lem\u00e9nye szerint egy eltelt teljes negyed\u00e9v adatai ut\u00e1n lehet majd k\u00f6vetkeztet\u00e9seket levonni, \u00e9s l\u00e9p\u00e9seket tenni p\u00e9ld\u00e1ul arra vonatkoz\u00f3an, hogy milyen \u00fatszakaszokat lehet m\u00e9g bekapcsolni a rendszerbe.<br \/>\nA S\u00f3lyom Airways l\u00e9git\u00e1rsas\u00e1ggal kapcsolatban \u00fagy nyilatkozott: v\u00e9lem\u00e9nye szerint sz\u00fcks\u00e9g van egy hazai tulajdon\u00fa l\u00e9git\u00e1rsas\u00e1gra. Hozz\u00e1tette, hogy a S\u00f3lyom Airways r\u00e9szletes terveit egyel\u0151re nem ismerik, az majd az enged\u00e9lyeztet\u00e9si proced\u00fara sor\u00e1n fog kider\u00fclni.(MTI)<\/p>\n","protected":false},"excerpt":{"rendered":"<p>Szeptember 30-\u00e1val ker\u00fcl vissza az E.ON g\u00e1z\u00fczlet\u00e1ga &#8211; a keresked\u0151 \u00e9s a t\u00e1rol\u00f3 c\u00e9g is &#8211; a magyar \u00e1llamhoz, ezt k\u00f6vet\u0151en m\u00e1r lehet\u0151s\u00e9ge lesz az \u00e1llamnak az \u00e1rt\u00e1rgyal\u00e1sra, a t\u00e9nyleges kereskedelmi folyamatok befoly\u00e1sol\u00e1s\u00e1ra a f\u00f6ldg\u00e1zimportn\u00e1l &#8211; mondta a nemzeti fejleszt\u00e9si miniszter a Kossuth R\u00e1di\u00f3nak adott interj\u00faban.<\/p>\n","protected":false},"author":1,"featured_media":0,"comment_status":"open","ping_status":"closed","sticky":false,"template":"","format":"standard","meta":[],"categories":[19],"tags":[],"_links":{"self":[{"href":"https:\/\/gazdasagportal.hu\/index.php\/wp-json\/wp\/v2\/posts\/17579"}],"collection":[{"href":"https:\/\/gazdasagportal.hu\/index.php\/wp-json\/wp\/v2\/posts"}],"about":[{"href":"https:\/\/gazdasagportal.hu\/index.php\/wp-json\/wp\/v2\/types\/post"}],"author":[{"embeddable":true,"href":"https:\/\/gazdasagportal.hu\/index.php\/wp-json\/wp\/v2\/users\/1"}],"replies":[{"embeddable":true,"href":"https:\/\/gazdasagportal.hu\/index.php\/wp-json\/wp\/v2\/comments?post=17579"}],"version-history":[{"count":1,"href":"https:\/\/gazdasagportal.hu\/index.php\/wp-json\/wp\/v2\/posts\/17579\/revisions"}],"predecessor-version":[{"id":17581,"href":"https:\/\/gazdasagportal.hu\/index.php\/wp-json\/wp\/v2\/posts\/17579\/revisions\/17581"}],"wp:attachment":[{"href":"https:\/\/gazdasagportal.hu\/index.php\/wp-json\/wp\/v2\/media?parent=17579"}],"wp:term":[{"taxonomy":"category","embeddable":true,"href":"https:\/\/gazdasagportal.hu\/index.php\/wp-json\/wp\/v2\/categories?post=17579"},{"taxonomy":"post_tag","embeddable":true,"href":"https:\/\/gazdasagportal.hu\/index.php\/wp-json\/wp\/v2\/tags?post=17579"}],"curies":[{"name":"wp","href":"https:\/\/api.w.org\/{rel}","templated":true}]}}