{"id":17577,"date":"2013-09-29T14:39:40","date_gmt":"2013-09-29T12:39:40","guid":{"rendered":"http:\/\/stockportal.hu\/?p=17577"},"modified":"2013-09-29T14:40:06","modified_gmt":"2013-09-29T12:40:06","slug":"olasz-kormanyvalsag-berlusconi-hangsulyozta-kesz-a-valasztasokra-es-meg-is-nyeri-oket","status":"publish","type":"post","link":"https:\/\/gazdasagportal.hu\/index.php\/olasz-kormanyvalsag-berlusconi-hangsulyozta-kesz-a-valasztasokra-es-meg-is-nyeri-oket\/","title":{"rendered":"Olasz korm\u00e1nyv\u00e1ls\u00e1g &#8211; Berlusconi hangs\u00falyozta, k\u00e9sz a v\u00e1laszt\u00e1sokra \u00e9s meg is nyeri \u0151ket"},"content":{"rendered":"<p><strong>A korm\u00e1nyv\u00e1ls\u00e1gr\u00f3l \u00e9s politikai terveir\u0151l besz\u00e9lt vas\u00e1rnap Silvio Berlusconi p\u00e1rtja h\u00edveihez int\u00e9zett \u00fczenet\u00e9ben &#8211; el\u0151sz\u00f6r az\u00f3ta, hogy a Szabads\u00e1g N\u00e9pe (PdL) minisztereinek lemond\u00e1sa felbor\u00edtotta a r\u00f3mai nagykoal\u00edci\u00f3t.<!--more--><\/strong><\/p>\n<p>&#8211; Saj\u00e1t b\u00edr\u00f3s\u00e1gi \u00fcgyeimnek semmi k\u00f6ze ehhez. A PdL nem fogadhatta el, hogy a balk\u00f6z\u00e9p Demokrata P\u00e1rt (PD) az olaszokkal fizettesse meg a velem val\u00f3 harcot &#8211; \u00e1ll\u00edtotta Silvio Berlusconi. A PdL vas\u00e1rnap 77 \u00e9ves eln\u00f6ke, volt korm\u00e1nyf\u0151 a sz\u00fclet\u00e9snapj\u00e1t \u00fcnnepl\u0151 n\u00e1polyi PdL-tagozatnak telefon\u00e1lt arcorei vill\u00e1j\u00e1b\u00f3l. A h\u00edv\u00e1st az olasz h\u00edrtelev\u00edzi\u00f3k egyenesben k\u00f6zvet\u00edtett\u00e9k. A szombaton kirobbant korm\u00e1nyv\u00e1ls\u00e1g \u00f3ta Berlusconi els\u0151 alkalommal nyilatkozott.<br \/>\nSilvio Berlusconi kijelentette, maximum 47 \u00e9vesnek \u00e9rzi mag\u00e1t. J\u00f3 form\u00e1ban van \u00e9s nem f\u00e1radt bele a politikai k\u00fczdelembe. Elmondta, hogy ami\u00f3ta augusztus elsej\u00e9n a semm\u00edt\u0151sz\u00e9k el\u00edt\u00e9lte, nem tudott aludni, a szombati korm\u00e1nybuktat\u00e1ssal azonban v\u00e9gre v\u00e9gigaludta az \u00e9jszak\u00e1t. &#8222;Minden v\u00e9dekez\u00e9si jogomat megtagadt\u00e1k csak az\u00e9rt, hogy kitegyenek a politik\u00e1b\u00f3l&#8221; &#8211; fogalmazott az \u0151t ad\u00f3csal\u00e1s\u00e9rt egy \u00e9v let\u00f6ltend\u0151 b\u00f6rt\u00f6nnel b\u00fcntet\u0151 \u00edt\u00e9letr\u0151l.<br \/>\nA n\u00e9gyszeres volt olasz korm\u00e1nyf\u0151 \u00fagy fogalmazott, It\u00e1lia neh\u00e9z pillanatot \u00e9l \u00e1t, mivel a PD saj\u00e1t el\u0151ny\u00e9re torz\u00edtotta el a val\u00f3s\u00e1got. &#8222;Mi er\u0151sen akartuk ennek a korm\u00e1nynak a megalakul\u00e1s\u00e1t&#8221; &#8211; hangoztatta Silvio Berlusconi, hangs\u00falyozva, hogy a koal\u00edci\u00f3nak Enrico Letta minisztereln\u00f6k vetett v\u00e9get azzal, hogy megemelte az \u00e1f\u00e1t \u00e9s az \u00fczemanyag \u00e1r\u00e1t is. Ezt az ad\u00f3politik\u00e1t pedig a PdL nem tudja v\u00e1llalni.<br \/>\nBerlusconi hangs\u00falyozta, min\u00e9l el\u0151bbi v\u00e1laszt\u00e1sokat akar, melyeket p\u00e1rtja, az \u00fajraind\u00edtott Forza Italia meg fog nyerni.<br \/>\nGiorgio Napolitano \u00e1llamf\u0151 \u00fajs\u00e1g\u00edr\u00f3knak \u00fagy nyilatkozott, csak akkor oszlatja fel a parlamentet, ha nincsen semmilyen lehet\u0151s\u00e9g a parlamenti t\u00f6bbs\u00e9g fenntart\u00e1s\u00e1ra. Napolitano hozz\u00e1tette, hogy a r\u00f6vid \u00e9let\u0171nek bizonyult korm\u00e1ny \u00e1prilisi megalakul\u00e1sakor is egyed\u00fcl az orsz\u00e1g stabilit\u00e1s\u00e1t tartotta szem el\u0151tt. Az \u00e1llamf\u0151 vas\u00e1rnap tal\u00e1lkozik Lett\u00e1val.<br \/>\nA lemond\u00e1s\u00e1t bejelent\u0151 \u00f6t PdL-miniszter k\u00f6z\u00fcl Beatrice Lorenzin eg\u00e9szs\u00e9g\u00fcgyi miniszter \u00e9s az alkotm\u00e1nyos reformok\u00e9rt felel\u0151s Gaetano Quaglierella vas\u00e1rnap bejelentette, hogy nem \u00e9rt egyet a p\u00e1rt vezet\u0151s\u00e9ge \u00e1ltal elhat\u00e1rozott korm\u00e1nybuktat\u00e1ssal. Fabrizio Cicchitto, a PdL k\u00e9pvisel\u0151h\u00e1zi frakci\u00f3vezet\u0151je is \u00fagy nyilatkozott, ilyen horderej\u0171 d\u00f6nt\u00e9st a p\u00e1rt eg\u00e9sz\u00e9vel meg kellett volna osztani. (MTI)<\/p>\n","protected":false},"excerpt":{"rendered":"<p>A korm\u00e1nyv\u00e1ls\u00e1gr\u00f3l \u00e9s politikai terveir\u0151l besz\u00e9lt vas\u00e1rnap Silvio Berlusconi p\u00e1rtja h\u00edveihez int\u00e9zett \u00fczenet\u00e9ben &#8211; el\u0151sz\u00f6r az\u00f3ta, hogy a Szabads\u00e1g N\u00e9pe (PdL) minisztereinek lemond\u00e1sa felbor\u00edtotta a r\u00f3mai nagykoal\u00edci\u00f3t.<\/p>\n","protected":false},"author":1,"featured_media":0,"comment_status":"open","ping_status":"closed","sticky":false,"template":"","format":"standard","meta":[],"categories":[12],"tags":[119],"_links":{"self":[{"href":"https:\/\/gazdasagportal.hu\/index.php\/wp-json\/wp\/v2\/posts\/17577"}],"collection":[{"href":"https:\/\/gazdasagportal.hu\/index.php\/wp-json\/wp\/v2\/posts"}],"about":[{"href":"https:\/\/gazdasagportal.hu\/index.php\/wp-json\/wp\/v2\/types\/post"}],"author":[{"embeddable":true,"href":"https:\/\/gazdasagportal.hu\/index.php\/wp-json\/wp\/v2\/users\/1"}],"replies":[{"embeddable":true,"href":"https:\/\/gazdasagportal.hu\/index.php\/wp-json\/wp\/v2\/comments?post=17577"}],"version-history":[{"count":2,"href":"https:\/\/gazdasagportal.hu\/index.php\/wp-json\/wp\/v2\/posts\/17577\/revisions"}],"predecessor-version":[{"id":17580,"href":"https:\/\/gazdasagportal.hu\/index.php\/wp-json\/wp\/v2\/posts\/17577\/revisions\/17580"}],"wp:attachment":[{"href":"https:\/\/gazdasagportal.hu\/index.php\/wp-json\/wp\/v2\/media?parent=17577"}],"wp:term":[{"taxonomy":"category","embeddable":true,"href":"https:\/\/gazdasagportal.hu\/index.php\/wp-json\/wp\/v2\/categories?post=17577"},{"taxonomy":"post_tag","embeddable":true,"href":"https:\/\/gazdasagportal.hu\/index.php\/wp-json\/wp\/v2\/tags?post=17577"}],"curies":[{"name":"wp","href":"https:\/\/api.w.org\/{rel}","templated":true}]}}