{"id":17574,"date":"2013-09-29T13:55:14","date_gmt":"2013-09-29T11:55:14","guid":{"rendered":"http:\/\/stockportal.hu\/?p=17574"},"modified":"2013-09-29T13:55:14","modified_gmt":"2013-09-29T11:55:14","slug":"a-brit-nep-nem-akarja-a-mind-szorosabbra-vont-uniot","status":"publish","type":"post","link":"https:\/\/gazdasagportal.hu\/index.php\/a-brit-nep-nem-akarja-a-mind-szorosabbra-vont-uniot\/","title":{"rendered":"A brit n\u00e9p nem akarja a mind szorosabbra vont uni\u00f3t"},"content":{"rendered":"<p><strong>Cameron: Nagy-Britanni\u00e1nak nincs helye egy mind szorosabbra vont EU-ban<\/strong><br \/>\n<strong>Nagy-Britanni\u00e1nak nem lenne helye egy olyan Eur\u00f3pai Uni\u00f3ban, amelyben folyamatosan egyre szorosabb\u00e1 v\u00e1lik az integr\u00e1ci\u00f3 &#8211; mondta vas\u00e1rnap a brit minisztereln\u00f6k.<!--more--><\/strong><\/p>\n<p>David Cameron &#8222;t\u00fcneti kezel\u00e9snek&#8221; nevezte az ellenz\u00e9ki Munk\u00e1sp\u00e1rt minap ismertetett rezsibefagyaszt\u00e1si terv\u00e9t.<br \/>\nCameron a Liber\u00e1lis Demokrat\u00e1kkal koal\u00edci\u00f3ban korm\u00e1nyz\u00f3 Konzervat\u00edv P\u00e1rt \u00e9ves kongresszus\u00e1nak nyit\u00e1nya el\u0151tt a BBC telev\u00edzi\u00f3 vas\u00e1rnapi politikai magazinm\u0171sor\u00e1ban kijelentette: az EU \u00e1talak\u00edt\u00e1sra szorul, mivel m\u00e1ra t\u00fal versenyelleness\u00e9, t\u00fal v\u00e1llalkoz\u00e1selleness\u00e9 \u00e9s b\u00fcrokratikuss\u00e1 v\u00e1lt.<br \/>\nA minisztereln\u00f6k meger\u0151s\u00edtette a Konzervat\u00edv P\u00e1rt hivatalos \u00e1ll\u00e1spontj\u00e1t, amely szerint Nagy-Britannia \u00e9s az EU viszonyrendszer\u00e9t is gy\u00f6keresen \u00e1t kell alak\u00edtani.<br \/>\nA brit n\u00e9p nem akarja a mind szorosabbra vont uni\u00f3t, \u00e9s Nagy-Britanni\u00e1nak nem szabad r\u00e9szt vennie e folyamatban. &#8222;M\u00e1s orsz\u00e1gok csatlakozhatnak az egyre szorosabb Eur\u00f3pai Uni\u00f3hoz, Nagy-Britanni\u00e1nak azonban nincs helye (egy ilyen uni\u00f3ban) &#8230; \u00e9s gondoskodom r\u00f3la, hogy ebb\u0151l mi kisz\u00e1lljunk&#8221; &#8211; fogalmazott a brit korm\u00e1nyf\u0151.<br \/>\nDavid Cameron azt nem mondta ki, hogy ez a brit EU-tags\u00e1g esetleges felad\u00e1s\u00e1t is jelentheti, hangs\u00falyozta ugyanakkor, hogy a brit-EU viszonyrendszert szab\u00e1lyoz\u00f3 szerz\u0151d\u00e9s &#8222;nagyon radik\u00e1lis&#8221; \u00fajrat\u00e1rgyal\u00e1s\u00e1ra t\u00f6rekszik.<br \/>\nA brit minisztereln\u00f6k janu\u00e1rban bejelentette, hogy a brit v\u00e1laszt\u00f3k 2017-ben n\u00e9pszavaz\u00e1son d\u00f6nthetnek a brit uni\u00f3s tags\u00e1g sors\u00e1r\u00f3l, ha a Konzervat\u00edv P\u00e1rt a 2015-ben esed\u00e9kes v\u00e1laszt\u00e1sok ut\u00e1n korm\u00e1nyon marad. Cameron akkori el\u0151terjeszt\u00e9se szerint ugyanakkor a brit korm\u00e1nynak a referendum el\u0151tt meg kell k\u00eds\u00e9relnie t\u00e1rgyal\u00e1sos \u00faton \u00fajrarendezni Nagy-Britannia viszonyrendszer\u00e9t az EU-val, \u00e9s a London \u00e1ltal tag\u00e1llami hat\u00e1sk\u00f6r\u0171nek \u00edt\u00e9lt d\u00f6nt\u00e9si jogk\u00f6r\u00f6ket &#8222;haza kell telep\u00edteni&#8221; Br\u00fcsszelb\u0151l.<br \/>\nDavid Cameron a vas\u00e1rnapi BBC-interj\u00faban elvetette az ellenz\u00e9ki Munk\u00e1sp\u00e1rt vezet\u0151je, Ed Miliband m\u00falt h\u00e9ten tett bejelent\u00e9s\u00e9t arr\u00f3l, hogy ha a Labour ker\u00fcl korm\u00e1nyra 2015-ben, h\u00fasz h\u00f3napra befagyasztan\u00e1 a lakoss\u00e1g \u00e9s a csal\u00e1di v\u00e1llalkoz\u00e1sok f\u00f6ldg\u00e1z- \u00e9s \u00e1ramd\u00edjait. Cameron szerint &#8222;ez t\u00fcneti kezel\u00e9s, \u00e9s nem a betegs\u00e9g gy\u00f3gy\u00edt\u00e1sa&#8221;, mivel a k\u00f6zm\u0171d\u00edjak emelked\u00e9s\u00e9nek okait kell felt\u00e1rni. Hozz\u00e1tette: a korm\u00e1ny m\u00e1s megk\u00f6zel\u00edt\u00e9st alkalmaz, t\u00f6rv\u00e9nyt alkot p\u00e9ld\u00e1ul arr\u00f3l, hogy az energiaszolg\u00e1ltat\u00f3k minden fogyaszt\u00f3nak k\u00f6telesek lesznek az \u00e1ltala hozz\u00e1f\u00e9rhet\u0151 legalacsonyabb tarif\u00e1kat felaj\u00e1nlani.<br \/>\nA minisztereln\u00f6k szerint Miliband gazdas\u00e1gpolitikai elk\u00e9pzel\u00e9seinek \u00f6sszess\u00e9ge &#8222;\u00fczletellenes \u00e9s v\u00e1llalkoz\u00e1sellenes&#8221;.<br \/>\nA v\u00e1llalati ad\u00f3terhek emel\u00e9s\u00e9nek munk\u00e1sp\u00e1rti terv\u00e9t Cameron &#8222;\u0151r\u00fclts\u00e9gnek&#8221; nevezte, mondv\u00e1n: az \u00fczleti szf\u00e9ra &#8222;ostoroz\u00e1sa \u00e9s ad\u00f3ztat\u00e1sa&#8221; munkahelyekbe ker\u00fcl \u00e9s visszaveti a gazdas\u00e1gi n\u00f6veked\u00e9st.<br \/>\nA brit v\u00e1laszt\u00f3k csaknem k\u00e9tharmad\u00e1nak azonban tetszik Miliband rezsibefagyaszt\u00e1si terve. A The Sunday Times c\u00edm\u0171 vas\u00e1rnapi brit konzervat\u00edv lap megb\u00edz\u00e1s\u00e1b\u00f3l k\u00e9sz\u00edtett orsz\u00e1gos felm\u00e9r\u00e9s szerint a megk\u00e9rdezettek 63 sz\u00e1zal\u00e9ka t\u00e1mogatja az \u00f6tletet. Ez megl\u00e1tszik a p\u00e1rt t\u00e1mogatotts\u00e1g\u00e1n is: jelenleg a v\u00e1laszt\u00f3k 42 sz\u00e1zal\u00e9ka voksolna a Munk\u00e1sp\u00e1rtra, \u00e9s csak 31 sz\u00e1zal\u00e9k a konzervat\u00edvokra.(MTI)<\/p>\n","protected":false},"excerpt":{"rendered":"<p>Cameron: Nagy-Britanni\u00e1nak nincs helye egy mind szorosabbra vont EU-ban Nagy-Britanni\u00e1nak nem lenne helye egy olyan Eur\u00f3pai Uni\u00f3ban, amelyben folyamatosan egyre szorosabb\u00e1 v\u00e1lik az integr\u00e1ci\u00f3 &#8211; mondta vas\u00e1rnap a brit minisztereln\u00f6k.<\/p>\n","protected":false},"author":1,"featured_media":0,"comment_status":"open","ping_status":"closed","sticky":false,"template":"","format":"standard","meta":[],"categories":[12],"tags":[],"_links":{"self":[{"href":"https:\/\/gazdasagportal.hu\/index.php\/wp-json\/wp\/v2\/posts\/17574"}],"collection":[{"href":"https:\/\/gazdasagportal.hu\/index.php\/wp-json\/wp\/v2\/posts"}],"about":[{"href":"https:\/\/gazdasagportal.hu\/index.php\/wp-json\/wp\/v2\/types\/post"}],"author":[{"embeddable":true,"href":"https:\/\/gazdasagportal.hu\/index.php\/wp-json\/wp\/v2\/users\/1"}],"replies":[{"embeddable":true,"href":"https:\/\/gazdasagportal.hu\/index.php\/wp-json\/wp\/v2\/comments?post=17574"}],"version-history":[{"count":2,"href":"https:\/\/gazdasagportal.hu\/index.php\/wp-json\/wp\/v2\/posts\/17574\/revisions"}],"predecessor-version":[{"id":17576,"href":"https:\/\/gazdasagportal.hu\/index.php\/wp-json\/wp\/v2\/posts\/17574\/revisions\/17576"}],"wp:attachment":[{"href":"https:\/\/gazdasagportal.hu\/index.php\/wp-json\/wp\/v2\/media?parent=17574"}],"wp:term":[{"taxonomy":"category","embeddable":true,"href":"https:\/\/gazdasagportal.hu\/index.php\/wp-json\/wp\/v2\/categories?post=17574"},{"taxonomy":"post_tag","embeddable":true,"href":"https:\/\/gazdasagportal.hu\/index.php\/wp-json\/wp\/v2\/tags?post=17574"}],"curies":[{"name":"wp","href":"https:\/\/api.w.org\/{rel}","templated":true}]}}