{"id":17570,"date":"2013-09-29T12:37:40","date_gmt":"2013-09-29T10:37:40","guid":{"rendered":"http:\/\/stockportal.hu\/?p=17570"},"modified":"2013-10-03T08:23:00","modified_gmt":"2013-10-03T06:23:00","slug":"sanghaj-vilagkereskedelmi-kozpontta-valasanak-egyik-lepcsoje-szabadkereskedelmi-ovezet","status":"publish","type":"post","link":"https:\/\/gazdasagportal.hu\/index.php\/sanghaj-vilagkereskedelmi-kozpontta-valasanak-egyik-lepcsoje-szabadkereskedelmi-ovezet\/","title":{"rendered":"Sanghaj vil\u00e1gkereskedelmi k\u00f6zpontt\u00e1 v\u00e1l\u00e1s\u00e1nak egyik l\u00e9pcs\u0151je: szabadkereskedelmi \u00f6vezet"},"content":{"rendered":"<p><strong>Megkezdte m\u0171k\u00f6d\u00e9s\u00e9t vas\u00e1rnap az elm\u00falt \u00e9vtizedek legnagyobb gazdas\u00e1gi \u00faj\u00edt\u00e1sak\u00e9nt emlegetett sanghaji\u00a0szabad-kereskedelmi\u00a0\u00f6vezet, ahol a j\u00f6v\u0151ben a K\u00edn\u00e1ra v\u00e1r\u00f3 gazdas\u00e1gi reformokkal k\u00eds\u00e9rleteznek majd.<!--more--><\/strong><\/p>\n<p>Az orsz\u00e1gban p\u00e9lda n\u00e9lk\u00fcli szabadkereskedelmi \u00f6vezetet nagyszab\u00e1s\u00fa megnyit\u00f3 \u00fcnneps\u00e9g keretein bel\u00fcl adt\u00e1k \u00e1t. A rendezv\u00e9nyen Han Cseng, a v\u00e1ros p\u00e1rttitk\u00e1ra, Jang Hsziong polg\u00e1rmester, a kereskedelmi miniszt\u00e9rium \u00e9s a Nemzeti Fejleszt\u00e9si \u00e9s Reformbizotts\u00e1g k\u00e9pvisel\u0151i is r\u00e9szt vettek.<br \/>\nAz \u00f6vezet els\u0151 l\u00e9pcs\u0151ben a 24 milli\u00f3s metropolisz keleti fel\u00e9n, Putung v\u00e1rosr\u00e9szben, egy 29 n\u00e9gyzetkilom\u00e9teres ter\u00fcletre terjed ki. A projekt l\u00e9nyege, hogy a z\u00f3na ter\u00fclet\u00e9re \u00e9rkez\u0151, ott termelt, \u00e1talak\u00edtott, tov\u00e1bbfejlesztett \u00e9s \u00fajraexport\u00e1lt \u00e1rukra a nemzeti v\u00e1mel\u0151\u00edr\u00e1sok nem vonatkoznak majd, az ottani kereskedelem a hat\u00f3s\u00e1gok beavatkoz\u00e1sa n\u00e9lk\u00fcl zajlik.<br \/>\nA kezdem\u00e9nyez\u00e9st\u0151l a k\u00f6lts\u00e9gek cs\u00f6kkent\u00e9s\u00e9t \u00e9s a hat\u00e9konys\u00e1g n\u00f6vel\u00e9s\u00e9t v\u00e1rj\u00e1k a d\u00f6nt\u00e9shoz\u00f3k. Az \u00f6vezetben ezen t\u00fal t\u00e1mogat\u00f3 jelleg\u0171 p\u00e9nz\u00fcgyi szolg\u00e1ltat\u00e1sok, \u00edgy nemzetk\u00f6zi p\u00e9nz\u00fcgyi \u00e9s kereskedelmi tranzakci\u00f3k bonyol\u00f3dnak majd.<br \/>\nA hivatalos bejelent\u00e9s szerint kamatl\u00e1b-liberaliz\u00e1ci\u00f3val k\u00eds\u00e9rleteznek majd, \u00e9s &#8211; az orsz\u00e1gos gyakorlattal szemben &#8211; a nemzeti valuta is szabadon \u00e1tv\u00e1lthat\u00f3 lesz az \u00f6vezet ter\u00fclet\u00e9n. A p\u00e9nz\u00fcgyi szf\u00e9r\u00e1n t\u00fal 17 m\u00e1sik szektorban, t\u00f6bbek k\u00f6z\u00f6tt az eg\u00e9szs\u00e9g\u00fcgy, a jogi, az utaz\u00e1sk\u00f6zvet\u00edt\u0151i, a sz\u00f3rakoztat\u00f3ipari, a munkak\u00f6zvet\u00edt\u0151i \u00e9s az oktat\u00e1si szolg\u00e1ltat\u00e1sok ter\u00e9n\u00a0\u00a0liberaliz\u00e1lj\u00e1k a szolg\u00e1ltat\u00e1sokat.<br \/>\nA szabadkereskedelmi \u00f6vezetben lehet\u0151v\u00e9 v\u00e1lik a k\u00fclf\u00f6ldi bankok k\u00ednai partner n\u00e9lk\u00fcli m\u0171k\u00f6d\u00e9se, az ott m\u0171k\u00f6d\u0151 k\u00ednai bankok pedig offshore-\u00fczleteket is bonyol\u00edthatnak, valamint k\u00fclf\u00f6ldi \u00e1llampolg\u00e1rok eszk\u00f6zeinek kezel\u00e9se is enged\u00e9lyezett lesz.<br \/>\nA k\u00f6zponti tervek szerint a projektet fokozatosan kib\u0151v\u00edtik majd, tartalm\u00e1ban \u00e9s v\u00e1rhat\u00f3an fizikai nagys\u00e1g\u00e1ban is. A k\u00ednai gazdas\u00e1gi sajt\u00f3 inform\u00e1ci\u00f3i szerint a j\u00f6v\u0151ben tov\u00e1bbi \u00e1gazatok liberaliz\u00e1ci\u00f3ja v\u00e1rhat\u00f3, a projekt sikere eset\u00e9n pedig az eg\u00e9sz putungi v\u00e1rosr\u00e9sz szabadkereskedelmi \u00f6vezett\u00e9 v\u00e1lna, mely 1200 n\u00e9gyzetkilom\u00e9teres ter\u00fcletet jelent.<br \/>\nAz \u00fatt\u00f6r\u0151nek sz\u00e1m\u00edt\u00f3 tervet id\u00e9n j\u00faliusban jelentette be a k\u00ednai korm\u00e1ny. Az elk\u00e9pzel\u00e9st Li Ko-csiang minisztereln\u00f6k szem\u00e9lyesen is p\u00e1rtfog\u00e1s\u00e1ba vette, mondv\u00e1n, az \u00f6vezet kiv\u00e1l\u00f3 mutat\u00f3jak\u00e9nt szolg\u00e1lhat annak, mire lesz k\u00e9pes K\u00edna a gazdas\u00e1gi szerkezet\u00e1talak\u00edt\u00e1s sor\u00e1n.<br \/>\nAz \u00f6vezet ezen t\u00fal a gazdas\u00e1gi n\u00f6veked\u00e9s lassul\u00e1s\u00e1t elszenved\u0151 24 milli\u00f3s metropolisz vil\u00e1gkereskedelmi k\u00f6zpontt\u00e1 v\u00e1l\u00e1s\u00e1nak terveit is seg\u00edti majd, \u00e9s komoly versenyt kelthet a kontinens jelenleg legbefoly\u00e1sosabb p\u00e9nz\u00fcgyi k\u00f6zpontj\u00e1val, Hongkonggal szemben.(MTI)<\/p>\n","protected":false},"excerpt":{"rendered":"<p>Megkezdte m\u0171k\u00f6d\u00e9s\u00e9t vas\u00e1rnap az elm\u00falt \u00e9vtizedek legnagyobb gazdas\u00e1gi \u00faj\u00edt\u00e1sak\u00e9nt emlegetett sanghaji\u00a0szabad-kereskedelmi\u00a0\u00f6vezet, ahol a j\u00f6v\u0151ben a K\u00edn\u00e1ra v\u00e1r\u00f3 gazdas\u00e1gi reformokkal k\u00eds\u00e9rleteznek majd.<\/p>\n","protected":false},"author":1,"featured_media":0,"comment_status":"open","ping_status":"closed","sticky":false,"template":"","format":"standard","meta":[],"categories":[14],"tags":[],"_links":{"self":[{"href":"https:\/\/gazdasagportal.hu\/index.php\/wp-json\/wp\/v2\/posts\/17570"}],"collection":[{"href":"https:\/\/gazdasagportal.hu\/index.php\/wp-json\/wp\/v2\/posts"}],"about":[{"href":"https:\/\/gazdasagportal.hu\/index.php\/wp-json\/wp\/v2\/types\/post"}],"author":[{"embeddable":true,"href":"https:\/\/gazdasagportal.hu\/index.php\/wp-json\/wp\/v2\/users\/1"}],"replies":[{"embeddable":true,"href":"https:\/\/gazdasagportal.hu\/index.php\/wp-json\/wp\/v2\/comments?post=17570"}],"version-history":[{"count":3,"href":"https:\/\/gazdasagportal.hu\/index.php\/wp-json\/wp\/v2\/posts\/17570\/revisions"}],"predecessor-version":[{"id":17573,"href":"https:\/\/gazdasagportal.hu\/index.php\/wp-json\/wp\/v2\/posts\/17570\/revisions\/17573"}],"wp:attachment":[{"href":"https:\/\/gazdasagportal.hu\/index.php\/wp-json\/wp\/v2\/media?parent=17570"}],"wp:term":[{"taxonomy":"category","embeddable":true,"href":"https:\/\/gazdasagportal.hu\/index.php\/wp-json\/wp\/v2\/categories?post=17570"},{"taxonomy":"post_tag","embeddable":true,"href":"https:\/\/gazdasagportal.hu\/index.php\/wp-json\/wp\/v2\/tags?post=17570"}],"curies":[{"name":"wp","href":"https:\/\/api.w.org\/{rel}","templated":true}]}}