{"id":17563,"date":"2013-09-29T09:04:38","date_gmt":"2013-09-29T07:04:38","guid":{"rendered":"http:\/\/stockportal.hu\/?p=17563"},"modified":"2013-09-29T09:26:51","modified_gmt":"2013-09-29T07:26:51","slug":"tozsde-az-egis-veteli-sztori-mozgatta-a-magyar-borzet","status":"publish","type":"post","link":"https:\/\/gazdasagportal.hu\/index.php\/tozsde-az-egis-veteli-sztori-mozgatta-a-magyar-borzet\/","title":{"rendered":"T\u0151zsde &#8211; Az Egis v\u00e9teli sztori mozgatta a magyar b\u00f6rz\u00e9t"},"content":{"rendered":"<p><strong>Az Egis Gy\u00f3gyszergy\u00e1rra tett v\u00e9teli aj\u00e1nlat volt a h\u00e9t sztorija a Budapesti \u00c9rt\u00e9kt\u0151zsd\u00e9n (B\u00c9T). A B\u00c9T r\u00e9szv\u00e9nyindexe, a BUX egy h\u00e9t alatt 414 ponttal, 2,27 sz\u00e1zal\u00e9kkal emelkedett, 18 659,73 ponton z\u00e1rt p\u00e9nteken, ek\u00f6zben az Egis-r\u00e9szv\u00e9nyek csaknem 30 sz\u00e1zal\u00e9kkal dr\u00e1gultak.<!--more--><\/strong><\/p>\n<p>A r\u00e9szv\u00e9nypiac forgalma 56,2 milli\u00e1rd forintra emelkedett az el\u0151z\u0151 heti 43,95 milli\u00e1rd forintr\u00f3l. Ebben nagy szerepe volt az Egis-r\u00e9szv\u00e9nyek 16,6 milli\u00e1rd forintos forgalm\u00e1nak, de a m\u00e1sik gy\u00f3gyszeripari pap\u00edr, a Richter keresked\u00e9se is meg\u00e9l\u00e9nk\u00fclt, 11 milli\u00e1rd forintot meghalad\u00f3 ad\u00e1sv\u00e9tellel a m\u00e1sodik legnagyobb forgalm\u00fa r\u00e9szv\u00e9ny volt a h\u00e9ten, megel\u0151zve a hagyom\u00e1nyosan a legnagyobb forgalm\u00fa OTP-t, amely 10,7 milli\u00e1rd forint \u00e9rt\u00e9kben forgott.<br \/>\nAz Egisre 28 000 forinton tett v\u00e9teli aj\u00e1nlatot kedden a t\u00e1rsas\u00e1g jelenleg 51 sz\u00e1zal\u00e9kos francia tulajdonosa, a Servier. Az aj\u00e1nlati \u00e1r 33 sz\u00e1zal\u00e9kkal volt magasabb a pap\u00edr el\u0151z\u0151 napi, 21 050 forintos z\u00e1r\u00f3\u00e1r\u00e1n\u00e1l, az aj\u00e1nlatot megel\u0151z\u0151 180 napos t\u0151zsdei \u00e1tlag\u00e1r\u00e1t pedig 38 sz\u00e1zal\u00e9kkal haladja meg. Ha a v\u00e9teli aj\u00e1nlat sikeres lesz, a f\u0151tulajdonos kivezeti az Egis r\u00e9szv\u00e9nyeit a B\u00c9T-r\u0151l. A Servier azzal indokolta a l\u00e9p\u00e9st, hogy az Egis az egyetlen a v\u00e1llalatcsoportban, amelynek nem 100 sz\u00e1zal\u00e9kos tulajdonosa, tov\u00e1bb\u00e1 a csoport egyetlen t\u0151zsd\u00e9n jegyzett tagv\u00e1llalata. Ugyanakkor az Egis nem a r\u00e9szv\u00e9nypiacr\u00f3l finansz\u00edrozza m\u0171k\u00f6d\u00e9s\u00e9t, \u00edgy a Servier p\u00e9nz\u00fcgyi szempontb\u00f3l nem l\u00e1tja k\u00fcl\u00f6n\u00f6sebb el\u0151ny\u00e9t a t\u00e1rsas\u00e1g t\u0151zsdei jelenl\u00e9t\u00e9nek.<br \/>\nAz Egis \u00e1rfolyama egy h\u00e9t alatt 29,29 sz\u00e1zal\u00e9kkal, 6230 forinttal 27 500 forintra n\u0151tt.<br \/>\nA Richter-r\u00e9szv\u00e9nyek szint\u00e9n \u00e1tlag felett, 4,92 sz\u00e1zal\u00e9kkal dr\u00e1gultak, 3840 forinton z\u00e1rt\u00e1k a hetet. Szak\u00e9rt\u0151k ezt azzal magyar\u00e1zt\u00e1k, hogy mivel a hazai gy\u00f3gyszerc\u00e9gek j\u00f3 befektet\u00e9sek, a befektet\u0151k az Egis helyett a Richtert v\u00e1laszthatj\u00e1k r\u00e9szv\u00e9nyeik \u00e1ts\u00falyoz\u00e1sakor.<br \/>\nA Mol \u00e1rfolyama 2,37 sz\u00e1zal\u00e9kkal 15 860 forintra esett. A t\u00e1rsas\u00e1g \u00e1rfolyam\u00e1t negat\u00edvan befoly\u00e1solta az a p\u00e9nteki h\u00edr, hogy a z\u00e1gr\u00e1bi b\u00edr\u00f3s\u00e1g elrendelte Hern\u00e1di Zsoltnak, a c\u00e9g eln\u00f6k-vez\u00e9rigazgat\u00f3j\u00e1nak vizsg\u00e1lati fogs\u00e1gba v\u00e9tel\u00e9t. A Mol jogi szak\u00e9rt\u0151je a c\u00e9g \u00e9s eln\u00f6ke elleni fenyeget\u00e9snek min\u0151s\u00edtette a horv\u00e1t igazs\u00e1g\u00fcgyi szervek l\u00e9p\u00e9s\u00e9t. A Legf\u0151bb \u00dcgy\u00e9szs\u00e9g k\u00f6zlem\u00e9nyben eml\u00e9keztetett arra, hogy a 2012 janu\u00e1rj\u00e1ban lez\u00e1rt magyar \u00fcgy\u00e9szs\u00e9gi nyomoz\u00e1s szerint sem Hern\u00e1di Zsolt, sem m\u00e1s magyar \u00e1llampolg\u00e1r nem k\u00f6vetett el b\u0171ncselekm\u00e9nyt a Mol-INA veszteget\u00e9si \u00fcgyben.<br \/>\nAz OTP-r\u00e9szv\u00e9nyek a m\u00falt h\u00e9ten 1,66 sz\u00e1zal\u00e9kkal er\u0151s\u00f6dtek, 4356 forintot \u00e9rtek p\u00e9nteken z\u00e1r\u00e1skor.<br \/>\nA Magyar Telekom pap\u00edrok \u00e1ra 1,60 sz\u00e1zal\u00e9kkal 307 forintra cs\u00f6kkent.<br \/>\nA kis- \u00e9s k\u00f6zepes r\u00e9szv\u00e9nyek indexe, a BUMIX 12,64 sz\u00e1zal\u00e9kkal, 126 ponttal 1124,52 pontra emelkedett.(MTI)<\/p>\n","protected":false},"excerpt":{"rendered":"<p>Az Egis Gy\u00f3gyszergy\u00e1rra tett v\u00e9teli aj\u00e1nlat volt a h\u00e9t sztorija a Budapesti \u00c9rt\u00e9kt\u0151zsd\u00e9n (B\u00c9T). A B\u00c9T r\u00e9szv\u00e9nyindexe, a BUX egy h\u00e9t alatt 414 ponttal, 2,27 sz\u00e1zal\u00e9kkal emelkedett, 18 659,73 ponton z\u00e1rt p\u00e9nteken, ek\u00f6zben az Egis-r\u00e9szv\u00e9nyek csaknem 30 sz\u00e1zal\u00e9kkal dr\u00e1gultak.<\/p>\n","protected":false},"author":1,"featured_media":0,"comment_status":"open","ping_status":"closed","sticky":false,"template":"","format":"standard","meta":[],"categories":[7],"tags":[95],"_links":{"self":[{"href":"https:\/\/gazdasagportal.hu\/index.php\/wp-json\/wp\/v2\/posts\/17563"}],"collection":[{"href":"https:\/\/gazdasagportal.hu\/index.php\/wp-json\/wp\/v2\/posts"}],"about":[{"href":"https:\/\/gazdasagportal.hu\/index.php\/wp-json\/wp\/v2\/types\/post"}],"author":[{"embeddable":true,"href":"https:\/\/gazdasagportal.hu\/index.php\/wp-json\/wp\/v2\/users\/1"}],"replies":[{"embeddable":true,"href":"https:\/\/gazdasagportal.hu\/index.php\/wp-json\/wp\/v2\/comments?post=17563"}],"version-history":[{"count":2,"href":"https:\/\/gazdasagportal.hu\/index.php\/wp-json\/wp\/v2\/posts\/17563\/revisions"}],"predecessor-version":[{"id":17565,"href":"https:\/\/gazdasagportal.hu\/index.php\/wp-json\/wp\/v2\/posts\/17563\/revisions\/17565"}],"wp:attachment":[{"href":"https:\/\/gazdasagportal.hu\/index.php\/wp-json\/wp\/v2\/media?parent=17563"}],"wp:term":[{"taxonomy":"category","embeddable":true,"href":"https:\/\/gazdasagportal.hu\/index.php\/wp-json\/wp\/v2\/categories?post=17563"},{"taxonomy":"post_tag","embeddable":true,"href":"https:\/\/gazdasagportal.hu\/index.php\/wp-json\/wp\/v2\/tags?post=17563"}],"curies":[{"name":"wp","href":"https:\/\/api.w.org\/{rel}","templated":true}]}}