{"id":17559,"date":"2013-09-29T07:04:30","date_gmt":"2013-09-29T05:04:30","guid":{"rendered":"http:\/\/stockportal.hu\/?p=17559"},"modified":"2013-09-29T07:04:59","modified_gmt":"2013-09-29T05:04:59","slug":"magyarorszag-udvozli-a-sziriai-vegyifegyver-keszletek-leszereleserol-szolo-ensz-hatarozatot","status":"publish","type":"post","link":"https:\/\/gazdasagportal.hu\/index.php\/magyarorszag-udvozli-a-sziriai-vegyifegyver-keszletek-leszereleserol-szolo-ensz-hatarozatot\/","title":{"rendered":"Magyarorsz\u00e1g \u00fcdv\u00f6zli a sz\u00edriai vegyifegyver-k\u00e9szletek leszerel\u00e9s\u00e9r\u0151l sz\u00f3l\u00f3 ENSZ-hat\u00e1rozatot"},"content":{"rendered":"<p><strong>Magyarorsz\u00e1g \u00fcdv\u00f6zli az ENSZ Biztons\u00e1gi Tan\u00e1csa \u00e1ltal p\u00e9nteken egyhang\u00falag elfogadott hat\u00e1rozatot, amely a sz\u00edriai vegyifegyver-k\u00e9szletek gyors, ellen\u0151rizhet\u0151 \u00e9s sz\u00fcks\u00e9g eset\u00e9n kik\u00e9nyszer\u00edthet\u0151 felsz\u00e1mol\u00e1s\u00e1r\u00f3l rendelkezik &#8211; k\u00f6z\u00f6lte a K\u00fcl\u00fcgyminiszt\u00e9rium szombaton az MTI-vel.<!--more--><\/strong><\/p>\n<p>A k\u00f6zlem\u00e9ny szerint a Biztons\u00e1gi Tan\u00e1cs nemzetk\u00f6zi jogilag k\u00f6telez\u0151 \u00e9rv\u00e9ny\u0171 hat\u00e1rozata t\u00f6rt\u00e9nelmi jelent\u0151s\u00e9g\u0171. Kimondja, hogy a vegyi fegyverek alkalmaz\u00e1sa elfogadhatatlan, a nemzetk\u00f6zi b\u00e9k\u00e9t \u00e9s biztons\u00e1got vesz\u00e9lyeztet\u0151 l\u00e9p\u00e9s, amely nem maradhat k\u00f6vetkezm\u00e9nyek n\u00e9lk\u00fcl. A hat\u00e1rozat egy\u00fattal bizony\u00edtja a nemzetk\u00f6zi k\u00f6z\u00f6ss\u00e9g elt\u00f6k\u00e9lts\u00e9g\u00e9t a sz\u00edriai v\u00e1ls\u00e1g miel\u0151bbi diplom\u00e1ciai megold\u00e1s\u00e1ra.<br \/>\nA magyar korm\u00e1ny elv\u00e1rja, hogy Sz\u00edria marad\u00e9ktalanul \u00e9s k\u00e9sedelem n\u00e9lk\u00fcl hajtsa v\u00e9gre a Biztons\u00e1gi Tan\u00e1cs, illetve a Vegyifegyver-tilalmi Szervezet (OPCW) hat\u00e1rozataiban foglaltakat. Fogadja az ENSZ \u00e9s az OPCW szak\u00e9rt\u0151it, gondoskodj\u00e9k biztons\u00e1gukr\u00f3l \u00e9s biztos\u00edtson sz\u00e1mukra teljes \u00e9s akad\u00e1lytalan hozz\u00e1f\u00e9r\u00e9st. A vegyifegyver-k\u00e9szleteket az el\u0151\u00edrt id\u0151kereten bel\u00fcl szerelje le \u00e9s helyezze nemzetk\u00f6zi ellen\u0151rz\u00e9s al\u00e1.<br \/>\nA K\u00fcl\u00fcgyminiszt\u00e9rium eml\u00e9keztet arra, hogy Magyarorsz\u00e1g kor\u00e1bban &#8211; sz\u00f6vets\u00e9geseivel egy\u00fcttm\u0171k\u00f6d\u00e9sben &#8211; felaj\u00e1nlotta: az ENSZ-en \u00e9s a Vegyifegyver-tilalmi Szervezeten kereszt\u00fcl k\u00e9sz r\u00e9szt venni a vegyi fegyverek leszerel\u00e9s\u00e9ben \u00e9s megsemmis\u00edt\u00e9s\u00e9ben.<br \/>\nK\u00f6z\u00f6lt\u00e9k azt is: fontosnak tartj\u00e1k, hogy a Biztons\u00e1gi Tan\u00e1cs hat\u00e1rozata \u00fajabb lend\u00fcletet adjon a politikai rendez\u00e9sre vonatkoz\u00f3 er\u0151fesz\u00edt\u00e9sek folytat\u00e1s\u00e1nak. Rem\u00e9nyeik szerint a november k\u00f6zep\u00e9re tervezett genfi konferenci\u00e1n el\u0151rel\u00e9p\u00e9s t\u00f6rt\u00e9nik a hossz\u00fa t\u00e1von politikai rendez\u00e9s \u00e9rdek\u00e9ben.<br \/>\nAz ENSZ Biztons\u00e1gi Tan\u00e1csa helyi id\u0151 szerint p\u00e9ntek este New Yorkban egyhang\u00falag elfogadta a sz\u00edriai vegyi fegyverek megsemmis\u00edt\u00e9s\u00e9r\u0151l sz\u00f3l\u00f3 hat\u00e1rozatot. Ez az els\u0151, jogilag k\u00f6telez\u0151 \u00e9rv\u00e9ny\u0171 BT-dokumentum Sz\u00edri\u00e1ra n\u00e9zve a fegyveres konfliktus kirobban\u00e1sa \u00f3ta. A kisziv\u00e1rogtatott hat\u00e1rozattervezetb\u0151l ismertt\u00e9 v\u00e1lt, hogy a dokumentum arra k\u00f6telezi Sz\u00edri\u00e1t, helyezze nemzetk\u00f6zi ellen\u0151rz\u00e9s al\u00e1 vegyi fegyvereit, \u00e9s tegye lehet\u0151v\u00e9 a fegyverszak\u00e9rt\u0151k sz\u00e1m\u00e1ra a fegyverrakt\u00e1rokhoz val\u00f3 akad\u00e1lytalan hozz\u00e1f\u00e9r\u00e9st. A BT-hat\u00e1rozat szerint amennyiben Damaszkusz ennek nem tesz eleget, akkor egy \u00fajabb BT-hat\u00e1rozatot kell elfogadni ahhoz, hogy az ENSZ Alapokm\u00e1ny\u00e1nak hetedik fejezet\u00e9vel \u00f6sszhangban a nemzetk\u00f6zi k\u00f6z\u00f6ss\u00e9g ak\u00e1r er\u0151 alkalmaz\u00e1s\u00e1val kik\u00e9nyszer\u00edtse a k\u00f6vetel\u00e9sek v\u00e9grehajt\u00e1s\u00e1t.(MTI)<\/p>\n","protected":false},"excerpt":{"rendered":"<p>Magyarorsz\u00e1g \u00fcdv\u00f6zli az ENSZ Biztons\u00e1gi Tan\u00e1csa \u00e1ltal p\u00e9nteken egyhang\u00falag elfogadott hat\u00e1rozatot, amely a sz\u00edriai vegyifegyver-k\u00e9szletek gyors, ellen\u0151rizhet\u0151 \u00e9s sz\u00fcks\u00e9g eset\u00e9n kik\u00e9nyszer\u00edthet\u0151 felsz\u00e1mol\u00e1s\u00e1r\u00f3l rendelkezik &#8211; k\u00f6z\u00f6lte a K\u00fcl\u00fcgyminiszt\u00e9rium szombaton az MTI-vel.<\/p>\n","protected":false},"author":1,"featured_media":0,"comment_status":"open","ping_status":"closed","sticky":false,"template":"","format":"standard","meta":[],"categories":[16,116],"tags":[],"_links":{"self":[{"href":"https:\/\/gazdasagportal.hu\/index.php\/wp-json\/wp\/v2\/posts\/17559"}],"collection":[{"href":"https:\/\/gazdasagportal.hu\/index.php\/wp-json\/wp\/v2\/posts"}],"about":[{"href":"https:\/\/gazdasagportal.hu\/index.php\/wp-json\/wp\/v2\/types\/post"}],"author":[{"embeddable":true,"href":"https:\/\/gazdasagportal.hu\/index.php\/wp-json\/wp\/v2\/users\/1"}],"replies":[{"embeddable":true,"href":"https:\/\/gazdasagportal.hu\/index.php\/wp-json\/wp\/v2\/comments?post=17559"}],"version-history":[{"count":3,"href":"https:\/\/gazdasagportal.hu\/index.php\/wp-json\/wp\/v2\/posts\/17559\/revisions"}],"predecessor-version":[{"id":17561,"href":"https:\/\/gazdasagportal.hu\/index.php\/wp-json\/wp\/v2\/posts\/17559\/revisions\/17561"}],"wp:attachment":[{"href":"https:\/\/gazdasagportal.hu\/index.php\/wp-json\/wp\/v2\/media?parent=17559"}],"wp:term":[{"taxonomy":"category","embeddable":true,"href":"https:\/\/gazdasagportal.hu\/index.php\/wp-json\/wp\/v2\/categories?post=17559"},{"taxonomy":"post_tag","embeddable":true,"href":"https:\/\/gazdasagportal.hu\/index.php\/wp-json\/wp\/v2\/tags?post=17559"}],"curies":[{"name":"wp","href":"https:\/\/api.w.org\/{rel}","templated":true}]}}