{"id":17556,"date":"2013-09-28T20:44:14","date_gmt":"2013-09-28T18:44:14","guid":{"rendered":"http:\/\/stockportal.hu\/?p=17556"},"modified":"2013-10-03T08:25:16","modified_gmt":"2013-10-03T06:25:16","slug":"olasz-kormanyvalsag-tovabbra-is-berlusconi-mozgatja-a-politikai-szalakat","status":"publish","type":"post","link":"https:\/\/gazdasagportal.hu\/index.php\/olasz-kormanyvalsag-tovabbra-is-berlusconi-mozgatja-a-politikai-szalakat\/","title":{"rendered":"Olasz korm\u00e1nyv\u00e1ls\u00e1g &#8211; Tov\u00e1bbra is Berlusconi mozgatja a politikai sz\u00e1lakat"},"content":{"rendered":"<p><strong>Az \u00e1prilis v\u00e9g\u00e9n megalakult r\u00f3mai korm\u00e1ny \u00f6t jobbk\u00f6z\u00e9p minisztere szombat este k\u00f6z\u00f6s nyilatkozatban jelentette be,\u00a0\u00a0hogy lemond, felbontva ezzel a balk\u00f6z\u00e9ppel \u00e9s a centrummal val\u00f3 nagykoal\u00edci\u00f3t.<!--more--><\/strong><\/p>\n<p>Enrico Letta minisztereln\u00f6k azonnali konzult\u00e1ci\u00f3t kezdett Giorgio Napolitano \u00e1llamf\u0151vel. Letta parlamenti bizalmi szavaz\u00e1st s\u00fcrgetett, hogy &#8222;a p\u00e1rtok az orsz\u00e1g el\u0151tt tiszt\u00e1zz\u00e1k a helyzetet&#8221;.<br \/>\nA PdL minisztereit Silvio Berlusconi k\u00e9rte fel szombaton a lemond\u00e1sra. Angelino Alfano, bel\u00fcgyminiszter, a PdL f\u0151titk\u00e1ra nyilatkozatban hangs\u00falyozta, hogy a d\u00f6nt\u00e9st a p\u00e9nteki korm\u00e1ny\u00fcl\u00e9s ut\u00e1n hozt\u00e1k meg, melyen Enrico Letta minisztereln\u00f6k ultim\u00e1tumot adott a PdL-nek: vagy t\u00e1mogatja a koal\u00edci\u00f3t vagy t\u00e1vozik. Berlusconi Letta ultim\u00e1tum\u00e1t elfogadhatatlannak nevezte. A jobbk\u00f6z\u00e9p p\u00e1rt \u00e1llamtitk\u00e1rai is felaj\u00e1nlott\u00e1k Berlusconinak lemond\u00e1sukat.<br \/>\nA t\u00e1voz\u00f3 Alfano, Nunzia De Girolamo agr\u00e1rminiszter, Beatrice Lorenzin eg\u00e9szs\u00e9g\u00fcgyi, Maurizio Lupi k\u00f6zleked\u00e9s\u00fcgyi \u00e9s Gaetano Quagliariello, az alkotm\u00e1nyos reformok\u00e9rt felel\u0151s miniszter hivatalosan m\u00e9g nem ny\u00fajtotta be lemond\u00f3 level\u00e9t.<br \/>\nAz \u00e9ppen \u00f6t h\u00f3napos Letta-korm\u00e1nyt augusztus elsej\u00e9t\u0151l fenyegette a buk\u00e1s vesz\u00e9lye, amikor a semm\u00edt\u0151sz\u00e9k Berlusconit ad\u00f3csal\u00e1s\u00e9rt joger\u0151sen egy \u00e9v let\u00f6ltend\u0151 b\u00f6rt\u00f6nb\u00fcntet\u00e9sre \u00edt\u00e9lte. Berlusconi az\u00f3ta t\u00f6bbsz\u00f6r hangoztatta, hogy ett\u0151l f\u00fcggetlen\u00fcl a PdL t\u00e1mogatja a korm\u00e1nyt. Az esem\u00e9nyek a h\u00e9ten gyorsultak fel: a PdL szen\u00e1torai \u00e9s k\u00e9pvisel\u0151i szerd\u00e1n bejelentett\u00e9k, hogy egy\u00fcttesen lemondanak, ha a parlament mentelmi bizotts\u00e1ga az okt\u00f3ber 4-i \u00fcl\u00e9s\u00e9n\u00a0\u00a0megfosztja Berlusconit mand\u00e1tum\u00e1t\u00f3l. A fesz\u00fclts\u00e9g a p\u00e9nteki korm\u00e1ny\u00fcl\u00e9sen folytat\u00f3dott: a balk\u00f6z\u00e9p \u00e9s a jobbk\u00f6z\u00e9p vit\u00e1i miatt nem tudtak meg\u00e1llapodni az \u00e1ltal\u00e1nos forgalmi ad\u00f3 emel\u00e9s\u00e9nek tervezett elhalaszt\u00e1s\u00e1r\u00f3l. Az \u00e1fa \u00edgy okt\u00f3ber elsej\u00e9t\u0151l megemelkedik.<br \/>\nA PdL lemond\u00f3 miniszterei hangoztatt\u00e1k, hogy sz\u00e1mukra v\u00e1llalhatatlann\u00e1 v\u00e1lt a korm\u00e1ny ad\u00f3- \u00e9s igazs\u00e1g\u00fcgyi politik\u00e1ja. Letta v\u00e1lasz\u00e1ban azt hangoztatta, hogy az \u00e1fa a Berlusconival \u00e9s nem az orsz\u00e1ggal foglalkoz\u00f3 PdL miatt emelkedett meg.<br \/>\nGuglielmo Epifani, a balk\u00f6z\u00e9p Demokrata P\u00e1rt (PD) f\u0151titk\u00e1ra szerint Berlusconi \u00e9s p\u00e1rtja c\u00e9lja nem m\u00e1s, mint a politikai k\u00e1oszteremt\u00e9s. Elemz\u0151k szerint a PdL parlamenti tagjainak lemond\u00e1sa \u00e9rtelmetlen l\u00e9p\u00e9s volt, mivel hely\u00fckre m\u00e1s PdL-tagok l\u00e9phettek volna. A miniszterek lemond\u00e1s\u00e1nak bejelent\u00e9se viszont egy\u00e9rtelm\u0171v\u00e9 tette a korm\u00e1nyv\u00e1ls\u00e1got. A Corriere della Sera napilap szerint parlamenti bizalmi szavaz\u00e1s eset\u00e9n nem kiz\u00e1rt, hogy a PdL soraib\u00f3l egyesek bizalmat adhatnak Lett\u00e1nak, a PD-frakci\u00f3b\u00f3l viszont t\u00f6bben ellene szavazhatn\u00e1nak el\u0151re hozott v\u00e1laszt\u00e1sokat s\u00fcrgetve.<br \/>\nNapolitano m\u00e1r t\u00f6bbsz\u00f6r elmondta, hogy nem akarja feloszlatni a m\u00e1rciusban alakult parlamentet. Megold\u00e1snak az t\u0171nik, hogy az \u00e1llamf\u0151 ism\u00e9t Lett\u00e1t b\u00edzza meg egy korm\u00e1ny hat\u00e1rozott id\u0151re \u00e9s egy adott c\u00e9lra sz\u00f3l\u00f3 megalak\u00edt\u00e1s\u00e1val, melyet a Mario Monti vezette centrum \u00e9s az 5 Csillag Mozgalom (M5S) egy r\u00e9sze t\u00e1mogathatna. (MTI)<\/p>\n","protected":false},"excerpt":{"rendered":"<p>Az \u00e1prilis v\u00e9g\u00e9n megalakult r\u00f3mai korm\u00e1ny \u00f6t jobbk\u00f6z\u00e9p minisztere szombat este k\u00f6z\u00f6s nyilatkozatban jelentette be,\u00a0\u00a0hogy lemond, felbontva ezzel a balk\u00f6z\u00e9ppel \u00e9s a centrummal val\u00f3 nagykoal\u00edci\u00f3t.<\/p>\n","protected":false},"author":1,"featured_media":3572,"comment_status":"open","ping_status":"closed","sticky":false,"template":"","format":"standard","meta":[],"categories":[12],"tags":[],"_links":{"self":[{"href":"https:\/\/gazdasagportal.hu\/index.php\/wp-json\/wp\/v2\/posts\/17556"}],"collection":[{"href":"https:\/\/gazdasagportal.hu\/index.php\/wp-json\/wp\/v2\/posts"}],"about":[{"href":"https:\/\/gazdasagportal.hu\/index.php\/wp-json\/wp\/v2\/types\/post"}],"author":[{"embeddable":true,"href":"https:\/\/gazdasagportal.hu\/index.php\/wp-json\/wp\/v2\/users\/1"}],"replies":[{"embeddable":true,"href":"https:\/\/gazdasagportal.hu\/index.php\/wp-json\/wp\/v2\/comments?post=17556"}],"version-history":[{"count":3,"href":"https:\/\/gazdasagportal.hu\/index.php\/wp-json\/wp\/v2\/posts\/17556\/revisions"}],"predecessor-version":[{"id":17558,"href":"https:\/\/gazdasagportal.hu\/index.php\/wp-json\/wp\/v2\/posts\/17556\/revisions\/17558"}],"wp:featuredmedia":[{"embeddable":true,"href":"https:\/\/gazdasagportal.hu\/index.php\/wp-json\/wp\/v2\/media\/3572"}],"wp:attachment":[{"href":"https:\/\/gazdasagportal.hu\/index.php\/wp-json\/wp\/v2\/media?parent=17556"}],"wp:term":[{"taxonomy":"category","embeddable":true,"href":"https:\/\/gazdasagportal.hu\/index.php\/wp-json\/wp\/v2\/categories?post=17556"},{"taxonomy":"post_tag","embeddable":true,"href":"https:\/\/gazdasagportal.hu\/index.php\/wp-json\/wp\/v2\/tags?post=17556"}],"curies":[{"name":"wp","href":"https:\/\/api.w.org\/{rel}","templated":true}]}}