{"id":17548,"date":"2013-09-28T13:16:13","date_gmt":"2013-09-28T11:16:13","guid":{"rendered":"http:\/\/stockportal.hu\/?p=17548"},"modified":"2013-09-28T15:37:19","modified_gmt":"2013-09-28T13:37:19","slug":"fidesz-kongresszus-orban-az-egyeduli-elnokjelolt-lazar-is-alelnok-lehe","status":"publish","type":"post","link":"https:\/\/gazdasagportal.hu\/index.php\/fidesz-kongresszus-orban-az-egyeduli-elnokjelolt-lazar-is-alelnok-lehe\/","title":{"rendered":"Fidesz-kongresszus &#8211; Orb\u00e1n az egyed\u00fcli eln\u00f6kjel\u00f6lt, L\u00e1z\u00e1r is aleln\u00f6k lehe"},"content":{"rendered":"<p><strong>Orb\u00e1n Viktor, a Fidesz jelenlegi eln\u00f6ke, minisztereln\u00f6k az egyetlen p\u00e1rteln\u00f6kjel\u00f6lt a Fidesz XXV. kongresszus\u00e1n.<!--more--><\/strong><\/p>\n<p>Aleln\u00f6knek el\u0151zetesen K\u00f3sa Lajost, Pelczn\u00e9 G\u00e1ll Ildik\u00f3t \u00e9s Pokorni Zolt\u00e1nt jel\u00f6lt\u00e9k, akik jelenleg is bet\u00f6ltik ezt a posztot. Negyedik aleln\u00f6knek a helysz\u00ednen L\u00e1z\u00e1r J\u00e1nost, a Minisztereln\u00f6ks\u00e9get vezet\u0151 \u00e1llamtitk\u00e1rt jel\u00f6lt\u00e9k.<br \/>\nMindezt Kocsis M\u00e1t\u00e9, a kongresszus levezet\u0151 eln\u00f6ks\u00e9g\u00e9nek tagja ismertette a szombati budapesti tan\u00e1cskoz\u00e1son.<br \/>\nHozz\u00e1tette: a mand\u00e1tumvizsg\u00e1l\u00f3, \u00fcgyrendi \u00e9s \u00f6sszef\u00e9rhetetlens\u00e9gi bizotts\u00e1g tagj\u00e1nak jel\u00f6lt\u00e9k B\u00f3ka Istv\u00e1nt, Erd\u0151s Norbertet, Nagy G\u00e1bor Tam\u00e1st, R\u00e9p\u00e1ssy R\u00f3bertet, Horv\u00e1th Zsoltot \u00e9s Boh\u00e1cs Zsoltot.<br \/>\nA sz\u00e1mvizsg\u00e1l\u00f3 bizotts\u00e1g tagjai B\u00e1nki Erik, Kiss Imre L\u00e1szl\u00f3, Dancs\u00f3 J\u00f3zsef, Menczer Erzs\u00e9bet, Papcs\u00e1k Ferenc, Vas Imre \u00e9s Bencze G\u00e1bor k\u00f6z\u00fcl ker\u00fclnek majd ki. Az ut\u00f3bbi k\u00e9t test\u00fclet 5-5 tag\u00fa.<br \/>\nA k\u00fcld\u00f6ttek az eln\u00f6kr\u0151l narancss\u00e1rga, az aleln\u00f6k\u00f6kr\u0151l citroms\u00e1rga, a sz\u00e1mvizsg\u00e1l\u00f3 bizotts\u00e1g tagjair\u00f3l feh\u00e9r, m\u00edg a mand\u00e1tumvizsg\u00e1l\u00f3 bizotts\u00e1g tagjair\u00f3l z\u00f6ld lapon szavazhatnak. A voksol\u00e1s egy \u00f3r\u00e1n \u00e1t tart, a tan\u00e1cskoz\u00e1s v\u00e1rhat\u00f3an 13.30-kor folytat\u00f3dik.(MTI)<\/p>\n","protected":false},"excerpt":{"rendered":"<p>Orb\u00e1n Viktor, a Fidesz jelenlegi eln\u00f6ke, minisztereln\u00f6k az egyetlen p\u00e1rteln\u00f6kjel\u00f6lt a Fidesz XXV. kongresszus\u00e1n.<\/p>\n","protected":false},"author":1,"featured_media":0,"comment_status":"open","ping_status":"closed","sticky":false,"template":"","format":"standard","meta":[],"categories":[18],"tags":[],"_links":{"self":[{"href":"https:\/\/gazdasagportal.hu\/index.php\/wp-json\/wp\/v2\/posts\/17548"}],"collection":[{"href":"https:\/\/gazdasagportal.hu\/index.php\/wp-json\/wp\/v2\/posts"}],"about":[{"href":"https:\/\/gazdasagportal.hu\/index.php\/wp-json\/wp\/v2\/types\/post"}],"author":[{"embeddable":true,"href":"https:\/\/gazdasagportal.hu\/index.php\/wp-json\/wp\/v2\/users\/1"}],"replies":[{"embeddable":true,"href":"https:\/\/gazdasagportal.hu\/index.php\/wp-json\/wp\/v2\/comments?post=17548"}],"version-history":[{"count":1,"href":"https:\/\/gazdasagportal.hu\/index.php\/wp-json\/wp\/v2\/posts\/17548\/revisions"}],"predecessor-version":[{"id":17549,"href":"https:\/\/gazdasagportal.hu\/index.php\/wp-json\/wp\/v2\/posts\/17548\/revisions\/17549"}],"wp:attachment":[{"href":"https:\/\/gazdasagportal.hu\/index.php\/wp-json\/wp\/v2\/media?parent=17548"}],"wp:term":[{"taxonomy":"category","embeddable":true,"href":"https:\/\/gazdasagportal.hu\/index.php\/wp-json\/wp\/v2\/categories?post=17548"},{"taxonomy":"post_tag","embeddable":true,"href":"https:\/\/gazdasagportal.hu\/index.php\/wp-json\/wp\/v2\/tags?post=17548"}],"curies":[{"name":"wp","href":"https:\/\/api.w.org\/{rel}","templated":true}]}}