{"id":17546,"date":"2013-09-28T16:24:13","date_gmt":"2013-09-28T14:24:13","guid":{"rendered":"http:\/\/stockportal.hu\/?p=17546"},"modified":"2013-09-28T16:24:45","modified_gmt":"2013-09-28T14:24:45","slug":"fidesz-kongresszus-szajer-jozsef-magyarorszag-egyenrangu-felkent-bele-akar-szolni-az-unio-ugyeibe","status":"publish","type":"post","link":"https:\/\/gazdasagportal.hu\/index.php\/fidesz-kongresszus-szajer-jozsef-magyarorszag-egyenrangu-felkent-bele-akar-szolni-az-unio-ugyeibe\/","title":{"rendered":"Fidesz-kongresszus &#8211; Sz\u00e1jer J\u00f3zsef: Magyarorsz\u00e1g egyenrang\u00fa f\u00e9lk\u00e9nt bele akar sz\u00f3lni az uni\u00f3 \u00fcgyeibe"},"content":{"rendered":"<p><strong>Magyarorsz\u00e1g nem az\u00e9rt l\u00e9pett be az Eur\u00f3pai Uni\u00f3ba, hogy &#8222;\u00e9rtelmetlen k\u00f6zponti utas\u00edt\u00e1sokat hajtson v\u00e9gre&#8221;, hanem egyenrang\u00fa f\u00e9lk\u00e9nt bele akar sz\u00f3lni a k\u00f6z\u00f6ss\u00e9g \u00fcgyeibe &#8211; jelentette ki Sz\u00e1jer J\u00f3zsef, a Fidesz eur\u00f3pai parlamenti k\u00e9pvisel\u0151je a korm\u00e1nyp\u00e1rt XXV. kongresszus\u00e1n szombaton.<!--more--><\/strong><\/p>\n<p>A politikus arr\u00f3l besz\u00e9lt, hogy a magyarok a t\u00f6rt\u00e9nelem sor\u00e1n nem f\u00e9ltek &#8222;a kalandos \u00e9let zavar\u00e1t\u00f3l&#8221;, a mai magyarok g\u00e9njeibe van programozva a kih\u00edv\u00e1sok ir\u00e1nti lelkesed\u00e9s. P\u00e1rhuzamot vont ek\u00f6z\u00f6tt \u00e9s a Fidesz, a korm\u00e1ny \u00e9s a minisztereln\u00f6k jelenlegi nemzetk\u00f6zi politik\u00e1ja k\u00f6z\u00f6tt, megjegyezve: a felv\u00e1llalt konfliktusok c\u00e9lja az orsz\u00e1g v\u00e9delme, a szellemi, kultur\u00e1lis \u00e9s anyagi er\u0151forr\u00e1sok megment\u00e9se.<br \/>\nSz\u00e1jer J\u00f3zsef szerint a kor\u00e1bbi szocialista korm\u00e1nyok ellen\u00e1ll\u00e1s \u00e9s zoksz\u00f3 n\u00e9lk\u00fcl adt\u00e1k fel az orsz\u00e1g \u00e9rdekeit, de az \u00f6nfelad\u00e1s korszak\u00e1nak v\u00e9ge, Magyarorsz\u00e1g az elm\u00falt \u00e9vekben felegyenesedett, \u00e9s visszafizette a szocialist\u00e1k \u00e1ltal felvett hitelt a Valutaalapnak, amely n\u00e9lk\u00fcl az orsz\u00e1g nem \u00e9lte volna t\u00fal a katasztr\u00f3f\u00e1t. &#8222;Aki odavezetett minket a szakad\u00e9k sz\u00e9l\u00e9re, most el\u0151szeretettel osztogat j\u00f3 tan\u00e1csokat, mint egy mindentud\u00f3, nemr\u00e9g friss\u00edtett GPS&#8221; &#8211; fogalmazott az EP-k\u00e9pvisel\u0151, hozz\u00e1t\u00e9ve: nem hagyj\u00e1k neki, hogy \u00fajra oda\u00fclhessen a korm\u00e1nyhoz. &#8222;Ha csak sz\u00f6vegel, az n\u00e9ha szellemes \u00e9s sz\u00f3rakoztat\u00f3 is lehet, f\u0151leg ha pont az ellenkez\u0151j\u00e9t tessz\u00fck annak, mint amit mond&#8221; &#8211; jegyezte meg.<br \/>\nA politikus b\u00edr\u00e1lta a Nemzetk\u00f6zi Valutaalap, az Eur\u00f3pai Uni\u00f3 \u00e9s az Eur\u00f3pai K\u00f6zponti Bank &#8222;senki \u00e1ltal meg nem v\u00e1lasztott&#8221; h\u00e1rmas\u00e1t, amely szerinte alkalmatlan recepteket k\u00edn\u00e1l a v\u00e1ls\u00e1g kezel\u00e9s\u00e9re. Szavai szerint az &#8222;\u00fagynevezett szak\u00e9rt\u0151k (\u2026) kreativit\u00e1st n\u00e9lk\u00fcl\u00f6z\u0151 g\u00e9phangk\u00e9nt egyetlen v\u00e1laszthat\u00f3 lehet\u0151s\u00e9get k\u00f6zvet\u00edtenek&#8221;, mik\u00f6zben Eur\u00f3pa egyre t\u00f6bb orsz\u00e1ga a magyar p\u00e9ld\u00e1t k\u00f6veti.<br \/>\nSz\u00e1jer J\u00f3zsef azt mondta, p\u00e1r hete Vivienne Reding uni\u00f3s alapjogi biztos beismerte, hogy kett\u0151s m\u00e9rc\u00e9t alkalmaznak az \u00faj tagorsz\u00e1gokkal szemben. \u00dagy fogalmazott: az igazi EU-nak azt a helyet tartja, ahol a nemzetek egy\u00fcttm\u0171k\u00f6dnek k\u00f6z\u00f6s \u00fcgyeik sikereik \u00e9rdek\u00e9ben, de nem sz\u00f3lnak bele a nemzetek \u00fcgyeibe, k\u00fcl\u00f6n\u00f6sen akkor nem, ha maguk is azt teszik, ami\u00e9rt m\u00e1sokat b\u00edr\u00e1lnak.<br \/>\n&#8222;Azok a k\u00f6z\u00f6s Eur\u00f3pa val\u00f3di ellens\u00e9gei, akik alaptalan v\u00e1djaikkal, azonnal farkast ki\u00e1lt\u00f3 allergi\u00e1s reakci\u00f3ikkal, \u00e1lomh\u00fcvelyez\u00e9s\u00fckkel al\u00e1\u00e1ss\u00e1k az egy\u00fcttes cselekv\u00e9s haszn\u00e1ba vetett hitet&#8221; &#8211; jelentette ki. \u00dagy v\u00e9lte, azok az ellens\u00e9gek, akik nem k\u00e9pesek megh\u00fazni az elv\u00e1laszt\u00f3 vonalat a nemzeti \u00e9s eur\u00f3pai feladatok k\u00f6z\u00f6tt, fel akarj\u00e1k sz\u00e1molni a nemzeteket egy k\u00f6z\u00f6s eur\u00f3-korm\u00e1ny \u00e9rdek\u00e9ben.<br \/>\nKit\u00e9rt arra is, hogy a k\u00fczdelmeknek kor\u00e1nt sincs v\u00e9ge, tov\u00e1bb kell harcolni egyebek mellett a rezsics\u00f6kkent\u00e9s \u00e9s a nemzeti \u00e9tkez\u00e9si jegyek v\u00e9delm\u00e9ben. A j\u00f6v\u0151 \u00e9vi v\u00e1laszt\u00e1sokra utalva azt mondta: az \u00f6n\u00e1ll\u00f3 d\u00f6nt\u00e9sk\u00e9pess\u00e9g vagy az ellen\u00e1ll\u00e1s n\u00e9lk\u00fcli csendhez val\u00f3 visszat\u00e9r\u00e9s a t\u00e9t.<br \/>\nA k\u00fcld\u00f6ttek elfogadt\u00e1k az orsz\u00e1gos v\u00e1lasztm\u00e1ny, az orsz\u00e1gos eln\u00f6ks\u00e9g, az orsz\u00e1ggy\u0171l\u00e9si frakci\u00f3, az eur\u00f3pai parlamenti k\u00e9pvisel\u0151csoport, a mand\u00e1tumvizsg\u00e1l\u00f3 bizotts\u00e1g, a sz\u00e1mvizsg\u00e1l\u00f3 bizotts\u00e1g, \u00e9s az etikai bizotts\u00e1g besz\u00e1mol\u00f3it.(MTI)<\/p>\n","protected":false},"excerpt":{"rendered":"<p>Magyarorsz\u00e1g nem az\u00e9rt l\u00e9pett be az Eur\u00f3pai Uni\u00f3ba, hogy &#8222;\u00e9rtelmetlen k\u00f6zponti utas\u00edt\u00e1sokat hajtson v\u00e9gre&#8221;, hanem egyenrang\u00fa f\u00e9lk\u00e9nt bele akar sz\u00f3lni a k\u00f6z\u00f6ss\u00e9g \u00fcgyeibe &#8211; jelentette ki Sz\u00e1jer J\u00f3zsef, a Fidesz eur\u00f3pai parlamenti k\u00e9pvisel\u0151je a korm\u00e1nyp\u00e1rt XXV. kongresszus\u00e1n szombaton.<\/p>\n","protected":false},"author":1,"featured_media":0,"comment_status":"open","ping_status":"closed","sticky":false,"template":"","format":"standard","meta":[],"categories":[18],"tags":[],"_links":{"self":[{"href":"https:\/\/gazdasagportal.hu\/index.php\/wp-json\/wp\/v2\/posts\/17546"}],"collection":[{"href":"https:\/\/gazdasagportal.hu\/index.php\/wp-json\/wp\/v2\/posts"}],"about":[{"href":"https:\/\/gazdasagportal.hu\/index.php\/wp-json\/wp\/v2\/types\/post"}],"author":[{"embeddable":true,"href":"https:\/\/gazdasagportal.hu\/index.php\/wp-json\/wp\/v2\/users\/1"}],"replies":[{"embeddable":true,"href":"https:\/\/gazdasagportal.hu\/index.php\/wp-json\/wp\/v2\/comments?post=17546"}],"version-history":[{"count":2,"href":"https:\/\/gazdasagportal.hu\/index.php\/wp-json\/wp\/v2\/posts\/17546\/revisions"}],"predecessor-version":[{"id":17553,"href":"https:\/\/gazdasagportal.hu\/index.php\/wp-json\/wp\/v2\/posts\/17546\/revisions\/17553"}],"wp:attachment":[{"href":"https:\/\/gazdasagportal.hu\/index.php\/wp-json\/wp\/v2\/media?parent=17546"}],"wp:term":[{"taxonomy":"category","embeddable":true,"href":"https:\/\/gazdasagportal.hu\/index.php\/wp-json\/wp\/v2\/categories?post=17546"},{"taxonomy":"post_tag","embeddable":true,"href":"https:\/\/gazdasagportal.hu\/index.php\/wp-json\/wp\/v2\/tags?post=17546"}],"curies":[{"name":"wp","href":"https:\/\/api.w.org\/{rel}","templated":true}]}}