{"id":17537,"date":"2013-09-28T10:16:36","date_gmt":"2013-09-28T08:16:36","guid":{"rendered":"http:\/\/stockportal.hu\/?p=17537"},"modified":"2013-09-28T10:16:36","modified_gmt":"2013-09-28T08:16:36","slug":"tisztujito-kongresszust-tart-ma-a-fidesz","status":"publish","type":"post","link":"https:\/\/gazdasagportal.hu\/index.php\/tisztujito-kongresszust-tart-ma-a-fidesz\/","title":{"rendered":"Tiszt\u00faj\u00edt\u00f3 kongresszust tart ma a Fidesz"},"content":{"rendered":"<p><strong>Huszon\u00f6t\u00f6dik, tiszt\u00faj\u00edt\u00f3 kongresszus\u00e1t tartja ma a Fidesz.<!--more--><\/strong><\/p>\n<p>Az eg\u00e9sz napos tan\u00e1cskoz\u00e1st &#8211; amelyet eredetileg j\u00faniusban rendeztek volna meg, de a dunai \u00e1rv\u00edzi helyzetre val\u00f3 tekintettel elhalasztottak &#8211; Budapesten, a Millen\u00e1ris Parkban tartj\u00e1k. Felsz\u00f3lal m\u00e1sok mellett Rog\u00e1n Antal, a Fidesz parlamenti frakci\u00f3vezet\u0151je, K\u00f6v\u00e9r L\u00e1szl\u00f3 h\u00e1zeln\u00f6k, K\u00f3sa Lajos \u00fcgyvezet\u0151 aleln\u00f6k, Sz\u00e1jer J\u00f3zsef eur\u00f3pai parlamenti k\u00e9pvisel\u0151 \u00e9s Tarl\u00f3s Istv\u00e1n f\u0151polg\u00e1rmester. Orb\u00e1n Viktor p\u00e1rteln\u00f6k-minisztereln\u00f6k v\u00e1rhat\u00f3an d\u00e9lut\u00e1n mondja el besz\u00e9d\u00e9t.<br \/>\nA rendezv\u00e9nyre a p\u00e1rtk\u00fcld\u00f6tteken k\u00edv\u00fcl megh\u00edv\u00e1st kaptak a civil \u00e9s hat\u00e1ron t\u00fali szervezetek, valamint a diplom\u00e1ciai test\u00fcletek k\u00e9pvisel\u0151i is &#8211; \u00edrt\u00e1k a tan\u00e1cskoz\u00e1s hivatalos megh\u00edv\u00f3j\u00e1ban.<br \/>\nA Fidesz legut\u00f3bb 2011. j\u00falius 3-\u00e1n tartott tiszt\u00faj\u00edt\u00f3 kongresszust, ahol \u00fajrav\u00e1lasztott\u00e1k p\u00e1rteln\u00f6kk\u00e9 Orb\u00e1n Viktort, \u00e9s bizalmat szavaztak a Fidesz n\u00e9gy, m\u00e1r akkor is hivatalban l\u00e9v\u0151 aleln\u00f6k\u00e9nek, K\u00f3sa Lajosnak, Pelczn\u00e9 G\u00e1ll Ildik\u00f3nak, Pokorni Zolt\u00e1nnak \u00e9s Varga Mih\u00e1lynak. A k\u00e9t \u00e9vvel ezel\u0151tti tan\u00e1cskoz\u00e1son Orb\u00e1n Viktor p\u00e1rteln\u00f6k-minisztereln\u00f6k arr\u00f3l besz\u00e9lt, k\u00e9szen \u00e1llnak arra, hogy megv\u00edvj\u00e1k a Fidesz t\u00f6rt\u00e9net\u00e9nek legnagyobb k\u00fczdelm\u00e9t, nem hagyj\u00e1k, hogy Magyarorsz\u00e1g visszasodr\u00f3djon a &#8222;g\u00f6r\u00f6g \u00fatra&#8221;.<br \/>\nA Fidesz alapszab\u00e1lya szerint a kongresszus a p\u00e1rt legfels\u0151bb tan\u00e1cskoz\u00f3 \u00e9s d\u00f6nt\u00e9shoz\u00f3 szerve. Tiszt\u00faj\u00edt\u00f3 kongresszust &#8211; ahol m\u00e1sok mellett megv\u00e1lasztj\u00e1k a p\u00e1rteln\u00f6k\u00f6t \u00e9s a n\u00e9gy aleln\u00f6k\u00f6t &#8211; k\u00e9t\u00e9vente kell \u00f6sszeh\u00edvni.<br \/>\nA Fidesz sajt\u00f3irod\u00e1j\u00e1nak t\u00e1j\u00e9koztat\u00e1sa szerint a Millen\u00e1risra t\u00f6bb ezer vend\u00e9get v\u00e1rnak.(MTI)<\/p>\n","protected":false},"excerpt":{"rendered":"<p>Huszon\u00f6t\u00f6dik, tiszt\u00faj\u00edt\u00f3 kongresszus\u00e1t tartja ma a Fidesz.<\/p>\n","protected":false},"author":1,"featured_media":1033,"comment_status":"open","ping_status":"closed","sticky":false,"template":"","format":"standard","meta":[],"categories":[18],"tags":[],"_links":{"self":[{"href":"https:\/\/gazdasagportal.hu\/index.php\/wp-json\/wp\/v2\/posts\/17537"}],"collection":[{"href":"https:\/\/gazdasagportal.hu\/index.php\/wp-json\/wp\/v2\/posts"}],"about":[{"href":"https:\/\/gazdasagportal.hu\/index.php\/wp-json\/wp\/v2\/types\/post"}],"author":[{"embeddable":true,"href":"https:\/\/gazdasagportal.hu\/index.php\/wp-json\/wp\/v2\/users\/1"}],"replies":[{"embeddable":true,"href":"https:\/\/gazdasagportal.hu\/index.php\/wp-json\/wp\/v2\/comments?post=17537"}],"version-history":[{"count":2,"href":"https:\/\/gazdasagportal.hu\/index.php\/wp-json\/wp\/v2\/posts\/17537\/revisions"}],"predecessor-version":[{"id":17539,"href":"https:\/\/gazdasagportal.hu\/index.php\/wp-json\/wp\/v2\/posts\/17537\/revisions\/17539"}],"wp:featuredmedia":[{"embeddable":true,"href":"https:\/\/gazdasagportal.hu\/index.php\/wp-json\/wp\/v2\/media\/1033"}],"wp:attachment":[{"href":"https:\/\/gazdasagportal.hu\/index.php\/wp-json\/wp\/v2\/media?parent=17537"}],"wp:term":[{"taxonomy":"category","embeddable":true,"href":"https:\/\/gazdasagportal.hu\/index.php\/wp-json\/wp\/v2\/categories?post=17537"},{"taxonomy":"post_tag","embeddable":true,"href":"https:\/\/gazdasagportal.hu\/index.php\/wp-json\/wp\/v2\/tags?post=17537"}],"curies":[{"name":"wp","href":"https:\/\/api.w.org\/{rel}","templated":true}]}}