{"id":17524,"date":"2013-09-28T09:55:21","date_gmt":"2013-09-28T07:55:21","guid":{"rendered":"http:\/\/stockportal.hu\/?p=17524"},"modified":"2013-09-28T09:56:33","modified_gmt":"2013-09-28T07:56:33","slug":"sziriai-polgarhaboru-az-ensz-bt-elfogadta-a-vegyi-fegyverek-megsemmisiteserol-szolo-hatarozatot","status":"publish","type":"post","link":"https:\/\/gazdasagportal.hu\/index.php\/sziriai-polgarhaboru-az-ensz-bt-elfogadta-a-vegyi-fegyverek-megsemmisiteserol-szolo-hatarozatot\/","title":{"rendered":"Sz\u00edriai polg\u00e1rh\u00e1bor\u00fa &#8211; Az ENSZ BT elfogadta a vegyi fegyverek megsemmis\u00edt\u00e9s\u00e9r\u0151l sz\u00f3l\u00f3 hat\u00e1rozatot"},"content":{"rendered":"<p><strong>Az ENSZ Biztons\u00e1gi Tan\u00e1csa egyhang\u00falag elfogadta a sz\u00edriai vegyi fegyverek megsemmis\u00edt\u00e9s\u00e9r\u0151l sz\u00f3l\u00f3 hat\u00e1rozatot helyi id\u0151 szerint p\u00e9ntek este New Yorkban &#8211; jelentette a CNN h\u00edrtelev\u00edzi\u00f3.<!--more--><\/strong><\/p>\n<p>Ez az els\u0151, jogilag k\u00f6telez\u0151 \u00e9rv\u00e9ny\u0171 BT-dokumentum Sz\u00edri\u00e1ra n\u00e9zve a fegyveres konfliktus kirobban\u00e1sa \u00f3ta. A kisziv\u00e1rogtatott hat\u00e1rozattervezetb\u0151l ismertt\u00e9 v\u00e1lt, hogy a dokumentum arra k\u00f6telezi Sz\u00edri\u00e1t, helyezze nemzetk\u00f6zi ellen\u0151rz\u00e9s al\u00e1 vegyi fegyvereit, \u00e9s tegye lehet\u0151v\u00e9 a fegyverszak\u00e9rt\u0151k sz\u00e1m\u00e1ra a fegyverrakt\u00e1rokhoz val\u00f3 akad\u00e1lytalan hozz\u00e1f\u00e9r\u00e9st. A BT-hat\u00e1rozat szerint amennyiben Damaszkusz ennek nem tesz eleget, akkor egy \u00fajabb BT-hat\u00e1rozatot kell elfogadni ahhoz, hogy az ENSZ Alapokm\u00e1ny\u00e1nak hetedik fejezet\u00e9vel \u00f6sszhangban a nemzetk\u00f6zi k\u00f6z\u00f6ss\u00e9g ak\u00e1r er\u0151 alkalmaz\u00e1s\u00e1val kik\u00e9nyszer\u00edtse a k\u00f6vetel\u00e9sek v\u00e9grehajt\u00e1s\u00e1t.(MTI)<\/p>\n","protected":false},"excerpt":{"rendered":"<p>Az ENSZ Biztons\u00e1gi Tan\u00e1csa egyhang\u00falag elfogadta a sz\u00edriai vegyi fegyverek megsemmis\u00edt\u00e9s\u00e9r\u0151l sz\u00f3l\u00f3 hat\u00e1rozatot helyi id\u0151 szerint p\u00e9ntek este New Yorkban &#8211; jelentette a CNN h\u00edrtelev\u00edzi\u00f3.<\/p>\n","protected":false},"author":1,"featured_media":0,"comment_status":"open","ping_status":"closed","sticky":false,"template":"","format":"standard","meta":[],"categories":[16,116],"tags":[],"_links":{"self":[{"href":"https:\/\/gazdasagportal.hu\/index.php\/wp-json\/wp\/v2\/posts\/17524"}],"collection":[{"href":"https:\/\/gazdasagportal.hu\/index.php\/wp-json\/wp\/v2\/posts"}],"about":[{"href":"https:\/\/gazdasagportal.hu\/index.php\/wp-json\/wp\/v2\/types\/post"}],"author":[{"embeddable":true,"href":"https:\/\/gazdasagportal.hu\/index.php\/wp-json\/wp\/v2\/users\/1"}],"replies":[{"embeddable":true,"href":"https:\/\/gazdasagportal.hu\/index.php\/wp-json\/wp\/v2\/comments?post=17524"}],"version-history":[{"count":3,"href":"https:\/\/gazdasagportal.hu\/index.php\/wp-json\/wp\/v2\/posts\/17524\/revisions"}],"predecessor-version":[{"id":17526,"href":"https:\/\/gazdasagportal.hu\/index.php\/wp-json\/wp\/v2\/posts\/17524\/revisions\/17526"}],"wp:attachment":[{"href":"https:\/\/gazdasagportal.hu\/index.php\/wp-json\/wp\/v2\/media?parent=17524"}],"wp:term":[{"taxonomy":"category","embeddable":true,"href":"https:\/\/gazdasagportal.hu\/index.php\/wp-json\/wp\/v2\/categories?post=17524"},{"taxonomy":"post_tag","embeddable":true,"href":"https:\/\/gazdasagportal.hu\/index.php\/wp-json\/wp\/v2\/tags?post=17524"}],"curies":[{"name":"wp","href":"https:\/\/api.w.org\/{rel}","templated":true}]}}