{"id":17470,"date":"2013-09-27T15:04:55","date_gmt":"2013-09-27T13:04:55","guid":{"rendered":"http:\/\/stockportal.hu\/?p=17470"},"modified":"2013-10-04T13:05:24","modified_gmt":"2013-10-04T11:05:24","slug":"bajban-a-mol-elfogatoparancs-hernadi-zsolt-mol-vezer-ellen","status":"publish","type":"post","link":"https:\/\/gazdasagportal.hu\/index.php\/bajban-a-mol-elfogatoparancs-hernadi-zsolt-mol-vezer-ellen\/","title":{"rendered":"Bajban a MOL, elfogat\u00f3parancs Hern\u00e1di Zsolt, Mol-vez\u00e9r ellen"},"content":{"rendered":"<div><strong>Elfogat\u00f3parancsot adtak ki a Mol-vez\u00e9r ellen. Elfogat\u00f3parancsot adott ki Hern\u00e1di Zsolt, Mol-vez\u00e9r ellen a horv\u00e1t \u00e1llam, miut\u00e1n a Mol-INA k\u00f6r\u00fcli korrupci\u00f3s botr\u00e1ny kirobban\u00e1s\u00e1t k\u00f6vet\u0151en Hern\u00e1di nem jelent meg a kihallgat\u00e1son, van f\u00e9lnival\u00f3ja a Molnak, a horv\u00e1tok nagyobb belesz\u00f3l\u00e1st szeretn\u00e9nek az INA \u00fcgyeibe.<!--more--><\/strong><\/div>\n<div><\/div>\n<p><object width=\"480\" height=\"270\" data=\"http:\/\/gazdasagtv.hu\/embed\/?id=5795\" type=\"application\/x-shockwave-flash\"><param value=\"http:\/\/gazdasagtv.hu\/embed\/?id=5795\" name=\"data\"><param value=\"http:\/\/gazdasagtv.hu\/embed\/?id=5795\" name=\"src\"><param value=\"false\" name=\"menu\"><param value=\"high\" name=\"quality\"><param value=\"#000000\" name=\"bgcolor\"><param value=\"transparent\" name=\"wmode\"><param value=\"file=http:\/\/88.151.99.192\/video\/2013-09-27\/gtv-tozsdelive-kbc-2013-09-27-hd.mp4&#038;image=http:\/\/88.151.99.192\/image\/gen\/2013-09-27\/5795.jpg&#038;showdigits=true&#038;autostart=false&#038;repeat=false&#038;dock=true&#038;controlbar=over&#038;plugins=http:\/\/plugins.longtailvideo.com\/yourlytics-1.swf,timeslidertooltipplugin-2&#038;skin=http:\/\/gazdasagtv.hu\/swf\/skin.zip\" name=\"flashvars\"><\/object><br \/>Forr\u00e1s: <a href=\"http:\/\/gazdasagtv.hu\" style=\"color: #df1100; font-weight: bold; text-decoration: none;\" target=\"_blank\" rel=\"noopener\">Gazdas\u00e1gTV.hu<\/a><\/p>\n","protected":false},"excerpt":{"rendered":"<p>Elfogat\u00f3parancsot adtak ki a Mol-vez\u00e9r ellen. Elfogat\u00f3parancsot adott ki Hern\u00e1di Zsolt, Mol-vez\u00e9r ellen a horv\u00e1t \u00e1llam, miut\u00e1n a Mol-INA k\u00f6r\u00fcli korrupci\u00f3s botr\u00e1ny kirobban\u00e1s\u00e1t k\u00f6vet\u0151en Hern\u00e1di nem jelent meg a kihallgat\u00e1son, van f\u00e9lnival\u00f3ja a Molnak, a horv\u00e1tok nagyobb belesz\u00f3l\u00e1st szeretn\u00e9nek az INA \u00fcgyeibe.<\/p>\n","protected":false},"author":1,"featured_media":0,"comment_status":"open","ping_status":"closed","sticky":false,"template":"","format":"standard","meta":[],"categories":[19,7,18],"tags":[125],"_links":{"self":[{"href":"https:\/\/gazdasagportal.hu\/index.php\/wp-json\/wp\/v2\/posts\/17470"}],"collection":[{"href":"https:\/\/gazdasagportal.hu\/index.php\/wp-json\/wp\/v2\/posts"}],"about":[{"href":"https:\/\/gazdasagportal.hu\/index.php\/wp-json\/wp\/v2\/types\/post"}],"author":[{"embeddable":true,"href":"https:\/\/gazdasagportal.hu\/index.php\/wp-json\/wp\/v2\/users\/1"}],"replies":[{"embeddable":true,"href":"https:\/\/gazdasagportal.hu\/index.php\/wp-json\/wp\/v2\/comments?post=17470"}],"version-history":[{"count":2,"href":"https:\/\/gazdasagportal.hu\/index.php\/wp-json\/wp\/v2\/posts\/17470\/revisions"}],"predecessor-version":[{"id":18072,"href":"https:\/\/gazdasagportal.hu\/index.php\/wp-json\/wp\/v2\/posts\/17470\/revisions\/18072"}],"wp:attachment":[{"href":"https:\/\/gazdasagportal.hu\/index.php\/wp-json\/wp\/v2\/media?parent=17470"}],"wp:term":[{"taxonomy":"category","embeddable":true,"href":"https:\/\/gazdasagportal.hu\/index.php\/wp-json\/wp\/v2\/categories?post=17470"},{"taxonomy":"post_tag","embeddable":true,"href":"https:\/\/gazdasagportal.hu\/index.php\/wp-json\/wp\/v2\/tags?post=17470"}],"curies":[{"name":"wp","href":"https:\/\/api.w.org\/{rel}","templated":true}]}}