{"id":17454,"date":"2013-09-27T13:02:15","date_gmt":"2013-09-27T11:02:15","guid":{"rendered":"http:\/\/stockportal.hu\/?p=17454"},"modified":"2013-09-27T13:02:21","modified_gmt":"2013-09-27T11:02:21","slug":"londoni-elemzok-javulnak-a-magyar-es-a-tersegi-novekedes-kilatasai","status":"publish","type":"post","link":"https:\/\/gazdasagportal.hu\/index.php\/londoni-elemzok-javulnak-a-magyar-es-a-tersegi-novekedes-kilatasai\/","title":{"rendered":"Londoni elemz\u0151k: javulnak a magyar \u00e9s a t\u00e9rs\u00e9gi n\u00f6veked\u00e9s kil\u00e1t\u00e1sai"},"content":{"rendered":"<p><strong>Javulnak az eur\u00f3pai felt\u00f6rekv\u0151 gazdas\u00e1gok, k\u00f6zt\u00fck Magyarorsz\u00e1g n\u00f6veked\u00e9si kil\u00e1t\u00e1sai, b\u00e1r a magyar gazdas\u00e1g eset\u00e9ben a lend\u00fclet egy r\u00e9sze a k\u00f6lts\u00e9gvet\u00e9si politika lazul\u00e1s\u00e1nak kereslet\u00e9l\u00e9nk\u00edt\u0151 hat\u00e1s\u00e1b\u00f3l ered, \u00e9s a beruh\u00e1z\u00e1sok \u00e9l\u00e9nk\u00fcl\u00e9s\u00e9ben egyel\u0151re az \u00e1llam j\u00e1tssza a vezet\u0151 szerepet &#8211; v\u00e9lekedtek p\u00e9nteken ismertetett \u00faj region\u00e1lis el\u0151rejelz\u00e9seikben londoni p\u00e9nz\u00fcgyi elemz\u0151k.<!--more--><\/strong><\/p>\n<p>A City egyik legnagyobb befektet\u00e9si bankcsoportja, a Barclays a glob\u00e1lis felz\u00e1rk\u00f3z\u00f3 t\u00e9rs\u00e9gr\u0151l \u00f6ssze\u00e1ll\u00edtott \u00e1tfog\u00f3 negyed\u00e9ves progn\u00f3zis\u00e1ban k\u00f6z\u00f6lte, hogy az eddigi 0,5 sz\u00e1zal\u00e9kr\u00f3l 0,7 sz\u00e1zal\u00e9kra jav\u00edtotta a magyar gazdas\u00e1g idei n\u00f6veked\u00e9si \u00fctem\u00e9re adott becsl\u00e9s\u00e9t, 2014-re sz\u00f3l\u00f3 el\u0151rejelz\u00e9s\u00e9t ugyanakkor csaknem megk\u00e9tszerezte: az \u00e1ltala eddig v\u00e1rt 1,1 sz\u00e1zal\u00e9kos b\u0151v\u00fcl\u00e9s helyett most m\u00e1r 2,0 sz\u00e1zal\u00e9kos GDP-n\u00f6veked\u00e9st v\u00e1r Magyarorsz\u00e1gon j\u00f6v\u0151re.<br \/>\nA Barclays londoni szakelemz\u0151i szerint a magyar gazdas\u00e1g lend\u00fclete els\u0151sorban az \u00e9l\u00e9nk\u00fcl\u0151 eur\u00f3\u00f6vezeti n\u00f6veked\u00e9sb\u0151l \u00e9s a Magyar Nemzeti Bank (MNB) n\u00f6veked\u00e9si hitelprogramj\u00e1b\u00f3l ered. A h\u00e1z k\u00f6zgazd\u00e1szai megjegyezt\u00e9k ugyanakkor, hogy a beruh\u00e1z\u00e1sok m\u00e1sodik negyed\u00e9vi n\u00f6veked\u00e9s\u00e9t kiz\u00e1r\u00f3lag az \u00e1llami beruh\u00e1z\u00e1si aktivit\u00e1s okozta, \u00e9s a Barclays szerint nem biztos, hogy ez fenntarthat\u00f3.<br \/>\nA c\u00e9g elemz\u0151i kiemelik azt is, hogy a hazai \u00f6sszterm\u00e9khez m\u00e9rt beruh\u00e1z\u00e1si r\u00e1ta jelent\u0151sen, a 2008 el\u0151tti id\u0151szakra jellemz\u0151 24 sz\u00e1zal\u00e9kr\u00f3l 17 sz\u00e1zal\u00e9kra esett vissza. A Barclays londoni szak\u00e9rt\u0151inek meg\u00edt\u00e9l\u00e9se szerint ez azt jelenti, hogy a magyar gazdas\u00e1gban ebben az id\u0151szakban \u00f6sszess\u00e9g\u00e9ben nem n\u00f6vekedett a produkt\u00edv kapacit\u00e1s.<br \/>\nA Barclays elemz\u0151i k\u00f6z\u00f6lt\u00e9k, hogy v\u00e9lem\u00e9ny\u00fck szerint &#8211; j\u00f3llehet az idei \u00e1llamh\u00e1ztart\u00e1si hi\u00e1ny magasabb lesz a tavalyin\u00e1l &#8211; a magyar korm\u00e1ny az id\u00e9n is a GDP-\u00e9rt\u00e9k 3 sz\u00e1zal\u00e9ka alatt tartja a deficitet, &#8222;elker\u00fclend\u0151 a probl\u00e9m\u00e1kat az EU-val&#8221;. N\u0151ttek ugyan a k\u00f6lts\u00e9gvet\u00e9si kiad\u00e1sok, de ehhez bev\u00e9teln\u00f6vel\u0151 int\u00e9zked\u00e9sek is t\u00e1rsultak &#8211; hangs\u00falyozz\u00e1k p\u00e9nteki \u00e9rt\u00e9kel\u00e9s\u00fckben a Barclays londoni szak\u00e9rt\u0151i.<br \/>\nA City egyik legnagyobb p\u00e9nz\u00fcgyi-gazdas\u00e1gi elemz\u0151h\u00e1za, a Capital Economics p\u00e9nteken ismertetett t\u00e9rs\u00e9gi el\u0151rejelz\u00e9s\u00e9ben k\u00f6z\u00f6lte, hogy az \u00e1ltala vizsg\u00e1lt legut\u00f3bbi aktivit\u00e1si adatok az eur\u00f3pai felt\u00f6rekv\u0151 gazdas\u00e1gok n\u00f6veked\u00e9s\u00e9nek folytat\u00f3d\u00e1s\u00e1ra utalnak, \u00e9s a t\u00e1gabb \u00e9rtelemben vett t\u00e9rs\u00e9gen bel\u00fcl K\u00f6z\u00e9p-Eur\u00f3pa &#8211; k\u00fcl\u00f6n\u00f6sen Lengyelorsz\u00e1g &#8211; a n\u00f6veked\u00e9s \u00e9llovasa.<br \/>\nA Capital Economics londoni k\u00f6zgazd\u00e1szai k\u00f6z\u00f6lt\u00e9k, hogy az \u00e1ltaluk haszn\u00e1lt n\u00f6veked\u00e9sk\u00f6vet\u0151 m\u00e9r\u00e9si modell &#8211; GDP tracker &#8211; jelz\u00e9se szerint a magyar hazai \u00f6sszterm\u00e9k az idei harmadik negyed\u00e9v elej\u00e9n, \u00e9ves \u00f6sszevet\u00e9sben 0,5 sz\u00e1zal\u00e9k k\u00f6r\u00fcli \u00fctemben n\u00f6vekedhetett.<br \/>\nA h\u00e1z szerint a magyar gazdas\u00e1got jelenleg els\u0151sorban az eur\u00f3\u00f6vezeti lend\u00fclet seg\u00edti, de \u00fagy t\u0171nik, hogy most m\u00e1r a hazai kereslet is \u00e9l\u00e9nk\u00fcl.<br \/>\nA deficitadatok azonban arra is utalnak, hogy a korm\u00e1ny &#8222;laz\u00edtott a k\u00f6lts\u00e9gvet\u00e9si b\u00e9kly\u00f3n&#8221;. Ez v\u00e1rhat\u00f3an tov\u00e1bb \u00e9l\u00e9nk\u00edti a hazai keresletet, mindazon\u00e1ltal azt is val\u00f3sz\u00edn\u0171s\u00edti, hogy az idei \u00e1llamh\u00e1ztart\u00e1si c\u00e9l nem teljes\u00fcl &#8211; v\u00e9lekedtek a Capital Economics londoni elemz\u0151i.<br \/>\nA fisk\u00e1lis \u00e9s monet\u00e1ris kereslet\u00e9l\u00e9nk\u00edt\u0151 int\u00e9zked\u00e9sek m\u00e1s nagy londoni h\u00e1zak szerint is egyre ink\u00e1bb megmutatkoznak a magyar gazdas\u00e1g n\u00f6veked\u00e9si teljes\u00edtm\u00e9ny\u00e9n.<br \/>\nA Bank of America-Merrill Lynch bankcsoport londoni elemz\u0151r\u00e9szleg\u00e9nek (BofA Merrill Lynch Global Research) felz\u00e1rk\u00f3z\u00f3 piacokkal foglalkoz\u00f3 k\u00f6zgazd\u00e1szai, akik nemr\u00e9giben Budapesten tettek t\u00e1j\u00e9koz\u00f3d\u00f3 l\u00e1togat\u00e1st, tapasztalataikr\u00f3l befektet\u0151knek \u00f6ssze\u00e1ll\u00edtott, minap Londonban ismertetett elemz\u00e9s\u00fckben meger\u0151s\u00edtett\u00e9k azt az el\u0151rejelz\u00e9s\u00fcket, hogy a magyar gazdas\u00e1g teljes\u00edtm\u00e9nye 2014-ben 2,6 sz\u00e1zal\u00e9kkal n\u00f6vekedhet.<br \/>\nA c\u00e9g szak\u00e9rt\u0151i elismert\u00e9k, hogy ez messze meghaladja a londoni elemz\u0151i k\u00f6z\u00f6ss\u00e9g el\u0151rejelz\u00e9si \u00e1tlag\u00e1t, amely 1,5 sz\u00e1zal\u00e9kos GDP-n\u00f6veked\u00e9st val\u00f3sz\u00edn\u0171s\u00edt j\u00f6v\u0151re a magyar gazdas\u00e1gban.<br \/>\nA Bank of America-Merrill Lynch k\u00f6zgazd\u00e1szai szerint ugyanakkor k\u00e9t olyan t\u00e9nyez\u0151 is van, amely al\u00e1t\u00e1masztja n\u00f6veked\u00e9si v\u00e1rakoz\u00e1sukat. Az egyik az, hogy a k\u00f6lts\u00e9gvet\u00e9si \u00e9s a monet\u00e1ris politika most m\u00e1r egyar\u00e1nt a n\u00f6veked\u00e9s \u00e9l\u00e9nk\u00edt\u00e9s\u00e9re \u00f6sszpontos\u00edt, a m\u00e1sik az, hogy a hazai kereslet \u00f6t\u00e9vi zsugorod\u00e1s ut\u00e1n val\u00f3sz\u00edn\u0171leg el\u00e9rte m\u00e9lypontj\u00e1t.(MTI)<\/p>\n","protected":false},"excerpt":{"rendered":"<p>Javulnak az eur\u00f3pai felt\u00f6rekv\u0151 gazdas\u00e1gok, k\u00f6zt\u00fck Magyarorsz\u00e1g n\u00f6veked\u00e9si kil\u00e1t\u00e1sai, b\u00e1r a magyar gazdas\u00e1g eset\u00e9ben a lend\u00fclet egy r\u00e9sze a k\u00f6lts\u00e9gvet\u00e9si politika lazul\u00e1s\u00e1nak kereslet\u00e9l\u00e9nk\u00edt\u0151 hat\u00e1s\u00e1b\u00f3l ered, \u00e9s a beruh\u00e1z\u00e1sok \u00e9l\u00e9nk\u00fcl\u00e9s\u00e9ben egyel\u0151re az \u00e1llam j\u00e1tssza a vezet\u0151 szerepet &#8211; v\u00e9lekedtek p\u00e9nteken ismertetett \u00faj region\u00e1lis el\u0151rejelz\u00e9seikben londoni p\u00e9nz\u00fcgyi elemz\u0151k.<\/p>\n","protected":false},"author":1,"featured_media":0,"comment_status":"open","ping_status":"closed","sticky":false,"template":"","format":"standard","meta":[],"categories":[19],"tags":[],"_links":{"self":[{"href":"https:\/\/gazdasagportal.hu\/index.php\/wp-json\/wp\/v2\/posts\/17454"}],"collection":[{"href":"https:\/\/gazdasagportal.hu\/index.php\/wp-json\/wp\/v2\/posts"}],"about":[{"href":"https:\/\/gazdasagportal.hu\/index.php\/wp-json\/wp\/v2\/types\/post"}],"author":[{"embeddable":true,"href":"https:\/\/gazdasagportal.hu\/index.php\/wp-json\/wp\/v2\/users\/1"}],"replies":[{"embeddable":true,"href":"https:\/\/gazdasagportal.hu\/index.php\/wp-json\/wp\/v2\/comments?post=17454"}],"version-history":[{"count":3,"href":"https:\/\/gazdasagportal.hu\/index.php\/wp-json\/wp\/v2\/posts\/17454\/revisions"}],"predecessor-version":[{"id":17456,"href":"https:\/\/gazdasagportal.hu\/index.php\/wp-json\/wp\/v2\/posts\/17454\/revisions\/17456"}],"wp:attachment":[{"href":"https:\/\/gazdasagportal.hu\/index.php\/wp-json\/wp\/v2\/media?parent=17454"}],"wp:term":[{"taxonomy":"category","embeddable":true,"href":"https:\/\/gazdasagportal.hu\/index.php\/wp-json\/wp\/v2\/categories?post=17454"},{"taxonomy":"post_tag","embeddable":true,"href":"https:\/\/gazdasagportal.hu\/index.php\/wp-json\/wp\/v2\/tags?post=17454"}],"curies":[{"name":"wp","href":"https:\/\/api.w.org\/{rel}","templated":true}]}}