{"id":17452,"date":"2013-09-27T12:30:23","date_gmt":"2013-09-27T10:30:23","guid":{"rendered":"http:\/\/stockportal.hu\/?p=17452"},"modified":"2013-09-27T12:30:25","modified_gmt":"2013-09-27T10:30:25","slug":"sziriai-polgarhaboru-keso-este-vitatja-meg-a-hagai-testulet-a-sziriai-vegyi-fegyverek-megsemmisitesenek-tervet","status":"publish","type":"post","link":"https:\/\/gazdasagportal.hu\/index.php\/sziriai-polgarhaboru-keso-este-vitatja-meg-a-hagai-testulet-a-sziriai-vegyi-fegyverek-megsemmisitesenek-tervet\/","title":{"rendered":"Sz\u00edriai polg\u00e1rh\u00e1bor\u00fa &#8211; K\u00e9s\u0151 este vitatja meg a h\u00e1gai test\u00fclet a sz\u00edriai vegyi fegyverek megsemmis\u00edt\u00e9s\u00e9nek terv\u00e9t"},"content":{"rendered":"<p><strong>P\u00e9ntek este t\u00edz \u00f3rakor \u00fcl \u00f6ssze H\u00e1g\u00e1ban a vegyi fegyvereket tilt\u00f3 nemzetk\u00f6zi szerz\u0151d\u00e9s v\u00e9grehajt\u00e1s\u00e1nak fel\u00fcgyelet\u00e9re hivatott szervezet (OPCW) v\u00e9grehajt\u00f3 tan\u00e1csa, hogy megvitassa a sz\u00edriai vegyi fegyverek nemzetk\u00f6zi ellen\u0151rz\u00e9s al\u00e1 helyez\u00e9s\u00e9r\u0151l \u00e9s megsemmis\u00edt\u00e9s\u00e9r\u0151l kidolgozott amerikai-orosz menetrendet &#8211; k\u00f6z\u00f6lte az OPCW. A m\u00e9di\u00e1nak kisziv\u00e1rogtatott menetrend \u00e9rtelm\u00e9ben a sz\u00edriai k\u00e9szletek nemzetk\u00f6zi fel\u00fcgyelet al\u00e1 helyez\u00e9se j\u00f6v\u0151 kedden kezd\u0151dhetne.<!--more--><\/strong><\/p>\n<p>A k\u00f6zel k\u00e9t h\u00e9ttel ezel\u0151tt kidolgozott menetrend OPCW-elfogad\u00e1s\u00e1t el\u0151felt\u00e9telnek tekintik az ENSZ Biztons\u00e1gi Tan\u00e1cs\u00e1ban (BT) ahhoz, hogy megszavazz\u00e1k a szint\u00e9n k\u00e9nyes diplom\u00e1ciai egyezked\u00e9sek sor\u00e1n v\u00e9g\u00fcl is megfogalmazott hat\u00e1rozattervezetet Sz\u00edri\u00e1val kapcsolatban.<br \/>\nA hat\u00e1rozattervezetr\u0151l, amely a vegyi fegyverek \u00e1tad\u00e1s\u00e1nak k\u00f6telezetts\u00e9g\u00e9t r\u00f3ja Damaszkuszra, az \u00e1tad\u00e1si-megsemmis\u00edt\u00e9si menetrend OPCW-j\u00f3v\u00e1hagy\u00e1sa ut\u00e1n ak\u00e1r azonnal, teh\u00e1t eur\u00f3pai id\u0151 szerint m\u00e1r szombaton hajnalban szavazhat a BT. A sz\u00f6vegez\u00e9s az\u00e9rt h\u00faz\u00f3dott el, mert a test\u00fclet v\u00e9t\u00f3joggal rendelkez\u0151 \u00e1lland\u00f3 tagjai k\u00f6z\u00fcl Oroszorsz\u00e1g ellenezte, hogy a hat\u00e1rozatban sz\u00fcks\u00e9g eset\u00e9re kil\u00e1t\u00e1sba helyezz\u00e9k er\u0151 alkalmaz\u00e1s\u00e1t Sz\u00edria ellen, az ENSZ Alapokm\u00e1ny\u00e1nak hetedik fejezet\u00e9vel \u00f6sszhangban. A hat\u00e1rozattervezet a kisziv\u00e1rogtat\u00e1sok szerint ugyan eml\u00edt &#8222;int\u00e9zked\u00e9seket&#8221; ilyen esetre, de nem konkretiz\u00e1lja azokat.<br \/>\nA h\u00e1gai sz\u00e9khely\u0171 OPCW az 1997-ben k\u00f6t\u00f6tt vegyifegyver-konvenci\u00f3 v\u00e9grehajt\u00e1s\u00e1t k\u00eds\u00e9ri figyelemmel, valamint technikai jelleg\u0171 seg\u00edts\u00e9get ny\u00fajt a r\u00e9szes \u00e1llamoknak a vegyi fegyverek megsemmis\u00edt\u00e9s\u00e9hez. F\u00fcggetlen szervezet, de szorosan egy\u00fcttm\u0171k\u00f6dik az ENSZ-szel. Vegyi fegyverek alkalmaz\u00e1s\u00e1nak gyan\u00faja eset\u00e9n az OPCW ellen\u0151r\u00f6ket k\u00fcldhet ak\u00e1r vegyi \u00fczemekbe is, hogy megbizonyosodjon afel\u0151l, a gyan\u00faba keveredett \u00e1llam val\u00f3ban csak polg\u00e1ri c\u00e9lokra \u00e1ll\u00edt el\u0151 vegyi anyagokat. Az egyezm\u00e9ny l\u00e9trehoz\u00e1sa \u00f3ta 86 orsz\u00e1gban t\u00f6bb mint \u00f6tezer ellen\u0151rz\u00e9st hajtottak v\u00e9gre.<br \/>\nL\u00e9trej\u00f6tte \u00f3ta 189 \u00e1llam csatlakozott a vegyi fegyvereket betilt\u00f3 egyezm\u00e9nyhez, Sz\u00edria hivatalos csatlakoz\u00e1sa okt\u00f3ber 14-\u00e9n v\u00e1rhat\u00f3. Az OPCW adatai szerint eddig 58 ezer tonna olyan vegyi fegyvert semmis\u00edtettek meg, amelyek megl\u00e9t\u00e9r\u0151l az \u00e1llamok bejelent\u00e9st tettek.<br \/>\nAz OPCW h\u00e1gai ir\u00e1ny\u00edt\u00f3 test\u00fclet\u00e9nek mintegy 490 munkat\u00e1rsa van, k\u00f6zt\u00fck k\u00e9tsz\u00e1z ellen\u0151r. A szervezet adminisztrat\u00edv vezet\u0151je 2010 \u00f3ta Ahmet \u00dcz\u00fcmc\u00fc t\u00f6r\u00f6k diplomata. A v\u00e9grehajt\u00f3 tan\u00e1cs, amely k\u00e9s\u0151 este v\u00e1rhat\u00f3an d\u00f6nt a sz\u00edriai vegyifegyver-k\u00e9szletek \u00fcgy\u00e9ben kidolgozott amerikai-orosz menetrendr\u0151l, 41 tagb\u00f3l \u00e1ll. (MTI)<\/p>\n","protected":false},"excerpt":{"rendered":"<p>P\u00e9ntek este t\u00edz \u00f3rakor \u00fcl \u00f6ssze H\u00e1g\u00e1ban a vegyi fegyvereket tilt\u00f3 nemzetk\u00f6zi szerz\u0151d\u00e9s v\u00e9grehajt\u00e1s\u00e1nak fel\u00fcgyelet\u00e9re hivatott szervezet (OPCW) v\u00e9grehajt\u00f3 tan\u00e1csa, hogy megvitassa a sz\u00edriai vegyi fegyverek nemzetk\u00f6zi ellen\u0151rz\u00e9s al\u00e1 helyez\u00e9s\u00e9r\u0151l \u00e9s megsemmis\u00edt\u00e9s\u00e9r\u0151l kidolgozott amerikai-orosz menetrendet &#8211; k\u00f6z\u00f6lte az OPCW. A m\u00e9di\u00e1nak kisziv\u00e1rogtatott menetrend \u00e9rtelm\u00e9ben a sz\u00edriai k\u00e9szletek nemzetk\u00f6zi fel\u00fcgyelet al\u00e1 helyez\u00e9se j\u00f6v\u0151 kedden kezd\u0151dhetne.<\/p>\n","protected":false},"author":1,"featured_media":0,"comment_status":"open","ping_status":"closed","sticky":false,"template":"","format":"standard","meta":[],"categories":[16,116],"tags":[],"_links":{"self":[{"href":"https:\/\/gazdasagportal.hu\/index.php\/wp-json\/wp\/v2\/posts\/17452"}],"collection":[{"href":"https:\/\/gazdasagportal.hu\/index.php\/wp-json\/wp\/v2\/posts"}],"about":[{"href":"https:\/\/gazdasagportal.hu\/index.php\/wp-json\/wp\/v2\/types\/post"}],"author":[{"embeddable":true,"href":"https:\/\/gazdasagportal.hu\/index.php\/wp-json\/wp\/v2\/users\/1"}],"replies":[{"embeddable":true,"href":"https:\/\/gazdasagportal.hu\/index.php\/wp-json\/wp\/v2\/comments?post=17452"}],"version-history":[{"count":2,"href":"https:\/\/gazdasagportal.hu\/index.php\/wp-json\/wp\/v2\/posts\/17452\/revisions"}],"predecessor-version":[{"id":17459,"href":"https:\/\/gazdasagportal.hu\/index.php\/wp-json\/wp\/v2\/posts\/17452\/revisions\/17459"}],"wp:attachment":[{"href":"https:\/\/gazdasagportal.hu\/index.php\/wp-json\/wp\/v2\/media?parent=17452"}],"wp:term":[{"taxonomy":"category","embeddable":true,"href":"https:\/\/gazdasagportal.hu\/index.php\/wp-json\/wp\/v2\/categories?post=17452"},{"taxonomy":"post_tag","embeddable":true,"href":"https:\/\/gazdasagportal.hu\/index.php\/wp-json\/wp\/v2\/tags?post=17452"}],"curies":[{"name":"wp","href":"https:\/\/api.w.org\/{rel}","templated":true}]}}