{"id":17450,"date":"2013-09-27T12:10:04","date_gmt":"2013-09-27T10:10:04","guid":{"rendered":"http:\/\/stockportal.hu\/?p=17450"},"modified":"2013-09-27T12:10:04","modified_gmt":"2013-09-27T10:10:04","slug":"sziriai-polgarhaboru-a-vegyi-fegyverek-nagy-resze-nem-bevetheto-konnyen-megsemmisithetok","status":"publish","type":"post","link":"https:\/\/gazdasagportal.hu\/index.php\/sziriai-polgarhaboru-a-vegyi-fegyverek-nagy-resze-nem-bevetheto-konnyen-megsemmisithetok\/","title":{"rendered":"Sz\u00edriai polg\u00e1rh\u00e1bor\u00fa &#8211; A vegyi fegyverek nagy r\u00e9sze nem bevethet\u0151, k\u00f6nnyen megsemmis\u00edthet\u0151k"},"content":{"rendered":"<p><strong>Nem bevethet\u0151 form\u00e1ban t\u00e1rolj\u00e1k a sz\u00edriai vegyi fegyverek t\u00f6bb mint k\u00e9tharmad\u00e1t, ez\u00e9rt azok viszonylag gyorsan \u00e9s egyszer\u0171en megsemmis\u00edthet\u0151k &#8211; \u00edrta honlapj\u00e1n egy szigor\u00faan bizalmas amerikai-orosz jelent\u00e9sre hivatkozva a The Washington Post amerikai napilap p\u00e9nteken.<!--more--><\/strong><\/p>\n<p>A lap szerint a sz\u00edriai vegyifegyver-program nagyj\u00e1b\u00f3l kilenc h\u00f3nap alatt felsz\u00e1molhat\u00f3. A jelent\u00e9sben foglaltak alapj\u00e1n m\u00e9rs\u00e9kelt az es\u00e9lye annak, hogy a harci g\u00e1zok terrorist\u00e1k kez\u00e9be ker\u00fcljenek vagy a korm\u00e1ny eltitkolhassa a k\u00e9szlet egy r\u00e9sz\u00e9t a nemzetk\u00f6zi ellen\u0151r\u00f6k el\u0151l.<br \/>\nAz orosz \u00e9s amerikai h\u00edrszerz\u00e9si inform\u00e1ci\u00f3kon alapul\u00f3 dokumentum azt \u00e1ll\u00edtja, hogy Sz\u00edri\u00e1nak t\u00f6bb mint ezer tonn\u00e1nyi vegyi fegyvere van, amelyb\u0151l 300 tonna bevethet\u0151 \u00e1llapot\u00fa must\u00e1rg\u00e1z, a marad\u00e9k viszont idegg\u00e1zok elk\u00e9sz\u00edt\u00e9s\u00e9hez haszn\u00e1latos, cseppfoly\u00f3s form\u00e1ban t\u00e1rolt el\u0151vegy\u00fcletekb\u0151l \u00e1ll. A bevet\u00e9shez az el\u0151vegy\u00fcleteket speci\u00e1lis berendez\u00e9sek seg\u00edts\u00e9g\u00e9vel \u00f6ssze kell keverni egym\u00e1ssal \u00e9s robban\u00f3fejekbe kell t\u00f6lteni.<br \/>\nA The Washington Post \u00e1ltal megsz\u00f3laltatott szak\u00e9rt\u0151k szerint az el\u0151vegy\u00fcleteket j\u00f3val k\u00f6nnyebb elpuszt\u00edtani, mint a bevet\u00e9sre k\u00e9sz szaring\u00e1zt. Emellett a vegyifegyver-program felsz\u00e1mol\u00e1s\u00e1val megb\u00edzand\u00f3 nemzetk\u00f6zi ellen\u0151r\u00f6knek \u00edgy el\u00e9g lesz a k\u00e9t el\u0151vegy\u00fclet egyik\u00e9t lefoglalniuk vagy a kever\u00e9shez haszn\u00e1lt eszk\u00f6z\u00f6ket elpuszt\u00edtaniuk ahhoz, hogy megakad\u00e1lyozz\u00e1k az \u00fajabb idegg\u00e1z-t\u00e1mad\u00e1sokat.<br \/>\nA lap k\u00e9t, a jelent\u00e9sr\u0151l t\u00e1j\u00e9koztatott forr\u00e1sa szerint a ki-ki\u00fajul\u00f3 politikai fesz\u00fclts\u00e9gek \u00e9s n\u00e9zetelt\u00e9r\u00e9sek ellen\u00e9re az Egyes\u00fclt \u00c1llamok \u00e9s Oroszorsz\u00e1g k\u00f6z\u00f6tt nagyr\u00e9szt egyet\u00e9rt\u00e9s van a sz\u00edriai vegyifegyver-k\u00e9szletek jelleg\u00e9r\u0151l, illetve azok elpuszt\u00edt\u00e1s\u00e1nak m\u00f3dj\u00e1r\u00f3l.<br \/>\nSz\u00edria a m\u00falt h\u00e9t v\u00e9g\u00e9n \u00e1tadta vegyi fegyvereinek list\u00e1j\u00e1t a h\u00e1gai Vegyifegyver-tilalmi Szervezetnek (OPCW). Erre Damaszkuszt az az amerikai-orosz keretmeg\u00e1llapod\u00e1s k\u00f6telezte, amely Sz\u00edria vegyifegyver-k\u00e9szleteinek nemzetk\u00f6zi fel\u00fcgyelet al\u00e1 helyez\u00e9s\u00e9t \u00e9s elpuszt\u00edt\u00e1s\u00e1t rendelte el.<br \/>\nA sz\u00edriai list\u00e1t amerikai szak\u00e9rt\u0151k is \u00e1tvizsg\u00e1lt\u00e1k, \u00e9s &#8222;eg\u00e9sz j\u00f3nak&#8221; tal\u00e1lt\u00e1k a The Washington Post k\u00fcl\u00fcgyminiszt\u00e9riumi forr\u00e1sa szerint.<br \/>\nAz orosz-amerikai keretmeg\u00e1llapod\u00e1s azut\u00e1n k\u00f6ttetett meg, hogy Barack Obama amerikai eln\u00f6k katonai beavatkoz\u00e1st helyezett kil\u00e1t\u00e1sba Sz\u00edri\u00e1val szemben, megtorl\u00e1sul az\u00e9rt, mert a Bass\u00e1r el-Aszad eln\u00f6kh\u00f6z h\u0171 er\u0151k Washington szerint augusztus 21-\u00e9n vegyifegyver-t\u00e1mad\u00e1st hajtottak v\u00e9gre Damaszkusz k\u00f6rny\u00e9k\u00e9n.<br \/>\nAz ENSZ ellen\u0151rei az\u00f3ta meger\u0151s\u00edtett\u00e9k, hogy szarin nev\u0171 m\u00e9rgez\u0151 g\u00e1zt vetettek be a t\u00e1mad\u00e1s sor\u00e1n, de azt nem \u00e1llap\u00edtott\u00e1k meg, hogy ez\u00e9rt melyik f\u00e9l volt a felel\u0151s. A Washington Post szerint amerikai h\u00edrszerz\u00e9si forr\u00e1sok meger\u0151s\u00edtett\u00e9k, hogy sz\u00edriai katon\u00e1k h\u00e1rom nappal a t\u00e1mad\u00e1s el\u0151tt el\u0151vegy\u00fcleteket kevertek. Kor\u00e1bban t\u00f6bb k\u00f6zvetett bizony\u00edt\u00e9k alapj\u00e1n Washington, valamint t\u00f6bb m\u00e1s nyugati \u00e9s civil szervezet is egy\u00e9rtelm\u0171nek nevezte, hogy az Aszad-rezsim felel\u0151s a t\u00e1mad\u00e1s\u00e9rt. (MTI)<br \/>\n<a title=\"Hely megnyit\u00e1sa\" href=\"http:\/\/www.washingtonpost.com\/world\/national-security\/most-of-syrias-toxins-can-be-destroyed-more-easily-than-officials-initially-thought\/2013\/09\/26\/66cd1ca2-26e3-11e3-b75d-5b7f66349852_story.html\" target=\"_blank\" rel=\"noopener\">http:\/\/www.washingtonpost.com\/world\/national-security\/most-of-syrias-toxins-can-be-destroyed-more-easily-than-officials-initially-thought\/2013\/09\/26\/66cd1ca2-26e3-11e3-b75d-5b7f66349852_story.html<\/a><\/p>\n","protected":false},"excerpt":{"rendered":"<p>Nem bevethet\u0151 form\u00e1ban t\u00e1rolj\u00e1k a sz\u00edriai vegyi fegyverek t\u00f6bb mint k\u00e9tharmad\u00e1t, ez\u00e9rt azok viszonylag gyorsan \u00e9s egyszer\u0171en megsemmis\u00edthet\u0151k &#8211; \u00edrta honlapj\u00e1n egy szigor\u00faan bizalmas amerikai-orosz jelent\u00e9sre hivatkozva a The Washington Post amerikai napilap p\u00e9nteken.<\/p>\n","protected":false},"author":1,"featured_media":1302,"comment_status":"open","ping_status":"closed","sticky":false,"template":"","format":"standard","meta":[],"categories":[1,16,116],"tags":[],"_links":{"self":[{"href":"https:\/\/gazdasagportal.hu\/index.php\/wp-json\/wp\/v2\/posts\/17450"}],"collection":[{"href":"https:\/\/gazdasagportal.hu\/index.php\/wp-json\/wp\/v2\/posts"}],"about":[{"href":"https:\/\/gazdasagportal.hu\/index.php\/wp-json\/wp\/v2\/types\/post"}],"author":[{"embeddable":true,"href":"https:\/\/gazdasagportal.hu\/index.php\/wp-json\/wp\/v2\/users\/1"}],"replies":[{"embeddable":true,"href":"https:\/\/gazdasagportal.hu\/index.php\/wp-json\/wp\/v2\/comments?post=17450"}],"version-history":[{"count":1,"href":"https:\/\/gazdasagportal.hu\/index.php\/wp-json\/wp\/v2\/posts\/17450\/revisions"}],"predecessor-version":[{"id":17451,"href":"https:\/\/gazdasagportal.hu\/index.php\/wp-json\/wp\/v2\/posts\/17450\/revisions\/17451"}],"wp:featuredmedia":[{"embeddable":true,"href":"https:\/\/gazdasagportal.hu\/index.php\/wp-json\/wp\/v2\/media\/1302"}],"wp:attachment":[{"href":"https:\/\/gazdasagportal.hu\/index.php\/wp-json\/wp\/v2\/media?parent=17450"}],"wp:term":[{"taxonomy":"category","embeddable":true,"href":"https:\/\/gazdasagportal.hu\/index.php\/wp-json\/wp\/v2\/categories?post=17450"},{"taxonomy":"post_tag","embeddable":true,"href":"https:\/\/gazdasagportal.hu\/index.php\/wp-json\/wp\/v2\/tags?post=17450"}],"curies":[{"name":"wp","href":"https:\/\/api.w.org\/{rel}","templated":true}]}}