{"id":17260,"date":"2013-09-25T14:31:10","date_gmt":"2013-09-25T12:31:10","guid":{"rendered":"http:\/\/stockportal.hu\/?p=17260"},"modified":"2013-09-25T14:31:14","modified_gmt":"2013-09-25T12:31:14","slug":"jobbik-a-kormanynak-a-munkahelyek-minosegen-kell-javitania","status":"publish","type":"post","link":"https:\/\/gazdasagportal.hu\/index.php\/jobbik-a-kormanynak-a-munkahelyek-minosegen-kell-javitania\/","title":{"rendered":"Jobbik: a korm\u00e1nynak a munkahelyek min\u0151s\u00e9g\u00e9n kell jav\u00edtania"},"content":{"rendered":"<p><strong>A Jobbik eln\u00f6ke szerint a korm\u00e1nynak a meg\u00edg\u00e9rt mennyis\u00e9gi n\u00f6veked\u00e9s mellett a munkahelyek min\u0151s\u00e9g\u00e9t is jav\u00edtania kellene. Err\u0151l Vona G\u00e1bor besz\u00e9lt szerdai sajt\u00f3t\u00e1j\u00e9koztat\u00f3j\u00e1n.<!--more--><\/strong><\/p>\n<p>\u00dagy fogalmazott: a v\u00e1laszt\u00e1sokat megel\u0151z\u0151 \u00edg\u00e9reteikkel ellent\u00e9tben a korm\u00e1ny tev\u00e9kenys\u00e9ge mennyis\u00e9gileg &#8222;egy\u00e9rtelm\u0171 kudarc, csak b\u0171v\u00e9szked\u00e9s zajlik a k\u00f6zfoglalkoztatotts\u00e1g sz\u00e1maival, de ett\u0151l az \u00e9rdemi munkahelyek sz\u00e1ma nem n\u0151tt&#8221;. Vona G\u00e1bor eml\u00e9keztetett r\u00e1: a Fidesz egyik legfontosabb v\u00e1laszt\u00e1si \u00edg\u00e9rete az volt, hogy 10 \u00e9v alatt egymilli\u00f3 \u00faj munkahelyet teremt.<br \/>\nSzerinte ugyanakkor a mennyis\u00e9gi szempontok mellett nagyon kev\u00e9s sz\u00f3 esik a min\u0151s\u00e9gi k\u00e9rd\u00e9sekr\u0151l: hogy milyen munkahelyeket teremtsen a korm\u00e1ny, ha egy\u00e1ltal\u00e1n tud \u00fajakat teremteni. Jelenleg a legt\u00f6bb embert foglalkoztat\u00f3 multinacion\u00e1lis c\u00e9gek az olcs\u00f3 munkaer\u0151re \u00e9p\u00fclnek, alacsony b\u00e9rsz\u00ednvonallal \u00e9s &#8222;kritiz\u00e1lhat\u00f3 munkak\u00f6r\u00fclm\u00e9nyekkel&#8221; \u00e9s ezen a ter\u00fcleten a Jobbik szerint mindenk\u00e9ppen jav\u00edtania kell a korm\u00e1nynak.<br \/>\n\u00c9ppen ez\u00e9rt Vona G\u00e1bor ismertette: p\u00e1rtja azt k\u00e9ri a korm\u00e1nyt\u00f3l, hogy a magyarorsz\u00e1gi munkaer\u0151 b\u00e9rfelz\u00e1rk\u00f3ztat\u00e1sa \u00e9rdek\u00e9ben csak olyan strat\u00e9giai meg\u00e1llapod\u00e1st k\u00f6ss\u00f6n c\u00e9gekkel, amelyek tartalmazz\u00e1k: ugyanaz\u00e9rt a munk\u00e1\u00e9rt a magyar munkav\u00e1llal\u00f3k fizet\u00e9se legal\u00e1bb a nyugat-eur\u00f3pai t\u00e1rsaik b\u00e9r\u00e9nek 80 sz\u00e1zal\u00e9k\u00e1t \u00e9rje el.<br \/>\nAmennyiben a Jobbik korm\u00e1nyra ker\u00fcl, \u00fagy a 2014 \u00e9s 2018 k\u00f6z\u00f6tti ciklusban azt pr\u00f3b\u00e1lja majd el\u00e9rni, hogy Magyarorsz\u00e1g ne csak \u00e1rakban, hanem a b\u00e9rekben is z\u00e1rk\u00f3zzon fel az Eur\u00f3pai Uni\u00f3hoz &#8211; tette hozz\u00e1 Vona G\u00e1bor.(MTI)<\/p>\n","protected":false},"excerpt":{"rendered":"<p>A Jobbik eln\u00f6ke szerint a korm\u00e1nynak a meg\u00edg\u00e9rt mennyis\u00e9gi n\u00f6veked\u00e9s mellett a munkahelyek min\u0151s\u00e9g\u00e9t is jav\u00edtania kellene. Err\u0151l Vona G\u00e1bor besz\u00e9lt szerdai sajt\u00f3t\u00e1j\u00e9koztat\u00f3j\u00e1n.<\/p>\n","protected":false},"author":1,"featured_media":0,"comment_status":"open","ping_status":"closed","sticky":false,"template":"","format":"standard","meta":[],"categories":[18],"tags":[],"_links":{"self":[{"href":"https:\/\/gazdasagportal.hu\/index.php\/wp-json\/wp\/v2\/posts\/17260"}],"collection":[{"href":"https:\/\/gazdasagportal.hu\/index.php\/wp-json\/wp\/v2\/posts"}],"about":[{"href":"https:\/\/gazdasagportal.hu\/index.php\/wp-json\/wp\/v2\/types\/post"}],"author":[{"embeddable":true,"href":"https:\/\/gazdasagportal.hu\/index.php\/wp-json\/wp\/v2\/users\/1"}],"replies":[{"embeddable":true,"href":"https:\/\/gazdasagportal.hu\/index.php\/wp-json\/wp\/v2\/comments?post=17260"}],"version-history":[{"count":3,"href":"https:\/\/gazdasagportal.hu\/index.php\/wp-json\/wp\/v2\/posts\/17260\/revisions"}],"predecessor-version":[{"id":17262,"href":"https:\/\/gazdasagportal.hu\/index.php\/wp-json\/wp\/v2\/posts\/17260\/revisions\/17262"}],"wp:attachment":[{"href":"https:\/\/gazdasagportal.hu\/index.php\/wp-json\/wp\/v2\/media?parent=17260"}],"wp:term":[{"taxonomy":"category","embeddable":true,"href":"https:\/\/gazdasagportal.hu\/index.php\/wp-json\/wp\/v2\/categories?post=17260"},{"taxonomy":"post_tag","embeddable":true,"href":"https:\/\/gazdasagportal.hu\/index.php\/wp-json\/wp\/v2\/tags?post=17260"}],"curies":[{"name":"wp","href":"https:\/\/api.w.org\/{rel}","templated":true}]}}