{"id":17233,"date":"2013-09-25T10:05:47","date_gmt":"2013-09-25T08:05:47","guid":{"rendered":"http:\/\/stockportal.hu\/?p=17233"},"modified":"2013-09-25T10:05:47","modified_gmt":"2013-09-25T08:05:47","slug":"horvat-lap-szerint-lezarul-a-legnagyobb-jogi-vita-horvatorszag-es-az-eu-kozott","status":"publish","type":"post","link":"https:\/\/gazdasagportal.hu\/index.php\/horvat-lap-szerint-lezarul-a-legnagyobb-jogi-vita-horvatorszag-es-az-eu-kozott\/","title":{"rendered":"Horv\u00e1t lap szerint lez\u00e1rul a legnagyobb jogi vita Horv\u00e1torsz\u00e1g \u00e9s az EU k\u00f6z\u00f6tt"},"content":{"rendered":"<p><strong>Szerd\u00e1n v\u00e9get \u00e9r a Horv\u00e1torsz\u00e1ggal szembeni lehets\u00e9ges eur\u00f3pai uni\u00f3s szankci\u00f3kr\u00f3l, valamint az \u00fagynevezett Lex Perkovicr\u00f3l sz\u00f3l\u00f3 vita Z\u00e1gr\u00e1b \u00e9s az Eur\u00f3pai Bizotts\u00e1g k\u00f6z\u00f6tt &#8211; \u00edrta br\u00fcsszeli forr\u00e1sokra hivatkozva szerd\u00e1n internetes oldal\u00e1n a Jutarnji List c\u00edm\u0171 z\u00e1gr\u00e1bi napilap.<!--more--><\/strong><\/p>\n<p>A lap inform\u00e1ci\u00f3i szerint Viviane Reding alapjogi biztos \u00e9s Orsat Miljenic horv\u00e1t igazs\u00e1g\u00fcgyi miniszter szerd\u00e1n Br\u00fcsszelben t\u00e1rgyal, \u00e9s m\u00e1r el\u0151re egy lehets\u00e9ges k\u00f6z\u00f6s sajt\u00f3t\u00e1j\u00e9koztat\u00f3t jelentettek be. M\u00e1rpedig a Jutarnji List br\u00fcsszeli forr\u00e1sai szerint &#8222;biztosan nem jelenn\u00e9nek meg a nyilv\u00e1noss\u00e1g el\u0151tt az\u00e9rt, hogy v\u00e1daskodjanak&#8221;.<br \/>\nA z\u00e1gr\u00e1bi lap nem k\u00f6z\u00f6lt r\u00e9szleteket arr\u00f3l, milyen megold\u00e1st tal\u00e1lhattak, amely a horv\u00e1t \u00e1llam \u00e9s az Eur\u00f3pai Bizotts\u00e1g sz\u00e1m\u00e1ra is megfelel\u0151, ezek ismertet\u00e9s\u00e9t a sajt\u00f3t\u00e1j\u00e9koztat\u00f3t\u00f3l v\u00e1rja.<br \/>\nAz \u00fagynevezett Lex Perkovic az Eur\u00f3pai Bizotts\u00e1g szerint s\u00e9rti az uni\u00f3s jogot, mert a horv\u00e1t parlament mind\u00f6ssze n\u00e9h\u00e1ny nappal Horv\u00e1torsz\u00e1g uni\u00f3s csatlakoz\u00e1sa el\u0151tt m\u00f3dos\u00edtotta az eur\u00f3pai elfogat\u00f3parancs v\u00e9grehajt\u00e1s\u00e1r\u00f3l sz\u00f3l\u00f3 horv\u00e1t jogszab\u00e1lyt, m\u00e9gpedig \u00fagy, hogy csak azokat az embereket kelljen ilyen dokumentum alapj\u00e1n m\u00e1s uni\u00f3s orsz\u00e1goknak kiadnia, akiket 2002. augusztus 7. ut\u00e1n elk\u00f6vetett b\u0171ncselekm\u00e9nyek miatt keresnek. A m\u00f3dos\u00edt\u00e1sr\u00f3l Z\u00e1gr\u00e1b nem egyeztetett Br\u00fcsszellel.<br \/>\nA t\u00f6rv\u00e9nym\u00f3dos\u00edt\u00e1s \u00e9rtelm\u00e9ben Z\u00e1gr\u00e1b nem k\u00f6teles elfogni \u00e9s kiadni N\u00e9metorsz\u00e1gnak Josip Perkovicot, az egykori jugoszl\u00e1v titkosszolg\u00e1lat, az UDBA kor\u00e1bbi tisztj\u00e9t. A n\u00e9met hat\u00f3s\u00e1gok szerint 1983-ban \u0151 adta ki a parancsot, hogy a jugoszl\u00e1v titkos \u00fcgyn\u00f6k\u00f6k \u00f6ljenek meg egy NSZK-ban \u00e9l\u0151 jugoszl\u00e1v-horv\u00e1t emigr\u00e1nst.(MTI)<\/p>\n","protected":false},"excerpt":{"rendered":"<p>Szerd\u00e1n v\u00e9get \u00e9r a Horv\u00e1torsz\u00e1ggal szembeni lehets\u00e9ges eur\u00f3pai uni\u00f3s szankci\u00f3kr\u00f3l, valamint az \u00fagynevezett Lex Perkovicr\u00f3l sz\u00f3l\u00f3 vita Z\u00e1gr\u00e1b \u00e9s az Eur\u00f3pai Bizotts\u00e1g k\u00f6z\u00f6tt &#8211; \u00edrta br\u00fcsszeli forr\u00e1sokra hivatkozva szerd\u00e1n internetes oldal\u00e1n a Jutarnji List c\u00edm\u0171 z\u00e1gr\u00e1bi napilap.<\/p>\n","protected":false},"author":1,"featured_media":0,"comment_status":"open","ping_status":"closed","sticky":false,"template":"","format":"standard","meta":[],"categories":[12],"tags":[],"_links":{"self":[{"href":"https:\/\/gazdasagportal.hu\/index.php\/wp-json\/wp\/v2\/posts\/17233"}],"collection":[{"href":"https:\/\/gazdasagportal.hu\/index.php\/wp-json\/wp\/v2\/posts"}],"about":[{"href":"https:\/\/gazdasagportal.hu\/index.php\/wp-json\/wp\/v2\/types\/post"}],"author":[{"embeddable":true,"href":"https:\/\/gazdasagportal.hu\/index.php\/wp-json\/wp\/v2\/users\/1"}],"replies":[{"embeddable":true,"href":"https:\/\/gazdasagportal.hu\/index.php\/wp-json\/wp\/v2\/comments?post=17233"}],"version-history":[{"count":2,"href":"https:\/\/gazdasagportal.hu\/index.php\/wp-json\/wp\/v2\/posts\/17233\/revisions"}],"predecessor-version":[{"id":17235,"href":"https:\/\/gazdasagportal.hu\/index.php\/wp-json\/wp\/v2\/posts\/17233\/revisions\/17235"}],"wp:attachment":[{"href":"https:\/\/gazdasagportal.hu\/index.php\/wp-json\/wp\/v2\/media?parent=17233"}],"wp:term":[{"taxonomy":"category","embeddable":true,"href":"https:\/\/gazdasagportal.hu\/index.php\/wp-json\/wp\/v2\/categories?post=17233"},{"taxonomy":"post_tag","embeddable":true,"href":"https:\/\/gazdasagportal.hu\/index.php\/wp-json\/wp\/v2\/tags?post=17233"}],"curies":[{"name":"wp","href":"https:\/\/api.w.org\/{rel}","templated":true}]}}