{"id":17125,"date":"2013-09-24T07:39:44","date_gmt":"2013-09-24T05:39:44","guid":{"rendered":"http:\/\/stockportal.hu\/?p=17125"},"modified":"2013-10-07T07:53:43","modified_gmt":"2013-10-07T05:53:43","slug":"obama-talalkozik-a-kongresszusi-vezetokkel-a-kormanyfinanszirozas-ugyeben","status":"publish","type":"post","link":"https:\/\/gazdasagportal.hu\/index.php\/obama-talalkozik-a-kongresszusi-vezetokkel-a-kormanyfinanszirozas-ugyeben\/","title":{"rendered":"Obama tal\u00e1lkozik a kongresszusi vezet\u0151kkel a korm\u00e1nyfinansz\u00edroz\u00e1s \u00fcgy\u00e9ben"},"content":{"rendered":"<p><strong>Barack Obama amerikai eln\u00f6k val\u00f3sz\u00edn\u0171leg tal\u00e1lkozni fog a kongresszus vezet\u0151ivel a szeptember 30-ai hat\u00e1rid\u0151 el\u0151tt, amikor kifutnak a sz\u00f6vets\u00e9gi \u00e1llam finansz\u00edroz\u00e1s\u00e1nak keretei, de \u00fagy v\u00e9li, hogy a korm\u00e1ny fizet\u00e9sk\u00e9ptelenn\u00e9 v\u00e1l\u00e1s\u00e1nak elker\u00fcl\u00e9s\u00e9r\u0151l mag\u00e1nak a t\u00f6rv\u00e9nyhoz\u00e1snak kell meg\u00e1llapodnia &#8211; k\u00f6z\u00f6lte h\u00e9tf\u0151n a Feh\u00e9r H\u00e1z sz\u00f3viv\u0151je.<!--more--><\/strong><\/p>\n<p>Jay Carney h\u00e9t nappal a potenci\u00e1lis kr\u00edzis be\u00e1llta el\u0151tt nem tudta megmondani a tal\u00e1lkoz\u00f3 hely\u00e9t, \u00e9s hangoztatta, hogy a kongresszusnak felel\u0151ss\u00e9gteljesen kell elj\u00e1rnia a technikai cs\u0151d elker\u00fcl\u00e9se \u00e9rdek\u00e9ben.<br \/>\nA k\u00e9pvisel\u0151h\u00e1z m\u00falt p\u00e9nteken fogadta el a korm\u00e1nykiad\u00e1sok finansz\u00edroz\u00e1s\u00e1nak folytat\u00e1s\u00e1t okt\u00f3ber 1-j\u00e9t\u0151l december 15-ig lehet\u0151v\u00e9 t\u00e9v\u0151 t\u00f6rv\u00e9nyjavaslatot, amely azonban elvonn\u00e1 a p\u00e9nz\u00fcgyi t\u00e1mogat\u00e1st Obama eln\u00f6k sz\u00f6vets\u00e9gi eg\u00e9szs\u00e9g\u00fcgyi t\u00f6rv\u00e9ny\u00e9t\u0151l.<br \/>\nA t\u00f6rv\u00e9nyjavaslat konfront\u00e1ci\u00f3s p\u00e1ly\u00e1ra helyezte a republik\u00e1nus t\u00f6bbs\u00e9g\u0171 k\u00e9pvisel\u0151h\u00e1zat a demokrata t\u00f6bbs\u00e9g\u0171 szen\u00e1tussal, amely val\u00f3sz\u00edn\u0171leg t\u00f6rli majd az &#8222;Obamacare&#8221; program finansz\u00edroz\u00e1s\u00e1t elvon\u00f3 t\u00e9telt a tervezetb\u0151l, \u00e9s \u00fagy k\u00fcldi vissza a k\u00e9pvisel\u0151h\u00e1znak fel\u00fclvizsg\u00e1latra.<br \/>\nA korm\u00e1nyzati kiad\u00e1sok finansz\u00edroz\u00e1s\u00e1t biztos\u00edt\u00f3 t\u00f6rv\u00e9nyt szeptember 30-\u00e1ig kell elfogadni az \u00e1llamcs\u0151d elker\u00fcl\u00e9s\u00e9nek \u00e9rdek\u00e9ben. Jack Lew p\u00e9nz\u00fcgyminiszter szerint az \u00e1llami kiad\u00e1sok okt\u00f3ber k\u00f6zep\u00e9n \u00e9rhetik el a t\u00f6rv\u00e9nyes 16,7 milli\u00e1rd doll\u00e1ros &#8222;ad\u00f3ss\u00e1gplafont&#8221;, vagyis azt a limitet, amelynek megemel\u00e9se n\u00e9lk\u00fcl a sz\u00f6vets\u00e9gi korm\u00e1ny nem tudja majd fedezni kiad\u00e1sait.<br \/>\nMivel az Egyes\u00fclt \u00c1llamoknak nincs elfogadott k\u00f6lts\u00e9gvet\u00e9se az okt\u00f3ber 1-j\u00e9n kezd\u0151d\u0151 p\u00e9nz\u00fcgyi \u00e9vre, a k\u00e9pvisel\u0151h\u00e1z \u00e1ltal megszavazott, december 15-\u00e9ig tart\u00f3 p\u00e9nz\u00fcgyi terv biztos\u00edtan\u00e1 a sz\u00f6vets\u00e9gi korm\u00e1ny foly\u00f3 kiad\u00e1sainak fedez\u00e9s\u00e9t, kiv\u00e9ve az Obamacare n\u00e9ven emlegetett eg\u00e9szs\u00e9g\u00fcgyi reform\u00e9t. Ugyanakkor minim\u00e1lis es\u00e9ly sincs arra, hogy a szen\u00e1tus is elfogadja a tervet. A sz\u00f6vets\u00e9gi korm\u00e1nyzat leb\u00e9nul\u00e1s\u00e1val fenyeget, ha a feleknek szeptember 30-\u00e1ig nem siker\u00fcl meg\u00e1llapodni egy \u00e1thidal\u00f3 megold\u00e1sban.(MTI)<\/p>\n","protected":false},"excerpt":{"rendered":"<p>Barack Obama amerikai eln\u00f6k val\u00f3sz\u00edn\u0171leg tal\u00e1lkozni fog a kongresszus vezet\u0151ivel a szeptember 30-ai hat\u00e1rid\u0151 el\u0151tt, amikor kifutnak a sz\u00f6vets\u00e9gi \u00e1llam finansz\u00edroz\u00e1s\u00e1nak keretei, de \u00fagy v\u00e9li, hogy a korm\u00e1ny fizet\u00e9sk\u00e9ptelenn\u00e9 v\u00e1l\u00e1s\u00e1nak elker\u00fcl\u00e9s\u00e9r\u0151l mag\u00e1nak a t\u00f6rv\u00e9nyhoz\u00e1snak kell meg\u00e1llapodnia &#8211; k\u00f6z\u00f6lte h\u00e9tf\u0151n a Feh\u00e9r H\u00e1z sz\u00f3viv\u0151je.<\/p>\n","protected":false},"author":1,"featured_media":0,"comment_status":"open","ping_status":"closed","sticky":false,"template":"","format":"standard","meta":[],"categories":[13],"tags":[124],"_links":{"self":[{"href":"https:\/\/gazdasagportal.hu\/index.php\/wp-json\/wp\/v2\/posts\/17125"}],"collection":[{"href":"https:\/\/gazdasagportal.hu\/index.php\/wp-json\/wp\/v2\/posts"}],"about":[{"href":"https:\/\/gazdasagportal.hu\/index.php\/wp-json\/wp\/v2\/types\/post"}],"author":[{"embeddable":true,"href":"https:\/\/gazdasagportal.hu\/index.php\/wp-json\/wp\/v2\/users\/1"}],"replies":[{"embeddable":true,"href":"https:\/\/gazdasagportal.hu\/index.php\/wp-json\/wp\/v2\/comments?post=17125"}],"version-history":[{"count":2,"href":"https:\/\/gazdasagportal.hu\/index.php\/wp-json\/wp\/v2\/posts\/17125\/revisions"}],"predecessor-version":[{"id":17131,"href":"https:\/\/gazdasagportal.hu\/index.php\/wp-json\/wp\/v2\/posts\/17125\/revisions\/17131"}],"wp:attachment":[{"href":"https:\/\/gazdasagportal.hu\/index.php\/wp-json\/wp\/v2\/media?parent=17125"}],"wp:term":[{"taxonomy":"category","embeddable":true,"href":"https:\/\/gazdasagportal.hu\/index.php\/wp-json\/wp\/v2\/categories?post=17125"},{"taxonomy":"post_tag","embeddable":true,"href":"https:\/\/gazdasagportal.hu\/index.php\/wp-json\/wp\/v2\/tags?post=17125"}],"curies":[{"name":"wp","href":"https:\/\/api.w.org\/{rel}","templated":true}]}}