{"id":17056,"date":"2013-09-23T07:33:47","date_gmt":"2013-09-23T05:33:47","guid":{"rendered":"http:\/\/stockportal.hu\/?p=17056"},"modified":"2013-09-23T07:33:57","modified_gmt":"2013-09-23T05:33:57","slug":"nairobi-merenylet-harom-amerikai-lehet-a-tamadok-kozott","status":"publish","type":"post","link":"https:\/\/gazdasagportal.hu\/index.php\/nairobi-merenylet-harom-amerikai-lehet-a-tamadok-kozott\/","title":{"rendered":"Nairobi mer\u00e9nylet &#8211; H\u00e1rom amerikai lehet a t\u00e1mad\u00f3k k\u00f6z\u00f6tt"},"content":{"rendered":"<p><strong>A nairobi bev\u00e1s\u00e1rl\u00f3k\u00f6zpont ellen elk\u00f6vetett terrort\u00e1mad\u00e1sban h\u00e1rom amerikai is r\u00e9szt vett &#8211; k\u00f6z\u00f6lte vas\u00e1rnap Twitter-\u00fczenetben a gyilkos akci\u00f3t elk\u00f6vet\u0151, as-Sabab nev\u0171, az al-Kaida nemzetk\u00f6zi terrorszervezettel kapcsolatban \u00e1ll\u00f3 szom\u00e1liai iszlamista szervezet.<!--more--><\/strong><\/p>\n<p>A CNN \u00e1ltal megsz\u00f3laltatott szak\u00e9rt\u0151k szerint egyel\u0151re nem vil\u00e1gos, hogy a h\u00e1rom f\u00e9rfi amerikai \u00e1llampolg\u00e1r-e vagy kor\u00e1bban az Egyes\u00fclt \u00c1llamokban \u00e9lt. Az azonban ismeretes, hogy az as-Sabab az amerikai f\u00f6ldr\u00e9szen is kifejt toborz\u00f3 tev\u00e9kenys\u00e9get.<br \/>\nA terrorszervezet szerint a Westgate \u00fczletk\u00f6zpont elleni t\u00e1mad\u00e1sban r\u00e9szt vett a minnesotai St. Paulb\u00f3l val\u00f3, 22 \u00e9ves Ahmed Mohamed Isse, a 24 \u00e9ves, minneapolisi Abdifatah Osman Keenadiid \u00e9s a 27 \u00e9ves Gen Mustafe Noorudiin is a Missouri \u00e1llambeli Kansas Cityb\u0151l. Az as-Sabab szerint a t\u00f6bbi t\u00e1mad\u00f3 Finnorsz\u00e1gb\u00f3l, Kanad\u00e1b\u00f3l, Nagy-Britanni\u00e1b\u00f3l, Szom\u00e1li\u00e1b\u00f3l \u00e9s Keny\u00e1b\u00f3l val\u00f3.<br \/>\nA sajt\u00f3jelent\u00e9sek szerint a szom\u00e1liai Mogadishuban az elm\u00falt h\u00e1rom \u00e9v sor\u00e1n h\u00e1rom Minnesot\u00e1b\u00f3l val\u00f3 amerikai \u00e1llampolg\u00e1r \u2014 Abdisalan Hussein Ali, Farah Mohamed Beledi \u00e9s Shirwa Ahmed \u2014 k\u00f6vetett el \u00f6ngyilkos mer\u00e9nyleteket.<br \/>\nBarack Obama amerikai eln\u00f6k vas\u00e1rnap telefonon fejezte ki egy\u00fctt\u00e9rz\u00e9s\u00e9t Uhuru Kenyatta kenyai \u00e1llamf\u0151nek, \u00e9s seg\u00edts\u00e9get \u00edg\u00e9rt az afrikai orsz\u00e1gnak a terrorist\u00e1k felel\u0151ss\u00e9gre von\u00e1s\u00e1ban.<br \/>\nA nairobi bev\u00e1s\u00e1rl\u00f3k\u00f6zpont ellen elk\u00f6vetett terrort\u00e1mad\u00e1sban \u00f6t amerikai \u00e1llampolg\u00e1r sebes\u00fclt meg.(MTI)<\/p>\n","protected":false},"excerpt":{"rendered":"<p>A nairobi bev\u00e1s\u00e1rl\u00f3k\u00f6zpont ellen elk\u00f6vetett terrort\u00e1mad\u00e1sban h\u00e1rom amerikai is r\u00e9szt vett &#8211; k\u00f6z\u00f6lte vas\u00e1rnap Twitter-\u00fczenetben a gyilkos akci\u00f3t elk\u00f6vet\u0151, as-Sabab nev\u0171, az al-Kaida nemzetk\u00f6zi terrorszervezettel kapcsolatban \u00e1ll\u00f3 szom\u00e1liai iszlamista szervezet.<\/p>\n","protected":false},"author":1,"featured_media":0,"comment_status":"open","ping_status":"closed","sticky":false,"template":"","format":"standard","meta":[],"categories":[17,13],"tags":[],"_links":{"self":[{"href":"https:\/\/gazdasagportal.hu\/index.php\/wp-json\/wp\/v2\/posts\/17056"}],"collection":[{"href":"https:\/\/gazdasagportal.hu\/index.php\/wp-json\/wp\/v2\/posts"}],"about":[{"href":"https:\/\/gazdasagportal.hu\/index.php\/wp-json\/wp\/v2\/types\/post"}],"author":[{"embeddable":true,"href":"https:\/\/gazdasagportal.hu\/index.php\/wp-json\/wp\/v2\/users\/1"}],"replies":[{"embeddable":true,"href":"https:\/\/gazdasagportal.hu\/index.php\/wp-json\/wp\/v2\/comments?post=17056"}],"version-history":[{"count":3,"href":"https:\/\/gazdasagportal.hu\/index.php\/wp-json\/wp\/v2\/posts\/17056\/revisions"}],"predecessor-version":[{"id":17058,"href":"https:\/\/gazdasagportal.hu\/index.php\/wp-json\/wp\/v2\/posts\/17056\/revisions\/17058"}],"wp:attachment":[{"href":"https:\/\/gazdasagportal.hu\/index.php\/wp-json\/wp\/v2\/media?parent=17056"}],"wp:term":[{"taxonomy":"category","embeddable":true,"href":"https:\/\/gazdasagportal.hu\/index.php\/wp-json\/wp\/v2\/categories?post=17056"},{"taxonomy":"post_tag","embeddable":true,"href":"https:\/\/gazdasagportal.hu\/index.php\/wp-json\/wp\/v2\/tags?post=17056"}],"curies":[{"name":"wp","href":"https:\/\/api.w.org\/{rel}","templated":true}]}}